{"id":5023,"date":"2023-11-12T17:31:05","date_gmt":"2023-11-12T17:31:05","guid":{"rendered":"https:\/\/livingmultimediosde.net.ar\/INDEX\/?p=5023"},"modified":"2023-11-12T17:31:05","modified_gmt":"2023-11-12T17:31:05","slug":"el-hcd-en-la-habilitacion-de-semaforo-en-el-barrio-los-inmigrantes","status":"publish","type":"post","link":"https:\/\/livingmultimediosde.net.ar\/INDEX\/2023\/11\/el-hcd-en-la-habilitacion-de-semaforo-en-el-barrio-los-inmigrantes\/","title":{"rendered":"EL HCD EN LA HABILITACI\u00d3N DE SEM\u00c1FORO EN EL BARRIO LOS INMIGRANTES"},"content":{"rendered":"<p>10.11.23. En la ma\u00f1ana de viernes ultimo, se dej\u00f3 habilitado el sem\u00e1foro de calles Aguirre y Espa\u00f1a del barrio los Inmigrantes.<br \/>\nAcompa\u00f1aron a la intendente Norma Fuentes, el presidente Humberto Eduardo Santill\u00e1n y los concejales Mario Nazer A\u00edda Luz Soria y Gustavo Salvatierra Rodr\u00edguez, junto a funcionarios municipales y vecinos.<\/p>\n<figure class=\"wp-block-gallery has-nested-images columns-default is-cropped wp-block-gallery-1 is-layout-flex wp-block-gallery-is-layout-flex\" data-carousel-extra=\"{&quot;blog_id&quot;:1,&quot;permalink&quot;:&quot;https:\\\/\\\/cdsde.com.ar\\\/index\\\/2023\\\/11\\\/11\\\/el-hcd-en-la-habilitacion-de-semaforo-en-el-barrio-los-inmigrantes\\\/&quot;}\">\n<figure class=\"wp-block-image size-large\"><img decoding=\"async\" data-src=\"https:\/\/cdsde.com.ar\/wp-content\/uploads\/2023\/11\/IMG-20231111-WA0082-1024x768.jpg\" data-srcset=\"https:\/\/cdsde.com.ar\/wp-content\/uploads\/2023\/11\/IMG-20231111-WA0082-1024x768.jpg 1024w, https:\/\/cdsde.com.ar\/wp-content\/uploads\/2023\/11\/IMG-20231111-WA0082-300x225.jpg 300w, https:\/\/cdsde.com.ar\/wp-content\/uploads\/2023\/11\/IMG-20231111-WA0082-768x576.jpg 768w, https:\/\/cdsde.com.ar\/wp-content\/uploads\/2023\/11\/IMG-20231111-WA0082-1536x1153.jpg 1536w, https:\/\/cdsde.com.ar\/wp-content\/uploads\/2023\/11\/IMG-20231111-WA0082.jpg 1599w\" class=\"wp-image-2230 jetpack-lazy-image jetpack-lazy-image--handled lazyload\" src=\"data:image\/gif;base64,R0lGODlhAQABAIAAAAAAAP\/\/\/yH5BAEAAAAALAAAAAABAAEAAAIBRAA7\" sizes=\"(max-width: 1024px) 100vw, 1024px\"  alt=\"\" width=\"1024\" height=\"768\" data-attachment-id=\"2230\" data-permalink=\"https:\/\/cdsde.com.ar\/index\/2023\/11\/11\/el-hcd-en-la-habilitacion-de-semaforo-en-el-barrio-los-inmigrantes\/img-20231111-wa0082\/\" data-orig-file=\"https:\/\/cdsde.com.ar\/wp-content\/uploads\/2023\/11\/IMG-20231111-WA0082.jpg\" data-orig-size=\"1599,1200\" data-comments-opened=\"1\" data-image-meta=\"{&quot;aperture&quot;:&quot;0&quot;,&quot;credit&quot;:&quot;&quot;,&quot;camera&quot;:&quot;&quot;,&quot;caption&quot;:&quot;&quot;,&quot;created_timestamp&quot;:&quot;0&quot;,&quot;copyright&quot;:&quot;&quot;,&quot;focal_length&quot;:&quot;0&quot;,&quot;iso&quot;:&quot;0&quot;,&quot;shutter_speed&quot;:&quot;0&quot;,&quot;title&quot;:&quot;&quot;,&quot;orientation&quot;:&quot;0&quot;}\" data-image-title=\"IMG-20231111-WA0082\" data-image-description=\"\" data-image-caption=\"\" data-medium-file=\"https:\/\/cdsde.com.ar\/wp-content\/uploads\/2023\/11\/IMG-20231111-WA0082-300x225.jpg\" data-large-file=\"https:\/\/cdsde.com.ar\/wp-content\/uploads\/2023\/11\/IMG-20231111-WA0082-1024x768.jpg\" data-id=\"2230\" data-lazy-loaded=\"1\" \/><noscript><img decoding=\"async\" class=\"wp-image-2230 jetpack-lazy-image jetpack-lazy-image--handled\" src=\"https:\/\/cdsde.com.ar\/wp-content\/uploads\/2023\/11\/IMG-20231111-WA0082-1024x768.jpg\" sizes=\"(max-width: 1024px) 100vw, 1024px\" srcset=\"https:\/\/cdsde.com.ar\/wp-content\/uploads\/2023\/11\/IMG-20231111-WA0082-1024x768.jpg 1024w, https:\/\/cdsde.com.ar\/wp-content\/uploads\/2023\/11\/IMG-20231111-WA0082-300x225.jpg 300w, https:\/\/cdsde.com.ar\/wp-content\/uploads\/2023\/11\/IMG-20231111-WA0082-768x576.jpg 768w, https:\/\/cdsde.com.ar\/wp-content\/uploads\/2023\/11\/IMG-20231111-WA0082-1536x1153.jpg 1536w, https:\/\/cdsde.com.ar\/wp-content\/uploads\/2023\/11\/IMG-20231111-WA0082.jpg 1599w\" alt=\"\" width=\"1024\" height=\"768\" data-attachment-id=\"2230\" data-permalink=\"https:\/\/cdsde.com.ar\/index\/2023\/11\/11\/el-hcd-en-la-habilitacion-de-semaforo-en-el-barrio-los-inmigrantes\/img-20231111-wa0082\/\" data-orig-file=\"https:\/\/cdsde.com.ar\/wp-content\/uploads\/2023\/11\/IMG-20231111-WA0082.jpg\" data-orig-size=\"1599,1200\" data-comments-opened=\"1\" data-image-meta=\"{&quot;aperture&quot;:&quot;0&quot;,&quot;credit&quot;:&quot;&quot;,&quot;camera&quot;:&quot;&quot;,&quot;caption&quot;:&quot;&quot;,&quot;created_timestamp&quot;:&quot;0&quot;,&quot;copyright&quot;:&quot;&quot;,&quot;focal_length&quot;:&quot;0&quot;,&quot;iso&quot;:&quot;0&quot;,&quot;shutter_speed&quot;:&quot;0&quot;,&quot;title&quot;:&quot;&quot;,&quot;orientation&quot;:&quot;0&quot;}\" data-image-title=\"IMG-20231111-WA0082\" data-image-description=\"\" data-image-caption=\"\" data-medium-file=\"https:\/\/cdsde.com.ar\/wp-content\/uploads\/2023\/11\/IMG-20231111-WA0082-300x225.jpg\" data-large-file=\"https:\/\/cdsde.com.ar\/wp-content\/uploads\/2023\/11\/IMG-20231111-WA0082-1024x768.jpg\" data-id=\"2230\" data-lazy-loaded=\"1\"><\/noscript><\/figure>\n<figure class=\"wp-block-image size-large\"><img decoding=\"async\" data-src=\"https:\/\/cdsde.com.ar\/wp-content\/uploads\/2023\/11\/IMG-20231111-WA0081-1024x768.jpg\" data-srcset=\"https:\/\/cdsde.com.ar\/wp-content\/uploads\/2023\/11\/IMG-20231111-WA0081-1024x768.jpg 1024w, https:\/\/cdsde.com.ar\/wp-content\/uploads\/2023\/11\/IMG-20231111-WA0081-300x225.jpg 300w, https:\/\/cdsde.com.ar\/wp-content\/uploads\/2023\/11\/IMG-20231111-WA0081-768x576.jpg 768w, https:\/\/cdsde.com.ar\/wp-content\/uploads\/2023\/11\/IMG-20231111-WA0081-1536x1153.jpg 1536w, https:\/\/cdsde.com.ar\/wp-content\/uploads\/2023\/11\/IMG-20231111-WA0081.jpg 1599w\" class=\"wp-image-2231 jetpack-lazy-image jetpack-lazy-image--handled lazyload\" src=\"data:image\/gif;base64,R0lGODlhAQABAIAAAAAAAP\/\/\/yH5BAEAAAAALAAAAAABAAEAAAIBRAA7\" sizes=\"(max-width: 1024px) 100vw, 1024px\"  alt=\"\" width=\"1024\" height=\"768\" data-attachment-id=\"2231\" data-permalink=\"https:\/\/cdsde.com.ar\/index\/2023\/11\/11\/el-hcd-en-la-habilitacion-de-semaforo-en-el-barrio-los-inmigrantes\/img-20231111-wa0081\/\" data-orig-file=\"https:\/\/cdsde.com.ar\/wp-content\/uploads\/2023\/11\/IMG-20231111-WA0081.jpg\" data-orig-size=\"1599,1200\" data-comments-opened=\"1\" data-image-meta=\"{&quot;aperture&quot;:&quot;0&quot;,&quot;credit&quot;:&quot;&quot;,&quot;camera&quot;:&quot;&quot;,&quot;caption&quot;:&quot;&quot;,&quot;created_timestamp&quot;:&quot;0&quot;,&quot;copyright&quot;:&quot;&quot;,&quot;focal_length&quot;:&quot;0&quot;,&quot;iso&quot;:&quot;0&quot;,&quot;shutter_speed&quot;:&quot;0&quot;,&quot;title&quot;:&quot;&quot;,&quot;orientation&quot;:&quot;0&quot;}\" data-image-title=\"IMG-20231111-WA0081\" data-image-description=\"\" data-image-caption=\"\" data-medium-file=\"https:\/\/cdsde.com.ar\/wp-content\/uploads\/2023\/11\/IMG-20231111-WA0081-300x225.jpg\" data-large-file=\"https:\/\/cdsde.com.ar\/wp-content\/uploads\/2023\/11\/IMG-20231111-WA0081-1024x768.jpg\" data-id=\"2231\" data-lazy-loaded=\"1\" \/><noscript><img decoding=\"async\" class=\"wp-image-2231 jetpack-lazy-image jetpack-lazy-image--handled\" src=\"https:\/\/cdsde.com.ar\/wp-content\/uploads\/2023\/11\/IMG-20231111-WA0081-1024x768.jpg\" sizes=\"(max-width: 1024px) 100vw, 1024px\" srcset=\"https:\/\/cdsde.com.ar\/wp-content\/uploads\/2023\/11\/IMG-20231111-WA0081-1024x768.jpg 1024w, https:\/\/cdsde.com.ar\/wp-content\/uploads\/2023\/11\/IMG-20231111-WA0081-300x225.jpg 300w, https:\/\/cdsde.com.ar\/wp-content\/uploads\/2023\/11\/IMG-20231111-WA0081-768x576.jpg 768w, https:\/\/cdsde.com.ar\/wp-content\/uploads\/2023\/11\/IMG-20231111-WA0081-1536x1153.jpg 1536w, https:\/\/cdsde.com.ar\/wp-content\/uploads\/2023\/11\/IMG-20231111-WA0081.jpg 1599w\" alt=\"\" width=\"1024\" height=\"768\" data-attachment-id=\"2231\" data-permalink=\"https:\/\/cdsde.com.ar\/index\/2023\/11\/11\/el-hcd-en-la-habilitacion-de-semaforo-en-el-barrio-los-inmigrantes\/img-20231111-wa0081\/\" data-orig-file=\"https:\/\/cdsde.com.ar\/wp-content\/uploads\/2023\/11\/IMG-20231111-WA0081.jpg\" data-orig-size=\"1599,1200\" data-comments-opened=\"1\" data-image-meta=\"{&quot;aperture&quot;:&quot;0&quot;,&quot;credit&quot;:&quot;&quot;,&quot;camera&quot;:&quot;&quot;,&quot;caption&quot;:&quot;&quot;,&quot;created_timestamp&quot;:&quot;0&quot;,&quot;copyright&quot;:&quot;&quot;,&quot;focal_length&quot;:&quot;0&quot;,&quot;iso&quot;:&quot;0&quot;,&quot;shutter_speed&quot;:&quot;0&quot;,&quot;title&quot;:&quot;&quot;,&quot;orientation&quot;:&quot;0&quot;}\" data-image-title=\"IMG-20231111-WA0081\" data-image-description=\"\" data-image-caption=\"\" data-medium-file=\"https:\/\/cdsde.com.ar\/wp-content\/uploads\/2023\/11\/IMG-20231111-WA0081-300x225.jpg\" data-large-file=\"https:\/\/cdsde.com.ar\/wp-content\/uploads\/2023\/11\/IMG-20231111-WA0081-1024x768.jpg\" data-id=\"2231\" data-lazy-loaded=\"1\"><\/noscript><\/figure>\n<figure class=\"wp-block-image size-large\"><img decoding=\"async\" data-src=\"https:\/\/cdsde.com.ar\/wp-content\/uploads\/2023\/11\/IMG-20231111-WA0080-1024x768.jpg\" data-srcset=\"https:\/\/cdsde.com.ar\/wp-content\/uploads\/2023\/11\/IMG-20231111-WA0080-1024x768.jpg 1024w, https:\/\/cdsde.com.ar\/wp-content\/uploads\/2023\/11\/IMG-20231111-WA0080-300x225.jpg 300w, https:\/\/cdsde.com.ar\/wp-content\/uploads\/2023\/11\/IMG-20231111-WA0080-768x576.jpg 768w, https:\/\/cdsde.com.ar\/wp-content\/uploads\/2023\/11\/IMG-20231111-WA0080-1536x1153.jpg 1536w, https:\/\/cdsde.com.ar\/wp-content\/uploads\/2023\/11\/IMG-20231111-WA0080.jpg 1599w\" class=\"wp-image-2232 jetpack-lazy-image jetpack-lazy-image--handled lazyload\" src=\"data:image\/gif;base64,R0lGODlhAQABAIAAAAAAAP\/\/\/yH5BAEAAAAALAAAAAABAAEAAAIBRAA7\" sizes=\"(max-width: 1024px) 100vw, 1024px\"  alt=\"\" width=\"1024\" height=\"768\" data-attachment-id=\"2232\" data-permalink=\"https:\/\/cdsde.com.ar\/index\/2023\/11\/11\/el-hcd-en-la-habilitacion-de-semaforo-en-el-barrio-los-inmigrantes\/img-20231111-wa0080\/\" data-orig-file=\"https:\/\/cdsde.com.ar\/wp-content\/uploads\/2023\/11\/IMG-20231111-WA0080.jpg\" data-orig-size=\"1599,1200\" data-comments-opened=\"1\" data-image-meta=\"{&quot;aperture&quot;:&quot;0&quot;,&quot;credit&quot;:&quot;&quot;,&quot;camera&quot;:&quot;&quot;,&quot;caption&quot;:&quot;&quot;,&quot;created_timestamp&quot;:&quot;0&quot;,&quot;copyright&quot;:&quot;&quot;,&quot;focal_length&quot;:&quot;0&quot;,&quot;iso&quot;:&quot;0&quot;,&quot;shutter_speed&quot;:&quot;0&quot;,&quot;title&quot;:&quot;&quot;,&quot;orientation&quot;:&quot;0&quot;}\" data-image-title=\"IMG-20231111-WA0080\" data-image-description=\"\" data-image-caption=\"\" data-medium-file=\"https:\/\/cdsde.com.ar\/wp-content\/uploads\/2023\/11\/IMG-20231111-WA0080-300x225.jpg\" data-large-file=\"https:\/\/cdsde.com.ar\/wp-content\/uploads\/2023\/11\/IMG-20231111-WA0080-1024x768.jpg\" data-id=\"2232\" data-lazy-loaded=\"1\" \/><noscript><img decoding=\"async\" class=\"wp-image-2232 jetpack-lazy-image jetpack-lazy-image--handled\" src=\"https:\/\/cdsde.com.ar\/wp-content\/uploads\/2023\/11\/IMG-20231111-WA0080-1024x768.jpg\" sizes=\"(max-width: 1024px) 100vw, 1024px\" srcset=\"https:\/\/cdsde.com.ar\/wp-content\/uploads\/2023\/11\/IMG-20231111-WA0080-1024x768.jpg 1024w, https:\/\/cdsde.com.ar\/wp-content\/uploads\/2023\/11\/IMG-20231111-WA0080-300x225.jpg 300w, https:\/\/cdsde.com.ar\/wp-content\/uploads\/2023\/11\/IMG-20231111-WA0080-768x576.jpg 768w, https:\/\/cdsde.com.ar\/wp-content\/uploads\/2023\/11\/IMG-20231111-WA0080-1536x1153.jpg 1536w, https:\/\/cdsde.com.ar\/wp-content\/uploads\/2023\/11\/IMG-20231111-WA0080.jpg 1599w\" alt=\"\" width=\"1024\" height=\"768\" data-attachment-id=\"2232\" data-permalink=\"https:\/\/cdsde.com.ar\/index\/2023\/11\/11\/el-hcd-en-la-habilitacion-de-semaforo-en-el-barrio-los-inmigrantes\/img-20231111-wa0080\/\" data-orig-file=\"https:\/\/cdsde.com.ar\/wp-content\/uploads\/2023\/11\/IMG-20231111-WA0080.jpg\" data-orig-size=\"1599,1200\" data-comments-opened=\"1\" data-image-meta=\"{&quot;aperture&quot;:&quot;0&quot;,&quot;credit&quot;:&quot;&quot;,&quot;camera&quot;:&quot;&quot;,&quot;caption&quot;:&quot;&quot;,&quot;created_timestamp&quot;:&quot;0&quot;,&quot;copyright&quot;:&quot;&quot;,&quot;focal_length&quot;:&quot;0&quot;,&quot;iso&quot;:&quot;0&quot;,&quot;shutter_speed&quot;:&quot;0&quot;,&quot;title&quot;:&quot;&quot;,&quot;orientation&quot;:&quot;0&quot;}\" data-image-title=\"IMG-20231111-WA0080\" data-image-description=\"\" data-image-caption=\"\" data-medium-file=\"https:\/\/cdsde.com.ar\/wp-content\/uploads\/2023\/11\/IMG-20231111-WA0080-300x225.jpg\" data-large-file=\"https:\/\/cdsde.com.ar\/wp-content\/uploads\/2023\/11\/IMG-20231111-WA0080-1024x768.jpg\" data-id=\"2232\" data-lazy-loaded=\"1\"><\/noscript><\/figure>\n<figure class=\"wp-block-image size-large\"><img decoding=\"async\" data-src=\"https:\/\/cdsde.com.ar\/wp-content\/uploads\/2023\/11\/IMG-20231111-WA0083-1024x768.jpg\" data-srcset=\"https:\/\/cdsde.com.ar\/wp-content\/uploads\/2023\/11\/IMG-20231111-WA0083-1024x768.jpg 1024w, https:\/\/cdsde.com.ar\/wp-content\/uploads\/2023\/11\/IMG-20231111-WA0083-300x225.jpg 300w, https:\/\/cdsde.com.ar\/wp-content\/uploads\/2023\/11\/IMG-20231111-WA0083-768x576.jpg 768w, https:\/\/cdsde.com.ar\/wp-content\/uploads\/2023\/11\/IMG-20231111-WA0083-1536x1153.jpg 1536w, https:\/\/cdsde.com.ar\/wp-content\/uploads\/2023\/11\/IMG-20231111-WA0083.jpg 1599w\" class=\"wp-image-2233 jetpack-lazy-image jetpack-lazy-image--handled lazyload\" src=\"data:image\/gif;base64,R0lGODlhAQABAIAAAAAAAP\/\/\/yH5BAEAAAAALAAAAAABAAEAAAIBRAA7\" sizes=\"(max-width: 1024px) 100vw, 1024px\"  alt=\"\" width=\"1024\" height=\"768\" data-attachment-id=\"2233\" data-permalink=\"https:\/\/cdsde.com.ar\/index\/2023\/11\/11\/el-hcd-en-la-habilitacion-de-semaforo-en-el-barrio-los-inmigrantes\/img-20231111-wa0083\/\" data-orig-file=\"https:\/\/cdsde.com.ar\/wp-content\/uploads\/2023\/11\/IMG-20231111-WA0083.jpg\" data-orig-size=\"1599,1200\" data-comments-opened=\"1\" data-image-meta=\"{&quot;aperture&quot;:&quot;0&quot;,&quot;credit&quot;:&quot;&quot;,&quot;camera&quot;:&quot;&quot;,&quot;caption&quot;:&quot;&quot;,&quot;created_timestamp&quot;:&quot;0&quot;,&quot;copyright&quot;:&quot;&quot;,&quot;focal_length&quot;:&quot;0&quot;,&quot;iso&quot;:&quot;0&quot;,&quot;shutter_speed&quot;:&quot;0&quot;,&quot;title&quot;:&quot;&quot;,&quot;orientation&quot;:&quot;0&quot;}\" data-image-title=\"IMG-20231111-WA0083\" data-image-description=\"\" data-image-caption=\"\" data-medium-file=\"https:\/\/cdsde.com.ar\/wp-content\/uploads\/2023\/11\/IMG-20231111-WA0083-300x225.jpg\" data-large-file=\"https:\/\/cdsde.com.ar\/wp-content\/uploads\/2023\/11\/IMG-20231111-WA0083-1024x768.jpg\" data-id=\"2233\" data-lazy-loaded=\"1\" \/><noscript><img decoding=\"async\" class=\"wp-image-2233 jetpack-lazy-image jetpack-lazy-image--handled\" src=\"https:\/\/cdsde.com.ar\/wp-content\/uploads\/2023\/11\/IMG-20231111-WA0083-1024x768.jpg\" sizes=\"(max-width: 1024px) 100vw, 1024px\" srcset=\"https:\/\/cdsde.com.ar\/wp-content\/uploads\/2023\/11\/IMG-20231111-WA0083-1024x768.jpg 1024w, https:\/\/cdsde.com.ar\/wp-content\/uploads\/2023\/11\/IMG-20231111-WA0083-300x225.jpg 300w, https:\/\/cdsde.com.ar\/wp-content\/uploads\/2023\/11\/IMG-20231111-WA0083-768x576.jpg 768w, https:\/\/cdsde.com.ar\/wp-content\/uploads\/2023\/11\/IMG-20231111-WA0083-1536x1153.jpg 1536w, https:\/\/cdsde.com.ar\/wp-content\/uploads\/2023\/11\/IMG-20231111-WA0083.jpg 1599w\" alt=\"\" width=\"1024\" height=\"768\" data-attachment-id=\"2233\" data-permalink=\"https:\/\/cdsde.com.ar\/index\/2023\/11\/11\/el-hcd-en-la-habilitacion-de-semaforo-en-el-barrio-los-inmigrantes\/img-20231111-wa0083\/\" data-orig-file=\"https:\/\/cdsde.com.ar\/wp-content\/uploads\/2023\/11\/IMG-20231111-WA0083.jpg\" data-orig-size=\"1599,1200\" data-comments-opened=\"1\" data-image-meta=\"{&quot;aperture&quot;:&quot;0&quot;,&quot;credit&quot;:&quot;&quot;,&quot;camera&quot;:&quot;&quot;,&quot;caption&quot;:&quot;&quot;,&quot;created_timestamp&quot;:&quot;0&quot;,&quot;copyright&quot;:&quot;&quot;,&quot;focal_length&quot;:&quot;0&quot;,&quot;iso&quot;:&quot;0&quot;,&quot;shutter_speed&quot;:&quot;0&quot;,&quot;title&quot;:&quot;&quot;,&quot;orientation&quot;:&quot;0&quot;}\" data-image-title=\"IMG-20231111-WA0083\" data-image-description=\"\" data-image-caption=\"\" data-medium-file=\"https:\/\/cdsde.com.ar\/wp-content\/uploads\/2023\/11\/IMG-20231111-WA0083-300x225.jpg\" data-large-file=\"https:\/\/cdsde.com.ar\/wp-content\/uploads\/2023\/11\/IMG-20231111-WA0083-1024x768.jpg\" data-id=\"2233\" data-lazy-loaded=\"1\"><\/noscript><\/figure>\n<\/figure>\n","protected":false},"excerpt":{"rendered":"<p>10.11.23. En la ma\u00f1ana de viernes ultimo, se dej\u00f3 habilitado el sem\u00e1foro de calles Aguirre y Espa\u00f1a del barrio los Inmigrantes. Acompa\u00f1aron a la intendente Norma Fuentes, el presidente Humberto Eduardo Santill\u00e1n y los concejales Mario Nazer A\u00edda Luz Soria y Gustavo Salvatierra Rodr\u00edguez, junto a funcionarios municipales y vecinos.<\/p>\n","protected":false},"author":1,"featured_media":0,"comment_status":"open","ping_status":"closed","sticky":false,"template":"","format":"standard","meta":{"footnotes":""},"categories":[3],"tags":[],"class_list":["post-5023","post","type-post","status-publish","format-standard","hentry","category-hcd-capital"],"rttpg_featured_image_url":null,"rttpg_author":{"display_name":"rober","author_link":"https:\/\/livingmultimediosde.net.ar\/INDEX\/author\/rober\/"},"rttpg_comment":0,"rttpg_category":"<a href=\"https:\/\/livingmultimediosde.net.ar\/INDEX\/category\/hcd-capital\/\" rel=\"category tag\">HCD CAPITAL<\/a>","rttpg_excerpt":"10.11.23. En la ma\u00f1ana de viernes ultimo, se dej\u00f3 habilitado el sem\u00e1foro de calles Aguirre y Espa\u00f1a del barrio los Inmigrantes. Acompa\u00f1aron a la intendente Norma Fuentes, el presidente Humberto Eduardo Santill\u00e1n y los concejales Mario Nazer A\u00edda Luz Soria y Gustavo Salvatierra Rodr\u00edguez, junto a funcionarios municipales y vecinos.","_links":{"self":[{"href":"https:\/\/livingmultimediosde.net.ar\/INDEX\/wp-json\/wp\/v2\/posts\/5023","targetHints":{"allow":["GET"]}}],"collection":[{"href":"https:\/\/livingmultimediosde.net.ar\/INDEX\/wp-json\/wp\/v2\/posts"}],"about":[{"href":"https:\/\/livingmultimediosde.net.ar\/INDEX\/wp-json\/wp\/v2\/types\/post"}],"author":[{"embeddable":true,"href":"https:\/\/livingmultimediosde.net.ar\/INDEX\/wp-json\/wp\/v2\/users\/1"}],"replies":[{"embeddable":true,"href":"https:\/\/livingmultimediosde.net.ar\/INDEX\/wp-json\/wp\/v2\/comments?post=5023"}],"version-history":[{"count":1,"href":"https:\/\/livingmultimediosde.net.ar\/INDEX\/wp-json\/wp\/v2\/posts\/5023\/revisions"}],"predecessor-version":[{"id":5025,"href":"https:\/\/livingmultimediosde.net.ar\/INDEX\/wp-json\/wp\/v2\/posts\/5023\/revisions\/5025"}],"wp:attachment":[{"href":"https:\/\/livingmultimediosde.net.ar\/INDEX\/wp-json\/wp\/v2\/media?parent=5023"}],"wp:term":[{"taxonomy":"category","embeddable":true,"href":"https:\/\/livingmultimediosde.net.ar\/INDEX\/wp-json\/wp\/v2\/categories?post=5023"},{"taxonomy":"post_tag","embeddable":true,"href":"https:\/\/livingmultimediosde.net.ar\/INDEX\/wp-json\/wp\/v2\/tags?post=5023"}],"curies":[{"name":"wp","href":"https:\/\/api.w.org\/{rel}","templated":true}]}}