{"id":5014,"date":"2023-11-11T00:38:25","date_gmt":"2023-11-11T00:38:25","guid":{"rendered":"https:\/\/livingmultimediosde.net.ar\/INDEX\/?p=5014"},"modified":"2023-11-11T00:38:25","modified_gmt":"2023-11-11T00:38:25","slug":"el-gobernador-compartio-con-cientos-de-jubilados-el-acto-de-cierre-del-programa-prevenir-para-seguir-creciendo-del-pami","status":"publish","type":"post","link":"https:\/\/livingmultimediosde.net.ar\/INDEX\/2023\/11\/el-gobernador-compartio-con-cientos-de-jubilados-el-acto-de-cierre-del-programa-prevenir-para-seguir-creciendo-del-pami\/","title":{"rendered":"EL GOBERNADOR COMPARTI\u00d3 CON CIENTOS DE JUBILADOS EL ACTO DE CIERRE DEL PROGRAMA \u201cPREVENIR PARA SEGUIR CRECIENDO\u201d DEL PAMI"},"content":{"rendered":"<div class=\"entry-content\">\n<p>Con la presencia de integrantes de centros de jubilados y pensionados de toda la provincia, el gobernador Gerardo Zamora particip\u00f3 este viernes por la ma\u00f1ana del cierre anual del Programa Nacional de Talleres Socios-Preventivos del Pami \u00abPrevenir para seguir creciendo\u00bb, en el predio de Sindicato de Luz y Fuerza de la ciudad de La Banda.<br \/>\nEl mandatario estuvo acompa\u00f1ado por el vicegobernador Carlos Silva Neder; el senador Jos\u00e9 Emilio Neder y la diputada provincial Norma de Matarazzo, quienes fueron recibidos por el director ejecutivo del Pami Santiago del Estero, Daniel Llapur; la subgerente de Participaci\u00f3n Social de Pami, Tatiana Dur\u00e9; el coordinador de UGL Regi\u00f3n NOA, Federico Casinelli, entre otras autoridades de la obra social y la presidenta del Foro de Jubilados y Pensionados de la provincia, Rosita Soria.<br \/>\nZamora felicit\u00f3 a todos los centros de jubilados por su constante crecimiento y por el trabajo que realizan en los talleres relacionados con la prevenci\u00f3n, la organizaci\u00f3n y la concientizaci\u00f3n de derechos. \u201cMuch\u00edsimas gracias por construir todos los d\u00edas con solidaridad, con esfuerzo y en forma voluntaria y desinteresada para hacer una mejor sociedad\u201d.<br \/>\nSeguidamente el director del Pami, Daniel Llapur resalt\u00f3 la participaci\u00f3n de los centros de jubilados en las acciones propuestas por la obra social para mejorar la calidad de vida de los afiliados, como en este caso, \u201ca trav\u00e9s del programa Prevenir para seguir Creciendo, que ofrece m\u00e1s de 150 talleres en m\u00e1s de 40 centros de jubilados con actividades recreativas, sociales, neurocognitivas, dando lugar a la creaci\u00f3n de nuevos v\u00ednculos sociales\u201d.<br \/>\nA su turno, Tatiana Dur\u00e9 dijo que \u201clas actividades que realizan a trav\u00e9s de este programa en los centros de jubilados son parte de la salud integral de las personas as\u00ed como los medicamentos gratuitos, los nuevos prestadores y la atenci\u00f3n m\u00e9dica\u201d.<br \/>\nPara finalizar, Rosita Soria, dijo que los 110 centros de jubilados que se distribuyen a lo largo y ancho de la provincia son el cimiento del Pami, que permiten llevar adelante m\u00faltiples actividades para los adultos mayores. \u201cPodemos envejecer pero sin embargo seguimos siendo los mismos; la sociedad tiende a pensar en la vejez relacionada a estereotipos como la debilidad f\u00edsica, intelectual, incapacidad e improductividad, pero la vejez es una etapa que constituye una fase de crecimiento integraci\u00f3n y s\u00edntesis de todas las experiencias vividas\u201d, remarc\u00f3.<\/p>\n<\/div>\n","protected":false},"excerpt":{"rendered":"<p>Con la presencia de integrantes de centros de jubilados y pensionados de toda la provincia, el gobernador Gerardo Zamora particip\u00f3 este viernes por la ma\u00f1ana del cierre anual del Programa Nacional de Talleres Socios-Preventivos del Pami \u00abPrevenir para seguir creciendo\u00bb, en el predio de Sindicato de Luz y Fuerza de la ciudad de La Banda. El mandatario estuvo acompa\u00f1ado por el vicegobernador Carlos Silva Neder; el senador Jos\u00e9 Emilio Neder y la diputada provincial Norma de Matarazzo, quienes fueron recibidos por el director ejecutivo del Pami Santiago del Estero, Daniel&hellip;<\/p>\n","protected":false},"author":1,"featured_media":0,"comment_status":"open","ping_status":"closed","sticky":false,"template":"","format":"standard","meta":{"footnotes":""},"categories":[1],"tags":[],"class_list":["post-5014","post","type-post","status-publish","format-standard","hentry","category-uncategorized"],"rttpg_featured_image_url":null,"rttpg_author":{"display_name":"rober","author_link":"https:\/\/livingmultimediosde.net.ar\/INDEX\/author\/rober\/"},"rttpg_comment":0,"rttpg_category":"<a href=\"https:\/\/livingmultimediosde.net.ar\/INDEX\/category\/uncategorized\/\" rel=\"category tag\">Uncategorized<\/a>","rttpg_excerpt":"Con la presencia de integrantes de centros de jubilados y pensionados de toda la provincia, el gobernador Gerardo Zamora particip\u00f3 este viernes por la ma\u00f1ana del cierre anual del Programa Nacional de Talleres Socios-Preventivos del Pami \u00abPrevenir para seguir creciendo\u00bb, en el predio de Sindicato de Luz y Fuerza de la ciudad de La Banda.&hellip;","_links":{"self":[{"href":"https:\/\/livingmultimediosde.net.ar\/INDEX\/wp-json\/wp\/v2\/posts\/5014","targetHints":{"allow":["GET"]}}],"collection":[{"href":"https:\/\/livingmultimediosde.net.ar\/INDEX\/wp-json\/wp\/v2\/posts"}],"about":[{"href":"https:\/\/livingmultimediosde.net.ar\/INDEX\/wp-json\/wp\/v2\/types\/post"}],"author":[{"embeddable":true,"href":"https:\/\/livingmultimediosde.net.ar\/INDEX\/wp-json\/wp\/v2\/users\/1"}],"replies":[{"embeddable":true,"href":"https:\/\/livingmultimediosde.net.ar\/INDEX\/wp-json\/wp\/v2\/comments?post=5014"}],"version-history":[{"count":1,"href":"https:\/\/livingmultimediosde.net.ar\/INDEX\/wp-json\/wp\/v2\/posts\/5014\/revisions"}],"predecessor-version":[{"id":5016,"href":"https:\/\/livingmultimediosde.net.ar\/INDEX\/wp-json\/wp\/v2\/posts\/5014\/revisions\/5016"}],"wp:attachment":[{"href":"https:\/\/livingmultimediosde.net.ar\/INDEX\/wp-json\/wp\/v2\/media?parent=5014"}],"wp:term":[{"taxonomy":"category","embeddable":true,"href":"https:\/\/livingmultimediosde.net.ar\/INDEX\/wp-json\/wp\/v2\/categories?post=5014"},{"taxonomy":"post_tag","embeddable":true,"href":"https:\/\/livingmultimediosde.net.ar\/INDEX\/wp-json\/wp\/v2\/tags?post=5014"}],"curies":[{"name":"wp","href":"https:\/\/api.w.org\/{rel}","templated":true}]}}