{"id":5011,"date":"2023-11-11T00:36:00","date_gmt":"2023-11-11T00:36:00","guid":{"rendered":"https:\/\/livingmultimediosde.net.ar\/INDEX\/?p=5011"},"modified":"2023-11-11T00:36:00","modified_gmt":"2023-11-11T00:36:00","slug":"se-realizo-el-2-plenario-de-juventudes-protagonistas","status":"publish","type":"post","link":"https:\/\/livingmultimediosde.net.ar\/INDEX\/2023\/11\/se-realizo-el-2-plenario-de-juventudes-protagonistas\/","title":{"rendered":"SE REALIZ\u00d3 EL 2\u00b0 PLENARIO DE JUVENTUDES PROTAGONISTAS"},"content":{"rendered":"<div class=\"entry-content\">\n<p>se llev\u00f3 a cabo el 2\u00b0 Plenario de Juventudes Protagonistas, organizado por la Digaia (Direcci\u00f3n General para el Abordaje Integral de las Adicciones) en las instalaciones del Crease.<br \/>\nSe trata de un espacio de encuentro y construcci\u00f3n colectiva entre distintos j\u00f3venes de colegios secundarios de la ciudad Capital, La Banda y el interior con el objetivo de \u201cbrindar conciencia de lo que es un derecho, lo que es ganarse un derecho, adquirir un derecho pero sobre todo, defender los derechos que se han adquirido\u201d.<br \/>\nEstuvieron presentes la ministra de Justicia, Matilde O\u00b4Mill; la titular de Digaia, Claudia Tarchini; el presidente de la Fundaci\u00f3n Nocka Munayky, Javier Manzano, y el coordinador del \u00e1rea de Comunicaci\u00f3n de Digaia, Marcelo Castillo.<br \/>\nEn este marco, Tarchini se\u00f1al\u00f3: \u201cSe est\u00e1n estableciendo las metas para el a\u00f1o 2024 y tambi\u00e9n poniendo agenda a esas metas para que no queden en una mera expresi\u00f3n de deseo. Pero tambi\u00e9n, fundamentalmente que los chicos sean conscientes sobre cu\u00e1les son los valores que los sustentan y cu\u00e1les son aquellas cosas que no est\u00e1n dispuestos a perder, ya que vienen momento de grandes decisiones\u201d.<br \/>\n\u201cEste espacio es un muestra de lo que significa una pol\u00edtica p\u00fablica en coordinaci\u00f3n con las organizaciones y con todas la sociedad para llevar un proyecto adelante\u201d, resalt\u00f3.<br \/>\nHaciendo referencia al plenario de juventudes protagonistas, remarc\u00f3 el trabajo que se vino desarrollando durante el a\u00f1o. \u201cNos hemos dado el espacio para escuchar a los j\u00f3venes, lo que piensan, quieren, sienten y a partir de ah\u00ed tomar las decisiones junto a ellos\u201d, dijo.<br \/>\nPor su parte, la ministra agradeci\u00f3 la predisposici\u00f3n de los j\u00f3venes para llevar adelante este plenario y destac\u00f3 el trabajo en conjunto de diferentes actores enfoc\u00e1ndose en los j\u00f3venes de Santiago del Estero.<br \/>\nAl mismo tiempo hizo \u00e9nfasis en la responsabilidad que tienen los chicos de construir un futuro en base a los derechos humanos, al considerar que \u201cestos espacios nos permiten mirar m\u00e1s all\u00e1 de lo que vemos y poder pensar en un futuro prometedor para todos\u201d.<\/p>\n<\/div>\n","protected":false},"excerpt":{"rendered":"<p>se llev\u00f3 a cabo el 2\u00b0 Plenario de Juventudes Protagonistas, organizado por la Digaia (Direcci\u00f3n General para el Abordaje Integral de las Adicciones) en las instalaciones del Crease. Se trata de un espacio de encuentro y construcci\u00f3n colectiva entre distintos j\u00f3venes de colegios secundarios de la ciudad Capital, La Banda y el interior con el objetivo de \u201cbrindar conciencia de lo que es un derecho, lo que es ganarse un derecho, adquirir un derecho pero sobre todo, defender los derechos que se han adquirido\u201d. Estuvieron presentes la ministra de Justicia,&hellip;<\/p>\n","protected":false},"author":1,"featured_media":0,"comment_status":"open","ping_status":"closed","sticky":false,"template":"","format":"standard","meta":{"footnotes":""},"categories":[1],"tags":[],"class_list":["post-5011","post","type-post","status-publish","format-standard","hentry","category-uncategorized"],"rttpg_featured_image_url":null,"rttpg_author":{"display_name":"rober","author_link":"https:\/\/livingmultimediosde.net.ar\/INDEX\/author\/rober\/"},"rttpg_comment":0,"rttpg_category":"<a href=\"https:\/\/livingmultimediosde.net.ar\/INDEX\/category\/uncategorized\/\" rel=\"category tag\">Uncategorized<\/a>","rttpg_excerpt":"se llev\u00f3 a cabo el 2\u00b0 Plenario de Juventudes Protagonistas, organizado por la Digaia (Direcci\u00f3n General para el Abordaje Integral de las Adicciones) en las instalaciones del Crease. Se trata de un espacio de encuentro y construcci\u00f3n colectiva entre distintos j\u00f3venes de colegios secundarios de la ciudad Capital, La Banda y el interior con el&hellip;","_links":{"self":[{"href":"https:\/\/livingmultimediosde.net.ar\/INDEX\/wp-json\/wp\/v2\/posts\/5011","targetHints":{"allow":["GET"]}}],"collection":[{"href":"https:\/\/livingmultimediosde.net.ar\/INDEX\/wp-json\/wp\/v2\/posts"}],"about":[{"href":"https:\/\/livingmultimediosde.net.ar\/INDEX\/wp-json\/wp\/v2\/types\/post"}],"author":[{"embeddable":true,"href":"https:\/\/livingmultimediosde.net.ar\/INDEX\/wp-json\/wp\/v2\/users\/1"}],"replies":[{"embeddable":true,"href":"https:\/\/livingmultimediosde.net.ar\/INDEX\/wp-json\/wp\/v2\/comments?post=5011"}],"version-history":[{"count":1,"href":"https:\/\/livingmultimediosde.net.ar\/INDEX\/wp-json\/wp\/v2\/posts\/5011\/revisions"}],"predecessor-version":[{"id":5013,"href":"https:\/\/livingmultimediosde.net.ar\/INDEX\/wp-json\/wp\/v2\/posts\/5011\/revisions\/5013"}],"wp:attachment":[{"href":"https:\/\/livingmultimediosde.net.ar\/INDEX\/wp-json\/wp\/v2\/media?parent=5011"}],"wp:term":[{"taxonomy":"category","embeddable":true,"href":"https:\/\/livingmultimediosde.net.ar\/INDEX\/wp-json\/wp\/v2\/categories?post=5011"},{"taxonomy":"post_tag","embeddable":true,"href":"https:\/\/livingmultimediosde.net.ar\/INDEX\/wp-json\/wp\/v2\/tags?post=5011"}],"curies":[{"name":"wp","href":"https:\/\/api.w.org\/{rel}","templated":true}]}}