{"id":5005,"date":"2023-11-11T00:34:20","date_gmt":"2023-11-11T00:34:20","guid":{"rendered":"https:\/\/livingmultimediosde.net.ar\/INDEX\/?p=5005"},"modified":"2023-11-11T00:34:20","modified_gmt":"2023-11-11T00:34:20","slug":"la-policia-federal-argentina-celebro-su-202-aniversario","status":"publish","type":"post","link":"https:\/\/livingmultimediosde.net.ar\/INDEX\/2023\/11\/la-policia-federal-argentina-celebro-su-202-aniversario\/","title":{"rendered":"LA POLIC\u00cdA FEDERAL ARGENTINA CELEBR\u00d3 SU 202\u00b0 ANIVERSARIO"},"content":{"rendered":"<div class=\"entry-content\">\n<p>Con una emotiva ceremonia, en la ma\u00f1ana de este viernes la delegaci\u00f3n Santiago del Estero de la Polic\u00eda Federal Argentina celebr\u00f3 su 202\u00b0 aniversario.<br \/>\nEl acto estuvo presidido por el ministro de Gobierno, Seguridad y Culto, Marcelo Barbur, en representaci\u00f3n del gobernador Gerardo Zamora. Fue recibido por el jefe de la Unidad Operativa Federal de Santiago del Estero, comisario Cristian Orlando Su\u00e1rez y con la presencia de representantes de la Justicia Federal y provincial; autoridades municipales, entre otros invitados especiales.<br \/>\nHaciendo referencia a la celebraci\u00f3n, el comisario Su\u00e1rez agradeci\u00f3 el acompa\u00f1amiento de las familias de los integrantes de la fuerza; \u201ctambi\u00e9n a los representantes de las instituciones por el respaldo permanente en las diferentes tareas que se desarrollan tanto en la faz judicial como en la faz social.<br \/>\n\u201cQuiero decirles que estamos hoy m\u00e1s que nunca insertos en este mundo moderno procurando d\u00eda a d\u00eda cumplir de la mejor manera posible con nuestra labor sagrada del deber de preservar el orden, la seguridad y la tranquilidad de los ciudadanos y sus respectivo bienes\u201d, se\u00f1al\u00f3.<br \/>\nDurante la ceremonia se hizo un minuto de silencio en homenaje a los ca\u00eddos en cumplimiento de su deber y finaliz\u00f3 con la entrega de distinciones a los integrantes de la fuerza por la labor destacada y la trayectoria institucional.<\/p>\n<\/div>\n","protected":false},"excerpt":{"rendered":"<p>Con una emotiva ceremonia, en la ma\u00f1ana de este viernes la delegaci\u00f3n Santiago del Estero de la Polic\u00eda Federal Argentina celebr\u00f3 su 202\u00b0 aniversario. El acto estuvo presidido por el ministro de Gobierno, Seguridad y Culto, Marcelo Barbur, en representaci\u00f3n del gobernador Gerardo Zamora. Fue recibido por el jefe de la Unidad Operativa Federal de Santiago del Estero, comisario Cristian Orlando Su\u00e1rez y con la presencia de representantes de la Justicia Federal y provincial; autoridades municipales, entre otros invitados especiales. Haciendo referencia a la celebraci\u00f3n, el comisario Su\u00e1rez agradeci\u00f3 el&hellip;<\/p>\n","protected":false},"author":1,"featured_media":0,"comment_status":"open","ping_status":"closed","sticky":false,"template":"","format":"standard","meta":{"footnotes":""},"categories":[1],"tags":[],"class_list":["post-5005","post","type-post","status-publish","format-standard","hentry","category-uncategorized"],"rttpg_featured_image_url":null,"rttpg_author":{"display_name":"rober","author_link":"https:\/\/livingmultimediosde.net.ar\/INDEX\/author\/rober\/"},"rttpg_comment":0,"rttpg_category":"<a href=\"https:\/\/livingmultimediosde.net.ar\/INDEX\/category\/uncategorized\/\" rel=\"category tag\">Uncategorized<\/a>","rttpg_excerpt":"Con una emotiva ceremonia, en la ma\u00f1ana de este viernes la delegaci\u00f3n Santiago del Estero de la Polic\u00eda Federal Argentina celebr\u00f3 su 202\u00b0 aniversario. El acto estuvo presidido por el ministro de Gobierno, Seguridad y Culto, Marcelo Barbur, en representaci\u00f3n del gobernador Gerardo Zamora. Fue recibido por el jefe de la Unidad Operativa Federal de&hellip;","_links":{"self":[{"href":"https:\/\/livingmultimediosde.net.ar\/INDEX\/wp-json\/wp\/v2\/posts\/5005","targetHints":{"allow":["GET"]}}],"collection":[{"href":"https:\/\/livingmultimediosde.net.ar\/INDEX\/wp-json\/wp\/v2\/posts"}],"about":[{"href":"https:\/\/livingmultimediosde.net.ar\/INDEX\/wp-json\/wp\/v2\/types\/post"}],"author":[{"embeddable":true,"href":"https:\/\/livingmultimediosde.net.ar\/INDEX\/wp-json\/wp\/v2\/users\/1"}],"replies":[{"embeddable":true,"href":"https:\/\/livingmultimediosde.net.ar\/INDEX\/wp-json\/wp\/v2\/comments?post=5005"}],"version-history":[{"count":1,"href":"https:\/\/livingmultimediosde.net.ar\/INDEX\/wp-json\/wp\/v2\/posts\/5005\/revisions"}],"predecessor-version":[{"id":5007,"href":"https:\/\/livingmultimediosde.net.ar\/INDEX\/wp-json\/wp\/v2\/posts\/5005\/revisions\/5007"}],"wp:attachment":[{"href":"https:\/\/livingmultimediosde.net.ar\/INDEX\/wp-json\/wp\/v2\/media?parent=5005"}],"wp:term":[{"taxonomy":"category","embeddable":true,"href":"https:\/\/livingmultimediosde.net.ar\/INDEX\/wp-json\/wp\/v2\/categories?post=5005"},{"taxonomy":"post_tag","embeddable":true,"href":"https:\/\/livingmultimediosde.net.ar\/INDEX\/wp-json\/wp\/v2\/tags?post=5005"}],"curies":[{"name":"wp","href":"https:\/\/api.w.org\/{rel}","templated":true}]}}