{"id":4993,"date":"2023-11-10T13:53:08","date_gmt":"2023-11-10T13:53:08","guid":{"rendered":"https:\/\/livingmultimediosde.net.ar\/INDEX\/?p=4993"},"modified":"2023-11-10T13:53:08","modified_gmt":"2023-11-10T13:53:08","slug":"siete-gobernadores-vaticinaron-problemas-sociales-en-caso-de-ganar-milei","status":"publish","type":"post","link":"https:\/\/livingmultimediosde.net.ar\/INDEX\/2023\/11\/siete-gobernadores-vaticinaron-problemas-sociales-en-caso-de-ganar-milei\/","title":{"rendered":"Siete gobernadores vaticinaron \u00abproblemas sociales\u00bb en caso de ganar Milei"},"content":{"rendered":"<p>Siete gobernadores de distintos espacios pol\u00edticos advirtieron este jueves que si el candidato presidencial de La Libertad Avanza (LLA), Javier Milei, gana el balotaje el 19 de noviembre y elimina la Ley de Coparticipaci\u00f3n Federal, \u00abva a estar en riesgo el pago de los sueldos a empleados p\u00fablicos\u00bb y habr\u00e1 \u00abproblemas sociales\u00bb.<\/p>\n<p>As\u00ed se pronunciaron los gobernadores peronistas\u00a0<strong>Axel Kicillof<\/strong>\u00a0(Buenos Aires);<strong>\u00a0Osvaldo Jaldo<\/strong>\u00a0(Tucum\u00e1n);\u00a0<strong>Ra\u00fal Jalil<\/strong>\u00a0(Catamarca) y\u00a0<strong>Gildo Insfr\u00e1n<\/strong>\u00a0(Formosa); los aliados del oficialismo\u00a0<strong>Mariano Arcioni<\/strong>\u00a0(Chubut) y\u00a0<strong>Oscar Herrera Ahuad<\/strong>\u00a0(Misiones) y el radical de Juntos por el Cambio\u00a0<strong>Gerardo Morales<\/strong>\u00a0(Jujuy).<\/p>\n<p>\u00abNosotros vemos todos los d\u00edas cu\u00e1les son las propuestas del candidato de la oposici\u00f3n, que propone apoderarse de los recursos del interior, apoderarse de los recursos que nos corresponde a las provincias y los municipios\u00bb, apunt\u00f3\u00a0<strong>Jaldo\u00a0<\/strong>en declaraciones a la prensa.<\/p>\n<p>El gobernador tucumano advirti\u00f3 que, de sacarse los recursos coparticipables a las provincias, se \u00abva a imposibilitar cumplir con nuestras obligaciones salariales, no van a poder atender los hospitales ni reponer los insumos, las camionetas de la polic\u00eda, no podr\u00e1n hacer ronda para cuidar a la gente, no vamos a poder hacer di\u00e1lisis para que la gente pueda estar mejor\u00bb.<\/p>\n<p><strong>Jaldo<\/strong>\u00a0concluy\u00f3: \u00abSi gana Milei se va apoderar de los recursos del interior y vamos a tener problemas sociales\u00bb.<\/p>\n<p>En esta misma l\u00ednea,\u00a0<strong>Jalil\u00a0<\/strong>consider\u00f3 que la elecci\u00f3n del 19 \u00abno es una que pueda pasar desapercibida\u00bb sino que es \u00abmuy importante\u00bb porque \u00abhay una visi\u00f3n sobre lo que quieren hacer con la educaci\u00f3n, una visi\u00f3n de lo que quieren hacer con la Ley de Coparticipaci\u00f3n, una visi\u00f3n de lo que quieren hacer con el sistema de salud y con este pa\u00eds federal\u00bb.<\/p>\n<figure class=\"mb-3\"><img decoding=\"async\" data-src=\"https:\/\/www.telam.com.ar\/thumbs\/bluesteel\/advf\/imagenes\/2023\/10\/653548cbca7ec_1200.jpg\" class=\"lazy lazyload\" src=\"data:image\/gif;base64,R0lGODlhAQABAIAAAAAAAP\/\/\/yH5BAEAAAAALAAAAAABAAEAAAIBRAA7\" alt=\"Foto Edgardo Varela\" width=\"100%\" height=\"100%\" \/><noscript><img decoding=\"async\" class=\" lazy \" src=\"https:\/\/www.telam.com.ar\/thumbs\/bluesteel\/advf\/imagenes\/2023\/10\/653548cbca7ec_1200.jpg\" alt=\"Foto Edgardo Varela\" width=\"100%\" height=\"100%\"><\/noscript>&nbsp;<\/p>\n<div class=\"media-icons\"><\/div><figcaption>Foto: Edgardo Varela.<\/figcaption><\/figure>\n<p>\u00abComparto las definiciones de\u00a0<strong>Gerardo Morales<\/strong>, en las cuales obviamente vamos a terminar siendo gobernadores mendigos, si es que se elimina la Ley de Coparticipaci\u00f3n, y que va a poner en riesgo la obra p\u00fablica que tanto empleo ha generado, los sueldos de los empleados p\u00fablicos y vamos a poner en riesgo tambi\u00e9n nuestro pa\u00eds, como pa\u00eds federal\u00bb, advirti\u00f3 el primer mandatario catamarque\u00f1o durante el \u00ab4to. Encuentro Provincial de Oficinas de Empleo\u00bb.<\/p>\n<p>De esta manera hizo referencia a las declaraciones que el gobernador juje\u00f1o efectu\u00f3 ante la prensa, cuando advirti\u00f3 que \u00absi gana Milei, no vamos a poder pagar los sueldos de los empleados p\u00fablicos de enero, febrero, marzo y abril, por lo menos\u00bb.<\/p>\n<p><strong>Morales<\/strong>, quien se opuso al pacto electoral que sellaron Patricia Bullrich y Mauricio Macri con el postulante de LLA, insisti\u00f3 en que \u00abMilei quiere dejar sin efecto la ley de Coparticipaci\u00f3n, por lo que menos a\u00fan va a querer arreglar los temas particulares que tenemos cada provincia\u00bb.<\/p>\n<p>\u00abSiempre se puede estar peor, y con Milei vamos a estar peor, porque hay que tener mucho cuidado con el salto al vac\u00edo que ser\u00eda que haya una persona con desequilibrio emocional en la presidencia. Ser\u00eda un gran peligro para todo el pueblo\u00bb, destac\u00f3 el l\u00edder radical.<\/p>\n<p>En contraposici\u00f3n,\u00a0<strong>Morales<\/strong>\u00a0record\u00f3 que \u00ablos gobernadores del Norte Grande, ya tenemos un acuerdo con el ministro de Econom\u00eda (Sergio Massa) para que nos repongan a las provincias los recursos por la ca\u00edda por el impuesto a las Ganancias y del IVA, con un importante porcentaje del impuesto al Cheque\u00bb.<\/p>\n<p>Tambi\u00e9n el gobernador de Misiones,\u00a0<strong>Oscar Herrera Ahuad<\/strong>, pidi\u00f3 durante un acto \u00abno resignarse a las pol\u00edticas liberales\u00bb y \u00abser responsable\u00bb a la hora de votar en las pr\u00f3ximas elecciones.<\/p>\n<p>\u00abTenemos una gran responsabilidad. Misiones es una provincia que busca los acuerdos para cuidar su santuario natural, por eso es la capital nacional de la biodiversidad y no estamos dispuestos a resignar nuestro territorio\u00bb, enfatiz\u00f3<strong>\u00a0Herrera Ahuad<\/strong>\u00a0en alusi\u00f3n a la ausencia de propuestas sobre medio ambiente de LLA.<\/p>\n<p>El misionero enfatiz\u00f3 que \u00abno se puede resignar tanto esfuerzo a las pol\u00edticas liberales. Somos una provincia que siempre busc\u00f3 la paz social y la convivencia democr\u00e1tica\u00bb.<\/p>\n<figure class=\"mb-3\"><img decoding=\"async\" data-src=\"https:\/\/www.telam.com.ar\/thumbs\/bluesteel\/advf\/imagenes\/2023\/10\/653556711501c_1200.jpg\" class=\"lazy lazyload\" src=\"data:image\/gif;base64,R0lGODlhAQABAIAAAAAAAP\/\/\/yH5BAEAAAAALAAAAAABAAEAAAIBRAA7\" alt=\"Foto Jos Granata\" width=\"100%\" height=\"100%\" \/><noscript><img decoding=\"async\" class=\" lazy \" src=\"https:\/\/www.telam.com.ar\/thumbs\/bluesteel\/advf\/imagenes\/2023\/10\/653556711501c_1200.jpg\" alt=\"Foto Jos Granata\" width=\"100%\" height=\"100%\"><\/noscript>&nbsp;<\/p>\n<div class=\"media-icons\"><\/div><figcaption>Foto: Jos\u00e9 Granata.<\/figcaption><\/figure>\n<p>Por su parte, el gobernador de Formosa,\u00a0<strong>Gildo Insfr\u00e1n<\/strong>, se sum\u00f3 al rechazo de la propuesta del candidato de LLA de eliminar la Ley de Coparticipaci\u00f3n Federal, que es producto \u00abde largas luchas de unitarios y federales para lograr la integraci\u00f3n de la Argentina\u00bb, tal como se enuncia \u00aben nuestra Constituci\u00f3n, donde se plasma que las provincias fueron preexistentes a la Naci\u00f3n\u00bb<\/p>\n<p>Por ello, llam\u00f3 a \u00abdefender la Patria con el voto\u00bb y afirm\u00f3 que si gana las elecciones presidenciales Milei se volver\u00e1 \u00abpara atr\u00e1s\u00bb porque \u00abest\u00e1 en contra de la educaci\u00f3n y la salud p\u00fablicas\u00bb.<\/p>\n<p><strong>Insfr\u00e1n<\/strong>, tambi\u00e9n presidente del Congreso nacional del PJ cuestion\u00f3: \u00abSi tenemos que pagar por circular, estudiar y salud, \u00bfqui\u00e9nes van a estar en condiciones? Les puedo asegurar que ser\u00e1n muy pocos\u00bb.<\/p>\n<p>El gobernador del Chubut,\u00a0<strong>Mariano Arcioni<\/strong>, alert\u00f3 hoy durante una presentaci\u00f3n en esa provincia otros aspectos \u00abdisruptivos\u00bb presentes en el discurso libertario: la obra p\u00fablica y el rol del Estado.<\/p>\n<p>\u00abEn las pr\u00f3ximas elecciones presidenciales est\u00e1 en juego la continuidad de varias obras p\u00fablicas vitales. Muchas obras sirven para integrar a peque\u00f1as localidades, porque significa acercar a los pobladores de las comunidades lejanas de los centros poblados que de otra forma nadie har\u00eda porque no son obras que se repagan, son vecinos que tienen derechos a integrarse\u00bb, sostuvo el mandatario provincial.<\/p>\n<p>En este sentido,\u00a0<strong>Arcioni<\/strong>\u00a0relacion\u00f3: \u00abDiscutir si corresponde o no la intervenci\u00f3n del Estado es como poner el carro adelante del caballo, porque si no hay Estado, no hay obras y si no hay obras, no hay pobladores que llenen el interior profundo de nuestra geograf\u00eda\u00bb.<\/p>\n<p>\u00abLas y los bonaerenses son conscientes de que ninguno de nuestros problemas se va a resolver con la motosierra y la p\u00e9rdida de soberan\u00eda\u00bb, sostuvo\u00a0<strong>Kicillof<\/strong>\u00a0durante un plenario en referencia a la expresi\u00f3n utilizada recurrentemente por Milei.<\/p>\n<p>A su turno, el gobernador bonaerense remarc\u00f3 que \u00ablas pol\u00edticas de desindustrializaci\u00f3n ya se aplicaron durante los cuatro a\u00f1os de (Mauricio) Macri y de (Mar\u00eda Eugenia) Vidal\u00bb y enfatiz\u00f3 que \u00abno tenemos derecho a bajar los brazos y dudar cuando enfrente hay una oposici\u00f3n que quiere dejar a las y los trabajadores sin vacaciones ni aguinaldo\u00bb.<\/p>\n","protected":false},"excerpt":{"rendered":"<p>Siete gobernadores de distintos espacios pol\u00edticos advirtieron este jueves que si el candidato presidencial de La Libertad Avanza (LLA), Javier Milei, gana el balotaje el 19 de noviembre y elimina la Ley de Coparticipaci\u00f3n Federal, \u00abva a estar en riesgo el pago de los sueldos a empleados p\u00fablicos\u00bb y habr\u00e1 \u00abproblemas sociales\u00bb. As\u00ed se pronunciaron los gobernadores peronistas\u00a0Axel Kicillof\u00a0(Buenos Aires);\u00a0Osvaldo Jaldo\u00a0(Tucum\u00e1n);\u00a0Ra\u00fal Jalil\u00a0(Catamarca) y\u00a0Gildo Insfr\u00e1n\u00a0(Formosa); los aliados del oficialismo\u00a0Mariano Arcioni\u00a0(Chubut) y\u00a0Oscar Herrera Ahuad\u00a0(Misiones) y el radical de Juntos por el Cambio\u00a0Gerardo Morales\u00a0(Jujuy). \u00abNosotros vemos todos los d\u00edas cu\u00e1les son las propuestas&hellip;<\/p>\n","protected":false},"author":1,"featured_media":0,"comment_status":"open","ping_status":"closed","sticky":false,"template":"","format":"standard","meta":{"footnotes":""},"categories":[4],"tags":[],"class_list":["post-4993","post","type-post","status-publish","format-standard","hentry","category-interes-general"],"rttpg_featured_image_url":null,"rttpg_author":{"display_name":"rober","author_link":"https:\/\/livingmultimediosde.net.ar\/INDEX\/author\/rober\/"},"rttpg_comment":0,"rttpg_category":"<a href=\"https:\/\/livingmultimediosde.net.ar\/INDEX\/category\/interes-general\/\" rel=\"category tag\">INTERES GENERAL<\/a>","rttpg_excerpt":"Siete gobernadores de distintos espacios pol\u00edticos advirtieron este jueves que si el candidato presidencial de La Libertad Avanza (LLA), Javier Milei, gana el balotaje el 19 de noviembre y elimina la Ley de Coparticipaci\u00f3n Federal, \u00abva a estar en riesgo el pago de los sueldos a empleados p\u00fablicos\u00bb y habr\u00e1 \u00abproblemas sociales\u00bb. As\u00ed se pronunciaron&hellip;","_links":{"self":[{"href":"https:\/\/livingmultimediosde.net.ar\/INDEX\/wp-json\/wp\/v2\/posts\/4993","targetHints":{"allow":["GET"]}}],"collection":[{"href":"https:\/\/livingmultimediosde.net.ar\/INDEX\/wp-json\/wp\/v2\/posts"}],"about":[{"href":"https:\/\/livingmultimediosde.net.ar\/INDEX\/wp-json\/wp\/v2\/types\/post"}],"author":[{"embeddable":true,"href":"https:\/\/livingmultimediosde.net.ar\/INDEX\/wp-json\/wp\/v2\/users\/1"}],"replies":[{"embeddable":true,"href":"https:\/\/livingmultimediosde.net.ar\/INDEX\/wp-json\/wp\/v2\/comments?post=4993"}],"version-history":[{"count":1,"href":"https:\/\/livingmultimediosde.net.ar\/INDEX\/wp-json\/wp\/v2\/posts\/4993\/revisions"}],"predecessor-version":[{"id":4996,"href":"https:\/\/livingmultimediosde.net.ar\/INDEX\/wp-json\/wp\/v2\/posts\/4993\/revisions\/4996"}],"wp:attachment":[{"href":"https:\/\/livingmultimediosde.net.ar\/INDEX\/wp-json\/wp\/v2\/media?parent=4993"}],"wp:term":[{"taxonomy":"category","embeddable":true,"href":"https:\/\/livingmultimediosde.net.ar\/INDEX\/wp-json\/wp\/v2\/categories?post=4993"},{"taxonomy":"post_tag","embeddable":true,"href":"https:\/\/livingmultimediosde.net.ar\/INDEX\/wp-json\/wp\/v2\/tags?post=4993"}],"curies":[{"name":"wp","href":"https:\/\/api.w.org\/{rel}","templated":true}]}}