{"id":4984,"date":"2023-11-10T13:47:38","date_gmt":"2023-11-10T13:47:38","guid":{"rendered":"https:\/\/livingmultimediosde.net.ar\/INDEX\/?p=4984"},"modified":"2023-11-10T13:47:38","modified_gmt":"2023-11-10T13:47:38","slug":"ediles-recibieron-en-comision-ampliada-a-representantes-del-servicio-semipublico-de-pasajeros","status":"publish","type":"post","link":"https:\/\/livingmultimediosde.net.ar\/INDEX\/2023\/11\/ediles-recibieron-en-comision-ampliada-a-representantes-del-servicio-semipublico-de-pasajeros\/","title":{"rendered":"EDILES RECIBIERON EN COMISI\u00d3N AMPLIADA A REPRESENTANTES DEL SERVICIO SEMIP\u00daBLICO DE PASAJEROS"},"content":{"rendered":"<p>09.11.23\u00a0<strong>Este jueves, desde las 10,30, en Sala de Comisiones, se llev\u00f3 a cabo una reuni\u00f3n de comisi\u00f3n ampliada, de Obras y Servicios P\u00fablicos del Concejo Deliberante capitalino, con los representantes de la Federaci\u00f3n Nacional de Propietarios de Taxi, la C\u00e1mara de Propietarios de Empresas de Radio Taxis y la Asociaci\u00f3n Santiague\u00f1a de Propietarios de Autos de Alquiler y la Cooperativa de Taxis \u201cNueva Terminal de \u00d3mnibus de SDE\u201d.<\/strong><\/p>\n<p><strong>La misma, se concret\u00f3 a los efectos de profundizar en el di\u00e1logo con los ediles aspectos puntuales de la presentaci\u00f3n conjunta realizada el 26 de octubre pasado. En efecto, por la misma, se solicita una readecuaci\u00f3n tarifaria urgente del cuadro tarifario del servicio semip\u00fablico de pasajeros no menor al 150%. Asimismo, solicitan una pr\u00f3rroga en el vencimiento de la autorizaci\u00f3n para circular de las unidades que prestan servicio de modelos 2011 al 2013, respectivamente, que -seg\u00fan indican-, ser\u00edan unas 600 unidades las que no se podr\u00edan renovar. Tambi\u00e9n solicitan que se retire de los requisitos de renovaci\u00f3n la inspecci\u00f3n INTI.<\/strong><\/p>\n<figure class=\"wp-block-gallery has-nested-images columns-default is-cropped wp-block-gallery-1 is-layout-flex wp-block-gallery-is-layout-flex\" data-carousel-extra=\"{&quot;blog_id&quot;:1,&quot;permalink&quot;:&quot;https:\\\/\\\/cdsde.com.ar\\\/index\\\/2023\\\/11\\\/09\\\/ediles-recibieron-en-comision-ampliada-a-representantes-del-servicio-semipublico-de-pasajeros\\\/&quot;}\">\n<figure class=\"wp-block-image size-large\"><img decoding=\"async\" data-src=\"https:\/\/cdsde.com.ar\/wp-content\/uploads\/2023\/11\/IMG_20231109_105426-1024x461.jpg\" data-srcset=\"https:\/\/cdsde.com.ar\/wp-content\/uploads\/2023\/11\/IMG_20231109_105426-1024x461.jpg 1024w, https:\/\/cdsde.com.ar\/wp-content\/uploads\/2023\/11\/IMG_20231109_105426-300x135.jpg 300w, https:\/\/cdsde.com.ar\/wp-content\/uploads\/2023\/11\/IMG_20231109_105426-768x346.jpg 768w, https:\/\/cdsde.com.ar\/wp-content\/uploads\/2023\/11\/IMG_20231109_105426-1536x691.jpg 1536w, https:\/\/cdsde.com.ar\/wp-content\/uploads\/2023\/11\/IMG_20231109_105426-2048x922.jpg 2048w\" class=\"wp-image-2227 jetpack-lazy-image jetpack-lazy-image--handled lazyload\" src=\"data:image\/gif;base64,R0lGODlhAQABAIAAAAAAAP\/\/\/yH5BAEAAAAALAAAAAABAAEAAAIBRAA7\" sizes=\"(max-width: 1024px) 100vw, 1024px\"  alt=\"\" width=\"1024\" height=\"461\" data-attachment-id=\"2227\" data-permalink=\"https:\/\/cdsde.com.ar\/index\/2023\/11\/09\/ediles-recibieron-en-comision-ampliada-a-representantes-del-servicio-semipublico-de-pasajeros\/img_20231109_105426\/\" data-orig-file=\"https:\/\/cdsde.com.ar\/wp-content\/uploads\/2023\/11\/IMG_20231109_105426-scaled.jpg\" data-orig-size=\"2560,1152\" data-comments-opened=\"1\" data-image-meta=\"{&quot;aperture&quot;:&quot;1.89&quot;,&quot;credit&quot;:&quot;&quot;,&quot;camera&quot;:&quot;2209116AG&quot;,&quot;caption&quot;:&quot;&quot;,&quot;created_timestamp&quot;:&quot;1699527266&quot;,&quot;copyright&quot;:&quot;&quot;,&quot;focal_length&quot;:&quot;5.948&quot;,&quot;iso&quot;:&quot;626&quot;,&quot;shutter_speed&quot;:&quot;0.02&quot;,&quot;title&quot;:&quot;&quot;,&quot;orientation&quot;:&quot;1&quot;}\" data-image-title=\"IMG_20231109_105426\" data-image-description=\"\" data-image-caption=\"\" data-medium-file=\"https:\/\/cdsde.com.ar\/wp-content\/uploads\/2023\/11\/IMG_20231109_105426-300x135.jpg\" data-large-file=\"https:\/\/cdsde.com.ar\/wp-content\/uploads\/2023\/11\/IMG_20231109_105426-1024x461.jpg\" data-id=\"2227\" data-lazy-loaded=\"1\" \/><noscript><img decoding=\"async\" class=\"wp-image-2227 jetpack-lazy-image jetpack-lazy-image--handled\" src=\"https:\/\/cdsde.com.ar\/wp-content\/uploads\/2023\/11\/IMG_20231109_105426-1024x461.jpg\" sizes=\"(max-width: 1024px) 100vw, 1024px\" srcset=\"https:\/\/cdsde.com.ar\/wp-content\/uploads\/2023\/11\/IMG_20231109_105426-1024x461.jpg 1024w, https:\/\/cdsde.com.ar\/wp-content\/uploads\/2023\/11\/IMG_20231109_105426-300x135.jpg 300w, https:\/\/cdsde.com.ar\/wp-content\/uploads\/2023\/11\/IMG_20231109_105426-768x346.jpg 768w, https:\/\/cdsde.com.ar\/wp-content\/uploads\/2023\/11\/IMG_20231109_105426-1536x691.jpg 1536w, https:\/\/cdsde.com.ar\/wp-content\/uploads\/2023\/11\/IMG_20231109_105426-2048x922.jpg 2048w\" alt=\"\" width=\"1024\" height=\"461\" data-attachment-id=\"2227\" data-permalink=\"https:\/\/cdsde.com.ar\/index\/2023\/11\/09\/ediles-recibieron-en-comision-ampliada-a-representantes-del-servicio-semipublico-de-pasajeros\/img_20231109_105426\/\" data-orig-file=\"https:\/\/cdsde.com.ar\/wp-content\/uploads\/2023\/11\/IMG_20231109_105426-scaled.jpg\" data-orig-size=\"2560,1152\" data-comments-opened=\"1\" data-image-meta=\"{&quot;aperture&quot;:&quot;1.89&quot;,&quot;credit&quot;:&quot;&quot;,&quot;camera&quot;:&quot;2209116AG&quot;,&quot;caption&quot;:&quot;&quot;,&quot;created_timestamp&quot;:&quot;1699527266&quot;,&quot;copyright&quot;:&quot;&quot;,&quot;focal_length&quot;:&quot;5.948&quot;,&quot;iso&quot;:&quot;626&quot;,&quot;shutter_speed&quot;:&quot;0.02&quot;,&quot;title&quot;:&quot;&quot;,&quot;orientation&quot;:&quot;1&quot;}\" data-image-title=\"IMG_20231109_105426\" data-image-description=\"\" data-image-caption=\"\" data-medium-file=\"https:\/\/cdsde.com.ar\/wp-content\/uploads\/2023\/11\/IMG_20231109_105426-300x135.jpg\" data-large-file=\"https:\/\/cdsde.com.ar\/wp-content\/uploads\/2023\/11\/IMG_20231109_105426-1024x461.jpg\" data-id=\"2227\" data-lazy-loaded=\"1\"><\/noscript><\/figure>\n<figure class=\"wp-block-image size-large\"><img decoding=\"async\" data-src=\"https:\/\/cdsde.com.ar\/wp-content\/uploads\/2023\/11\/IMG_20231109_105048-1024x461.jpg\" data-srcset=\"https:\/\/cdsde.com.ar\/wp-content\/uploads\/2023\/11\/IMG_20231109_105048-1024x461.jpg 1024w, https:\/\/cdsde.com.ar\/wp-content\/uploads\/2023\/11\/IMG_20231109_105048-300x135.jpg 300w, https:\/\/cdsde.com.ar\/wp-content\/uploads\/2023\/11\/IMG_20231109_105048-768x346.jpg 768w, https:\/\/cdsde.com.ar\/wp-content\/uploads\/2023\/11\/IMG_20231109_105048-1536x691.jpg 1536w, https:\/\/cdsde.com.ar\/wp-content\/uploads\/2023\/11\/IMG_20231109_105048-2048x922.jpg 2048w\" class=\"wp-image-2226 jetpack-lazy-image jetpack-lazy-image--handled lazyload\" src=\"data:image\/gif;base64,R0lGODlhAQABAIAAAAAAAP\/\/\/yH5BAEAAAAALAAAAAABAAEAAAIBRAA7\" sizes=\"(max-width: 1024px) 100vw, 1024px\"  alt=\"\" width=\"1024\" height=\"461\" data-attachment-id=\"2226\" data-permalink=\"https:\/\/cdsde.com.ar\/index\/2023\/11\/09\/ediles-recibieron-en-comision-ampliada-a-representantes-del-servicio-semipublico-de-pasajeros\/img_20231109_105048\/\" data-orig-file=\"https:\/\/cdsde.com.ar\/wp-content\/uploads\/2023\/11\/IMG_20231109_105048-scaled.jpg\" data-orig-size=\"2560,1152\" data-comments-opened=\"1\" data-image-meta=\"{&quot;aperture&quot;:&quot;1.89&quot;,&quot;credit&quot;:&quot;&quot;,&quot;camera&quot;:&quot;2209116AG&quot;,&quot;caption&quot;:&quot;&quot;,&quot;created_timestamp&quot;:&quot;1699527048&quot;,&quot;copyright&quot;:&quot;&quot;,&quot;focal_length&quot;:&quot;5.948&quot;,&quot;iso&quot;:&quot;469&quot;,&quot;shutter_speed&quot;:&quot;0.03030303030303&quot;,&quot;title&quot;:&quot;&quot;,&quot;orientation&quot;:&quot;1&quot;}\" data-image-title=\"IMG_20231109_105048\" data-image-description=\"\" data-image-caption=\"\" data-medium-file=\"https:\/\/cdsde.com.ar\/wp-content\/uploads\/2023\/11\/IMG_20231109_105048-300x135.jpg\" data-large-file=\"https:\/\/cdsde.com.ar\/wp-content\/uploads\/2023\/11\/IMG_20231109_105048-1024x461.jpg\" data-id=\"2226\" data-lazy-loaded=\"1\" \/><noscript><img decoding=\"async\" class=\"wp-image-2226 jetpack-lazy-image jetpack-lazy-image--handled\" src=\"https:\/\/cdsde.com.ar\/wp-content\/uploads\/2023\/11\/IMG_20231109_105048-1024x461.jpg\" sizes=\"(max-width: 1024px) 100vw, 1024px\" srcset=\"https:\/\/cdsde.com.ar\/wp-content\/uploads\/2023\/11\/IMG_20231109_105048-1024x461.jpg 1024w, https:\/\/cdsde.com.ar\/wp-content\/uploads\/2023\/11\/IMG_20231109_105048-300x135.jpg 300w, https:\/\/cdsde.com.ar\/wp-content\/uploads\/2023\/11\/IMG_20231109_105048-768x346.jpg 768w, https:\/\/cdsde.com.ar\/wp-content\/uploads\/2023\/11\/IMG_20231109_105048-1536x691.jpg 1536w, https:\/\/cdsde.com.ar\/wp-content\/uploads\/2023\/11\/IMG_20231109_105048-2048x922.jpg 2048w\" alt=\"\" width=\"1024\" height=\"461\" data-attachment-id=\"2226\" data-permalink=\"https:\/\/cdsde.com.ar\/index\/2023\/11\/09\/ediles-recibieron-en-comision-ampliada-a-representantes-del-servicio-semipublico-de-pasajeros\/img_20231109_105048\/\" data-orig-file=\"https:\/\/cdsde.com.ar\/wp-content\/uploads\/2023\/11\/IMG_20231109_105048-scaled.jpg\" data-orig-size=\"2560,1152\" data-comments-opened=\"1\" data-image-meta=\"{&quot;aperture&quot;:&quot;1.89&quot;,&quot;credit&quot;:&quot;&quot;,&quot;camera&quot;:&quot;2209116AG&quot;,&quot;caption&quot;:&quot;&quot;,&quot;created_timestamp&quot;:&quot;1699527048&quot;,&quot;copyright&quot;:&quot;&quot;,&quot;focal_length&quot;:&quot;5.948&quot;,&quot;iso&quot;:&quot;469&quot;,&quot;shutter_speed&quot;:&quot;0.03030303030303&quot;,&quot;title&quot;:&quot;&quot;,&quot;orientation&quot;:&quot;1&quot;}\" data-image-title=\"IMG_20231109_105048\" data-image-description=\"\" data-image-caption=\"\" data-medium-file=\"https:\/\/cdsde.com.ar\/wp-content\/uploads\/2023\/11\/IMG_20231109_105048-300x135.jpg\" data-large-file=\"https:\/\/cdsde.com.ar\/wp-content\/uploads\/2023\/11\/IMG_20231109_105048-1024x461.jpg\" data-id=\"2226\" data-lazy-loaded=\"1\"><\/noscript><\/figure>\n<figure class=\"wp-block-image size-large\"><img decoding=\"async\" data-src=\"https:\/\/cdsde.com.ar\/wp-content\/uploads\/2023\/11\/IMG_20231109_105139-1024x461.jpg\" data-srcset=\"https:\/\/cdsde.com.ar\/wp-content\/uploads\/2023\/11\/IMG_20231109_105139-1024x461.jpg 1024w, https:\/\/cdsde.com.ar\/wp-content\/uploads\/2023\/11\/IMG_20231109_105139-300x135.jpg 300w, https:\/\/cdsde.com.ar\/wp-content\/uploads\/2023\/11\/IMG_20231109_105139-768x346.jpg 768w, https:\/\/cdsde.com.ar\/wp-content\/uploads\/2023\/11\/IMG_20231109_105139-1536x691.jpg 1536w, https:\/\/cdsde.com.ar\/wp-content\/uploads\/2023\/11\/IMG_20231109_105139-2048x922.jpg 2048w\" class=\"wp-image-2225 jetpack-lazy-image jetpack-lazy-image--handled lazyload\" src=\"data:image\/gif;base64,R0lGODlhAQABAIAAAAAAAP\/\/\/yH5BAEAAAAALAAAAAABAAEAAAIBRAA7\" sizes=\"(max-width: 1024px) 100vw, 1024px\"  alt=\"\" width=\"1024\" height=\"461\" data-attachment-id=\"2225\" data-permalink=\"https:\/\/cdsde.com.ar\/index\/2023\/11\/09\/ediles-recibieron-en-comision-ampliada-a-representantes-del-servicio-semipublico-de-pasajeros\/img_20231109_105139\/\" data-orig-file=\"https:\/\/cdsde.com.ar\/wp-content\/uploads\/2023\/11\/IMG_20231109_105139-scaled.jpg\" data-orig-size=\"2560,1152\" data-comments-opened=\"1\" data-image-meta=\"{&quot;aperture&quot;:&quot;1.89&quot;,&quot;credit&quot;:&quot;&quot;,&quot;camera&quot;:&quot;2209116AG&quot;,&quot;caption&quot;:&quot;&quot;,&quot;created_timestamp&quot;:&quot;1699527099&quot;,&quot;copyright&quot;:&quot;&quot;,&quot;focal_length&quot;:&quot;5.948&quot;,&quot;iso&quot;:&quot;447&quot;,&quot;shutter_speed&quot;:&quot;0.03030303030303&quot;,&quot;title&quot;:&quot;&quot;,&quot;orientation&quot;:&quot;1&quot;}\" data-image-title=\"IMG_20231109_105139\" data-image-description=\"\" data-image-caption=\"\" data-medium-file=\"https:\/\/cdsde.com.ar\/wp-content\/uploads\/2023\/11\/IMG_20231109_105139-300x135.jpg\" data-large-file=\"https:\/\/cdsde.com.ar\/wp-content\/uploads\/2023\/11\/IMG_20231109_105139-1024x461.jpg\" data-id=\"2225\" data-lazy-loaded=\"1\" \/><noscript><img decoding=\"async\" class=\"wp-image-2225 jetpack-lazy-image jetpack-lazy-image--handled\" src=\"https:\/\/cdsde.com.ar\/wp-content\/uploads\/2023\/11\/IMG_20231109_105139-1024x461.jpg\" sizes=\"(max-width: 1024px) 100vw, 1024px\" srcset=\"https:\/\/cdsde.com.ar\/wp-content\/uploads\/2023\/11\/IMG_20231109_105139-1024x461.jpg 1024w, https:\/\/cdsde.com.ar\/wp-content\/uploads\/2023\/11\/IMG_20231109_105139-300x135.jpg 300w, https:\/\/cdsde.com.ar\/wp-content\/uploads\/2023\/11\/IMG_20231109_105139-768x346.jpg 768w, https:\/\/cdsde.com.ar\/wp-content\/uploads\/2023\/11\/IMG_20231109_105139-1536x691.jpg 1536w, https:\/\/cdsde.com.ar\/wp-content\/uploads\/2023\/11\/IMG_20231109_105139-2048x922.jpg 2048w\" alt=\"\" width=\"1024\" height=\"461\" data-attachment-id=\"2225\" data-permalink=\"https:\/\/cdsde.com.ar\/index\/2023\/11\/09\/ediles-recibieron-en-comision-ampliada-a-representantes-del-servicio-semipublico-de-pasajeros\/img_20231109_105139\/\" data-orig-file=\"https:\/\/cdsde.com.ar\/wp-content\/uploads\/2023\/11\/IMG_20231109_105139-scaled.jpg\" data-orig-size=\"2560,1152\" data-comments-opened=\"1\" data-image-meta=\"{&quot;aperture&quot;:&quot;1.89&quot;,&quot;credit&quot;:&quot;&quot;,&quot;camera&quot;:&quot;2209116AG&quot;,&quot;caption&quot;:&quot;&quot;,&quot;created_timestamp&quot;:&quot;1699527099&quot;,&quot;copyright&quot;:&quot;&quot;,&quot;focal_length&quot;:&quot;5.948&quot;,&quot;iso&quot;:&quot;447&quot;,&quot;shutter_speed&quot;:&quot;0.03030303030303&quot;,&quot;title&quot;:&quot;&quot;,&quot;orientation&quot;:&quot;1&quot;}\" data-image-title=\"IMG_20231109_105139\" data-image-description=\"\" data-image-caption=\"\" data-medium-file=\"https:\/\/cdsde.com.ar\/wp-content\/uploads\/2023\/11\/IMG_20231109_105139-300x135.jpg\" data-large-file=\"https:\/\/cdsde.com.ar\/wp-content\/uploads\/2023\/11\/IMG_20231109_105139-1024x461.jpg\" data-id=\"2225\" data-lazy-loaded=\"1\"><\/noscript><\/figure>\n<\/figure>\n<p>De la reuni\u00f3n participaron, por el oficialismo; el presidente del HCD, Humberto Santill\u00e1n; el vicepresidente primero y titular de la comisi\u00f3n, Walter Medina Salom\u00f3n; la vicepresidente segunda, Marisa P\u00e9rez Nazar; Carlos Basualdo; Aida Soria; Gabriela Ortiz; Gustavo Salvatierra Rodr\u00edguez; y ediles de la oposici\u00f3n, Facundo P\u00e9rez Carletti y Mar\u00eda Cecilia Neme. Por la FNPP, Luciano Ledesma; por la ASPAA, Walter Soria y Luis Rodr\u00edguez; por la C\u00e1mara de Propietarios de Taxis, Juan Siadi y Rolando Sosa; por Asociaci\u00f3n de Peones de Taxi, Daniel Rosas y por la Cooperativa de Taxis, Marcelo Gim\u00e9nez.<\/p>\n<p>En contacto con la prensa, el presidente de la comisi\u00f3n concejal Walter Medina Salom\u00f3n, indic\u00f3 que fue una reuni\u00f3n positiva, oportunidad en la que fueron tratados los temas planteados, con los representantes de los sectores firmantes de la petici\u00f3n presentada, y ediles de todas las bancadas.<\/p>\n<p>Se\u00f1al\u00f3 que \u201chay una serie de pedidos, de los distintos sectores que han participado de la reuni\u00f3n, y que ser\u00e1n motivo de an\u00e1lisis en una nueva reuni\u00f3n ampliada, con todos los concejales, porque es un tema sensible para toda la comunidad. As\u00ed es que, en esta ocasi\u00f3n, hemos discutido y analizado las distintas ponencias que tienen ellos y nosotros por lo que se acord\u00f3 que, se convocar\u00e1 a una nueva reuni\u00f3n, posterior a las evaluaciones que nosotros tenemos que hacer\u201d.<\/p>\n<p>Puntualiz\u00f3 que \u201ctengamos en cuenta que tenemos que elevar consultas a la direcci\u00f3n de Tr\u00e1nsito Municipal y al DEM, que deber\u00e1n realizar los an\u00e1lisis pertinentes de costos y analizar los otros pedidos. Entre ellos, record\u00f3, la solicitud de pr\u00f3rroga de los de los veh\u00edculos modelos 2011 al 2013 que vencer\u00edan ahora en diciembre, medidas que, en su momento, se acordaron excepcionalmente, por un a\u00f1o o dos a\u00f1os, para que puedan seguir funcionando, previa Verificaci\u00f3n T\u00e9cnica Obligatoria\u201d.<\/p>\n<p>Indic\u00f3 el edil que \u201csomos conscientes de la crisis que agobia al sector, como as\u00ed en el contexto general, procuraremos entre todos buscar respuestas, que sean positivas para los mismos, como as\u00ed tambi\u00e9n adoptar medidas para mejorar el funcionamiento del servicio, que redunde en beneficio del usuario\u201d.<\/p>\n<p>Abund\u00f3 que \u201cnosotros entendemos toda esta situaci\u00f3n que se plantea. Pero debemos analizar todo el contexto general inflacionario, que es importante, por lo que debemos de ir adecuando todas las actividades y debemos ir reordenando el sistema, para que no deje de funcionar, y nosotros tambi\u00e9n podamos exigirles a los prestadores que tengan un mejor servicio\u201d.<\/p>\n<figure class=\"wp-block-gallery has-nested-images columns-default is-cropped wp-block-gallery-2 is-layout-flex wp-block-gallery-is-layout-flex\" data-carousel-extra=\"{&quot;blog_id&quot;:1,&quot;permalink&quot;:&quot;https:\\\/\\\/cdsde.com.ar\\\/index\\\/2023\\\/11\\\/09\\\/ediles-recibieron-en-comision-ampliada-a-representantes-del-servicio-semipublico-de-pasajeros\\\/&quot;}\">\n<figure class=\"wp-block-image size-large\"><img decoding=\"async\" data-src=\"https:\/\/cdsde.com.ar\/wp-content\/uploads\/2023\/11\/IMG_20231109_105317-1024x461.jpg\" data-srcset=\"https:\/\/cdsde.com.ar\/wp-content\/uploads\/2023\/11\/IMG_20231109_105317-1024x461.jpg 1024w, https:\/\/cdsde.com.ar\/wp-content\/uploads\/2023\/11\/IMG_20231109_105317-300x135.jpg 300w, https:\/\/cdsde.com.ar\/wp-content\/uploads\/2023\/11\/IMG_20231109_105317-768x345.jpg 768w, https:\/\/cdsde.com.ar\/wp-content\/uploads\/2023\/11\/IMG_20231109_105317-1536x691.jpg 1536w, https:\/\/cdsde.com.ar\/wp-content\/uploads\/2023\/11\/IMG_20231109_105317-2048x921.jpg 2048w\" class=\"wp-image-2224 jetpack-lazy-image jetpack-lazy-image--handled lazyload\" src=\"data:image\/gif;base64,R0lGODlhAQABAIAAAAAAAP\/\/\/yH5BAEAAAAALAAAAAABAAEAAAIBRAA7\" sizes=\"(max-width: 1024px) 100vw, 1024px\"  alt=\"\" width=\"1024\" height=\"461\" data-attachment-id=\"2224\" data-permalink=\"https:\/\/cdsde.com.ar\/index\/2023\/11\/09\/ediles-recibieron-en-comision-ampliada-a-representantes-del-servicio-semipublico-de-pasajeros\/img_20231109_105317\/\" data-orig-file=\"https:\/\/cdsde.com.ar\/wp-content\/uploads\/2023\/11\/IMG_20231109_105317-scaled.jpg\" data-orig-size=\"2560,1151\" data-comments-opened=\"1\" data-image-meta=\"{&quot;aperture&quot;:&quot;2.2&quot;,&quot;credit&quot;:&quot;&quot;,&quot;camera&quot;:&quot;2209116AG&quot;,&quot;caption&quot;:&quot;&quot;,&quot;created_timestamp&quot;:&quot;1699527197&quot;,&quot;copyright&quot;:&quot;&quot;,&quot;focal_length&quot;:&quot;1.66&quot;,&quot;iso&quot;:&quot;357&quot;,&quot;shutter_speed&quot;:&quot;0.03030303030303&quot;,&quot;title&quot;:&quot;&quot;,&quot;orientation&quot;:&quot;1&quot;}\" data-image-title=\"IMG_20231109_105317\" data-image-description=\"\" data-image-caption=\"\" data-medium-file=\"https:\/\/cdsde.com.ar\/wp-content\/uploads\/2023\/11\/IMG_20231109_105317-300x135.jpg\" data-large-file=\"https:\/\/cdsde.com.ar\/wp-content\/uploads\/2023\/11\/IMG_20231109_105317-1024x461.jpg\" data-id=\"2224\" data-lazy-loaded=\"1\" \/><noscript><img decoding=\"async\" class=\"wp-image-2224 jetpack-lazy-image jetpack-lazy-image--handled\" src=\"https:\/\/cdsde.com.ar\/wp-content\/uploads\/2023\/11\/IMG_20231109_105317-1024x461.jpg\" sizes=\"(max-width: 1024px) 100vw, 1024px\" srcset=\"https:\/\/cdsde.com.ar\/wp-content\/uploads\/2023\/11\/IMG_20231109_105317-1024x461.jpg 1024w, https:\/\/cdsde.com.ar\/wp-content\/uploads\/2023\/11\/IMG_20231109_105317-300x135.jpg 300w, https:\/\/cdsde.com.ar\/wp-content\/uploads\/2023\/11\/IMG_20231109_105317-768x345.jpg 768w, https:\/\/cdsde.com.ar\/wp-content\/uploads\/2023\/11\/IMG_20231109_105317-1536x691.jpg 1536w, https:\/\/cdsde.com.ar\/wp-content\/uploads\/2023\/11\/IMG_20231109_105317-2048x921.jpg 2048w\" alt=\"\" width=\"1024\" height=\"461\" data-attachment-id=\"2224\" data-permalink=\"https:\/\/cdsde.com.ar\/index\/2023\/11\/09\/ediles-recibieron-en-comision-ampliada-a-representantes-del-servicio-semipublico-de-pasajeros\/img_20231109_105317\/\" data-orig-file=\"https:\/\/cdsde.com.ar\/wp-content\/uploads\/2023\/11\/IMG_20231109_105317-scaled.jpg\" data-orig-size=\"2560,1151\" data-comments-opened=\"1\" data-image-meta=\"{&quot;aperture&quot;:&quot;2.2&quot;,&quot;credit&quot;:&quot;&quot;,&quot;camera&quot;:&quot;2209116AG&quot;,&quot;caption&quot;:&quot;&quot;,&quot;created_timestamp&quot;:&quot;1699527197&quot;,&quot;copyright&quot;:&quot;&quot;,&quot;focal_length&quot;:&quot;1.66&quot;,&quot;iso&quot;:&quot;357&quot;,&quot;shutter_speed&quot;:&quot;0.03030303030303&quot;,&quot;title&quot;:&quot;&quot;,&quot;orientation&quot;:&quot;1&quot;}\" data-image-title=\"IMG_20231109_105317\" data-image-description=\"\" data-image-caption=\"\" data-medium-file=\"https:\/\/cdsde.com.ar\/wp-content\/uploads\/2023\/11\/IMG_20231109_105317-300x135.jpg\" data-large-file=\"https:\/\/cdsde.com.ar\/wp-content\/uploads\/2023\/11\/IMG_20231109_105317-1024x461.jpg\" data-id=\"2224\" data-lazy-loaded=\"1\"><\/noscript><\/figure>\n<figure class=\"wp-block-image size-large\"><img decoding=\"async\" data-src=\"https:\/\/cdsde.com.ar\/wp-content\/uploads\/2023\/11\/IMG_20231109_105422-1024x461.jpg\" data-srcset=\"https:\/\/cdsde.com.ar\/wp-content\/uploads\/2023\/11\/IMG_20231109_105422-1024x461.jpg 1024w, https:\/\/cdsde.com.ar\/wp-content\/uploads\/2023\/11\/IMG_20231109_105422-300x135.jpg 300w, https:\/\/cdsde.com.ar\/wp-content\/uploads\/2023\/11\/IMG_20231109_105422-768x346.jpg 768w, https:\/\/cdsde.com.ar\/wp-content\/uploads\/2023\/11\/IMG_20231109_105422-1536x691.jpg 1536w, https:\/\/cdsde.com.ar\/wp-content\/uploads\/2023\/11\/IMG_20231109_105422-2048x922.jpg 2048w\" class=\"wp-image-2223 jetpack-lazy-image jetpack-lazy-image--handled lazyload\" src=\"data:image\/gif;base64,R0lGODlhAQABAIAAAAAAAP\/\/\/yH5BAEAAAAALAAAAAABAAEAAAIBRAA7\" sizes=\"(max-width: 1024px) 100vw, 1024px\"  alt=\"\" width=\"1024\" height=\"461\" data-attachment-id=\"2223\" data-permalink=\"https:\/\/cdsde.com.ar\/index\/2023\/11\/09\/ediles-recibieron-en-comision-ampliada-a-representantes-del-servicio-semipublico-de-pasajeros\/img_20231109_105422\/\" data-orig-file=\"https:\/\/cdsde.com.ar\/wp-content\/uploads\/2023\/11\/IMG_20231109_105422-scaled.jpg\" data-orig-size=\"2560,1152\" data-comments-opened=\"1\" data-image-meta=\"{&quot;aperture&quot;:&quot;1.89&quot;,&quot;credit&quot;:&quot;&quot;,&quot;camera&quot;:&quot;2209116AG&quot;,&quot;caption&quot;:&quot;&quot;,&quot;created_timestamp&quot;:&quot;1699527262&quot;,&quot;copyright&quot;:&quot;&quot;,&quot;focal_length&quot;:&quot;5.948&quot;,&quot;iso&quot;:&quot;616&quot;,&quot;shutter_speed&quot;:&quot;0.02&quot;,&quot;title&quot;:&quot;&quot;,&quot;orientation&quot;:&quot;1&quot;}\" data-image-title=\"IMG_20231109_105422\" data-image-description=\"\" data-image-caption=\"\" data-medium-file=\"https:\/\/cdsde.com.ar\/wp-content\/uploads\/2023\/11\/IMG_20231109_105422-300x135.jpg\" data-large-file=\"https:\/\/cdsde.com.ar\/wp-content\/uploads\/2023\/11\/IMG_20231109_105422-1024x461.jpg\" data-id=\"2223\" data-lazy-loaded=\"1\" \/><noscript><img decoding=\"async\" class=\"wp-image-2223 jetpack-lazy-image jetpack-lazy-image--handled\" src=\"https:\/\/cdsde.com.ar\/wp-content\/uploads\/2023\/11\/IMG_20231109_105422-1024x461.jpg\" sizes=\"(max-width: 1024px) 100vw, 1024px\" srcset=\"https:\/\/cdsde.com.ar\/wp-content\/uploads\/2023\/11\/IMG_20231109_105422-1024x461.jpg 1024w, https:\/\/cdsde.com.ar\/wp-content\/uploads\/2023\/11\/IMG_20231109_105422-300x135.jpg 300w, https:\/\/cdsde.com.ar\/wp-content\/uploads\/2023\/11\/IMG_20231109_105422-768x346.jpg 768w, https:\/\/cdsde.com.ar\/wp-content\/uploads\/2023\/11\/IMG_20231109_105422-1536x691.jpg 1536w, https:\/\/cdsde.com.ar\/wp-content\/uploads\/2023\/11\/IMG_20231109_105422-2048x922.jpg 2048w\" alt=\"\" width=\"1024\" height=\"461\" data-attachment-id=\"2223\" data-permalink=\"https:\/\/cdsde.com.ar\/index\/2023\/11\/09\/ediles-recibieron-en-comision-ampliada-a-representantes-del-servicio-semipublico-de-pasajeros\/img_20231109_105422\/\" data-orig-file=\"https:\/\/cdsde.com.ar\/wp-content\/uploads\/2023\/11\/IMG_20231109_105422-scaled.jpg\" data-orig-size=\"2560,1152\" data-comments-opened=\"1\" data-image-meta=\"{&quot;aperture&quot;:&quot;1.89&quot;,&quot;credit&quot;:&quot;&quot;,&quot;camera&quot;:&quot;2209116AG&quot;,&quot;caption&quot;:&quot;&quot;,&quot;created_timestamp&quot;:&quot;1699527262&quot;,&quot;copyright&quot;:&quot;&quot;,&quot;focal_length&quot;:&quot;5.948&quot;,&quot;iso&quot;:&quot;616&quot;,&quot;shutter_speed&quot;:&quot;0.02&quot;,&quot;title&quot;:&quot;&quot;,&quot;orientation&quot;:&quot;1&quot;}\" data-image-title=\"IMG_20231109_105422\" data-image-description=\"\" data-image-caption=\"\" data-medium-file=\"https:\/\/cdsde.com.ar\/wp-content\/uploads\/2023\/11\/IMG_20231109_105422-300x135.jpg\" data-large-file=\"https:\/\/cdsde.com.ar\/wp-content\/uploads\/2023\/11\/IMG_20231109_105422-1024x461.jpg\" data-id=\"2223\" data-lazy-loaded=\"1\"><\/noscript><\/figure>\n<figure class=\"wp-block-image size-large\"><img decoding=\"async\" data-src=\"https:\/\/cdsde.com.ar\/wp-content\/uploads\/2023\/11\/IMG_20231109_105426_1-1-1024x461.jpg\" data-srcset=\"https:\/\/cdsde.com.ar\/wp-content\/uploads\/2023\/11\/IMG_20231109_105426_1-1-1024x461.jpg 1024w, https:\/\/cdsde.com.ar\/wp-content\/uploads\/2023\/11\/IMG_20231109_105426_1-1-300x135.jpg 300w, https:\/\/cdsde.com.ar\/wp-content\/uploads\/2023\/11\/IMG_20231109_105426_1-1-768x346.jpg 768w, https:\/\/cdsde.com.ar\/wp-content\/uploads\/2023\/11\/IMG_20231109_105426_1-1-1536x691.jpg 1536w, https:\/\/cdsde.com.ar\/wp-content\/uploads\/2023\/11\/IMG_20231109_105426_1-1-2048x922.jpg 2048w\" class=\"wp-image-2221 jetpack-lazy-image jetpack-lazy-image--handled lazyload\" src=\"data:image\/gif;base64,R0lGODlhAQABAIAAAAAAAP\/\/\/yH5BAEAAAAALAAAAAABAAEAAAIBRAA7\" sizes=\"(max-width: 1024px) 100vw, 1024px\"  alt=\"\" width=\"1024\" height=\"461\" data-attachment-id=\"2221\" data-permalink=\"https:\/\/cdsde.com.ar\/index\/2023\/11\/09\/ediles-recibieron-en-comision-ampliada-a-representantes-del-servicio-semipublico-de-pasajeros\/img_20231109_105426_1-2\/\" data-orig-file=\"https:\/\/cdsde.com.ar\/wp-content\/uploads\/2023\/11\/IMG_20231109_105426_1-1-scaled.jpg\" data-orig-size=\"2560,1152\" data-comments-opened=\"1\" data-image-meta=\"{&quot;aperture&quot;:&quot;1.89&quot;,&quot;credit&quot;:&quot;&quot;,&quot;camera&quot;:&quot;2209116AG&quot;,&quot;caption&quot;:&quot;&quot;,&quot;created_timestamp&quot;:&quot;1699527267&quot;,&quot;copyright&quot;:&quot;&quot;,&quot;focal_length&quot;:&quot;5.948&quot;,&quot;iso&quot;:&quot;626&quot;,&quot;shutter_speed&quot;:&quot;0.02&quot;,&quot;title&quot;:&quot;&quot;,&quot;orientation&quot;:&quot;1&quot;}\" data-image-title=\"IMG_20231109_105426_1\" data-image-description=\"\" data-image-caption=\"\" data-medium-file=\"https:\/\/cdsde.com.ar\/wp-content\/uploads\/2023\/11\/IMG_20231109_105426_1-1-300x135.jpg\" data-large-file=\"https:\/\/cdsde.com.ar\/wp-content\/uploads\/2023\/11\/IMG_20231109_105426_1-1-1024x461.jpg\" data-id=\"2221\" data-lazy-loaded=\"1\" \/><noscript><img decoding=\"async\" class=\"wp-image-2221 jetpack-lazy-image jetpack-lazy-image--handled\" src=\"https:\/\/cdsde.com.ar\/wp-content\/uploads\/2023\/11\/IMG_20231109_105426_1-1-1024x461.jpg\" sizes=\"(max-width: 1024px) 100vw, 1024px\" srcset=\"https:\/\/cdsde.com.ar\/wp-content\/uploads\/2023\/11\/IMG_20231109_105426_1-1-1024x461.jpg 1024w, https:\/\/cdsde.com.ar\/wp-content\/uploads\/2023\/11\/IMG_20231109_105426_1-1-300x135.jpg 300w, https:\/\/cdsde.com.ar\/wp-content\/uploads\/2023\/11\/IMG_20231109_105426_1-1-768x346.jpg 768w, https:\/\/cdsde.com.ar\/wp-content\/uploads\/2023\/11\/IMG_20231109_105426_1-1-1536x691.jpg 1536w, https:\/\/cdsde.com.ar\/wp-content\/uploads\/2023\/11\/IMG_20231109_105426_1-1-2048x922.jpg 2048w\" alt=\"\" width=\"1024\" height=\"461\" data-attachment-id=\"2221\" data-permalink=\"https:\/\/cdsde.com.ar\/index\/2023\/11\/09\/ediles-recibieron-en-comision-ampliada-a-representantes-del-servicio-semipublico-de-pasajeros\/img_20231109_105426_1-2\/\" data-orig-file=\"https:\/\/cdsde.com.ar\/wp-content\/uploads\/2023\/11\/IMG_20231109_105426_1-1-scaled.jpg\" data-orig-size=\"2560,1152\" data-comments-opened=\"1\" data-image-meta=\"{&quot;aperture&quot;:&quot;1.89&quot;,&quot;credit&quot;:&quot;&quot;,&quot;camera&quot;:&quot;2209116AG&quot;,&quot;caption&quot;:&quot;&quot;,&quot;created_timestamp&quot;:&quot;1699527267&quot;,&quot;copyright&quot;:&quot;&quot;,&quot;focal_length&quot;:&quot;5.948&quot;,&quot;iso&quot;:&quot;626&quot;,&quot;shutter_speed&quot;:&quot;0.02&quot;,&quot;title&quot;:&quot;&quot;,&quot;orientation&quot;:&quot;1&quot;}\" data-image-title=\"IMG_20231109_105426_1\" data-image-description=\"\" data-image-caption=\"\" data-medium-file=\"https:\/\/cdsde.com.ar\/wp-content\/uploads\/2023\/11\/IMG_20231109_105426_1-1-300x135.jpg\" data-large-file=\"https:\/\/cdsde.com.ar\/wp-content\/uploads\/2023\/11\/IMG_20231109_105426_1-1-1024x461.jpg\" data-id=\"2221\" data-lazy-loaded=\"1\"><\/noscript><\/figure>\n<\/figure>\n<p><strong>Luciano Ledesma<\/strong><\/p>\n<p>Por su parte, el representante de la Federaci\u00f3n Nacional de Propietarios de Taxis, Luciano Ledesma, al t\u00e9rmino de la reuni\u00f3n indic\u00f3 satisfecho que \u201chemos sido convocados oficialmente por el cuerpo de concejales capitalinos, a una reuni\u00f3n con todos los representantes del sector\u201d.<\/p>\n<p>Se\u00f1al\u00f3 que \u201cestuvimos hablando sobre el petitorio que hicimos la semana pasada donde planteamos la necesidad de una urgente readecuaci\u00f3n del cuadro tarifario (150%); la pr\u00f3rroga en el vencimiento de los modelos de veh\u00edculos de m\u00e1s de 10 a\u00f1os; como as\u00ed se respeten los requisitos para la renovaci\u00f3n de las habilitaciones que tenemos\u201d.<\/p>\n<p>Agradeci\u00f3 Ledesma a los ediles \u201cesta oportunidad de di\u00e1logo y la buena disposici\u00f3n para poder plantear abiertamente la problem\u00e1tica que afecta a nuestro sector. Destacamos la apertura al di\u00e1logo y la disposici\u00f3n de los ediles, para que se puedan tratar estos temas, y que sea lo m\u00e1s pronto posible su resoluci\u00f3n\u201d.<\/p>\n<p>Al aludir al contexto inflacionario, del cual el sector no est\u00e1 exento, indic\u00f3 que \u201cestamos teniendo porcentajes aproximados de unos 12,4%, 12,7% de inflaci\u00f3n mensual, y anual superior al 140%, seg\u00fan el INDEC. Son los datos que conocemos y, la \u00faltima readecuaci\u00f3n tarifaria que obtuvimos fue en el mes de marzo pasado. Hoy nos encontramos aqu\u00ed, despu\u00e9s de muchos meses de venir soportando mes tras mes el incremento de todos los insumos, combustibles y servicios, a lo que se agrega que observamos un incremento importante en el precio de las unidades automotrices\u201d.<\/p>\n<p>Revel\u00f3 Ledesma que, cada vez, hay menos veh\u00edculos trabajando, para el transporte semip\u00fablico de pasajeros, por lo que el servicio se est\u00e1 resintiendo. \u201cEl cupo para que se pueda cubrir la demanda de Capital es de 2200 veh\u00edculos y estamos teniendo un faltante muy importante. A todo se agrega que hemos tenido faltante de combustible y sufrido incrementos sucesivos en el valor del insumo en estos d\u00edas. Se increment\u00f3 en dos tres veces de combustible en el mes y, lamentablemente, necesitamos hacer esta readecuaci\u00f3n para que el vecino pueda contar con la prestaci\u00f3n de servicio de transporte\u201d.<\/p>\n<p>Por \u00faltimo, reflexion\u00f3 que \u201chemos observado medidas con sentido de solidaridad del gobierno nacional y provincial, que tambi\u00e9n requerimos nosotros, para que podamos entre todos poder seguir adelante y tratar de sobrellevar esta situaci\u00f3n econ\u00f3mica at\u00edpica que est\u00e1 atravesando el pa\u00eds\u201d.<\/p>\n","protected":false},"excerpt":{"rendered":"<p>09.11.23\u00a0Este jueves, desde las 10,30, en Sala de Comisiones, se llev\u00f3 a cabo una reuni\u00f3n de comisi\u00f3n ampliada, de Obras y Servicios P\u00fablicos del Concejo Deliberante capitalino, con los representantes de la Federaci\u00f3n Nacional de Propietarios de Taxi, la C\u00e1mara de Propietarios de Empresas de Radio Taxis y la Asociaci\u00f3n Santiague\u00f1a de Propietarios de Autos de Alquiler y la Cooperativa de Taxis \u201cNueva Terminal de \u00d3mnibus de SDE\u201d. La misma, se concret\u00f3 a los efectos de profundizar en el di\u00e1logo con los ediles aspectos puntuales de la presentaci\u00f3n conjunta realizada&hellip;<\/p>\n","protected":false},"author":1,"featured_media":0,"comment_status":"open","ping_status":"closed","sticky":false,"template":"","format":"standard","meta":{"footnotes":""},"categories":[3],"tags":[],"class_list":["post-4984","post","type-post","status-publish","format-standard","hentry","category-hcd-capital"],"rttpg_featured_image_url":null,"rttpg_author":{"display_name":"rober","author_link":"https:\/\/livingmultimediosde.net.ar\/INDEX\/author\/rober\/"},"rttpg_comment":0,"rttpg_category":"<a href=\"https:\/\/livingmultimediosde.net.ar\/INDEX\/category\/hcd-capital\/\" rel=\"category tag\">HCD CAPITAL<\/a>","rttpg_excerpt":"09.11.23\u00a0Este jueves, desde las 10,30, en Sala de Comisiones, se llev\u00f3 a cabo una reuni\u00f3n de comisi\u00f3n ampliada, de Obras y Servicios P\u00fablicos del Concejo Deliberante capitalino, con los representantes de la Federaci\u00f3n Nacional de Propietarios de Taxi, la C\u00e1mara de Propietarios de Empresas de Radio Taxis y la Asociaci\u00f3n Santiague\u00f1a de Propietarios de Autos&hellip;","_links":{"self":[{"href":"https:\/\/livingmultimediosde.net.ar\/INDEX\/wp-json\/wp\/v2\/posts\/4984","targetHints":{"allow":["GET"]}}],"collection":[{"href":"https:\/\/livingmultimediosde.net.ar\/INDEX\/wp-json\/wp\/v2\/posts"}],"about":[{"href":"https:\/\/livingmultimediosde.net.ar\/INDEX\/wp-json\/wp\/v2\/types\/post"}],"author":[{"embeddable":true,"href":"https:\/\/livingmultimediosde.net.ar\/INDEX\/wp-json\/wp\/v2\/users\/1"}],"replies":[{"embeddable":true,"href":"https:\/\/livingmultimediosde.net.ar\/INDEX\/wp-json\/wp\/v2\/comments?post=4984"}],"version-history":[{"count":1,"href":"https:\/\/livingmultimediosde.net.ar\/INDEX\/wp-json\/wp\/v2\/posts\/4984\/revisions"}],"predecessor-version":[{"id":4987,"href":"https:\/\/livingmultimediosde.net.ar\/INDEX\/wp-json\/wp\/v2\/posts\/4984\/revisions\/4987"}],"wp:attachment":[{"href":"https:\/\/livingmultimediosde.net.ar\/INDEX\/wp-json\/wp\/v2\/media?parent=4984"}],"wp:term":[{"taxonomy":"category","embeddable":true,"href":"https:\/\/livingmultimediosde.net.ar\/INDEX\/wp-json\/wp\/v2\/categories?post=4984"},{"taxonomy":"post_tag","embeddable":true,"href":"https:\/\/livingmultimediosde.net.ar\/INDEX\/wp-json\/wp\/v2\/tags?post=4984"}],"curies":[{"name":"wp","href":"https:\/\/api.w.org\/{rel}","templated":true}]}}