{"id":4980,"date":"2023-11-10T13:44:49","date_gmt":"2023-11-10T13:44:49","guid":{"rendered":"https:\/\/livingmultimediosde.net.ar\/INDEX\/?p=4980"},"modified":"2023-11-10T13:44:49","modified_gmt":"2023-11-10T13:44:49","slug":"presentaron-el-libro-arsenal-vol-2-con-historietas-y-comics-de-artistas-santiaguenos","status":"publish","type":"post","link":"https:\/\/livingmultimediosde.net.ar\/INDEX\/2023\/11\/presentaron-el-libro-arsenal-vol-2-con-historietas-y-comics-de-artistas-santiaguenos\/","title":{"rendered":"Presentaron el libro \u201cArsenal Vol. 2\u201d con historietas y comics de artistas santiague\u00f1os"},"content":{"rendered":"<p>En el marco de las pol\u00edticas culturales impulsadas por el Gobierno Provincial, se realiz\u00f3 la presentaci\u00f3n del libro \u201cArsenal Vol. 2\u201d en un acto desarrollado en Casa Castro, que estuvo presidido por el jefe de Gabinete de Ministros, El\u00edas Su\u00e1rez.<\/p>\n<p>Como parte de la ceremonia se entregaron adem\u00e1s ejemplares a los autores de la obra que conjuga historias con una variedad ecl\u00e9tica de g\u00e9neros que van desde mitolog\u00eda, aventuras, la m\u00edstica del superh\u00e9roe y hasta el drama adolescente.<\/p>\n<p>Adem\u00e1s del jefe de Gabinete, en el acto participaron el subsecretario de Cultura, Juan Leguizam\u00f3n y Pablo \u00c1lvarez, reconocido dise\u00f1ador gr\u00e1fico, dibujante santiague\u00f1os y autor de comics e historietas.<\/p>\n<p>Tambi\u00e9n estuvieron presentes Pilar Taboada, Nicol\u00e1s Su\u00e1rez, Luca Gorini, Felipe Durando, Hugo Nicol\u00e1s G\u00f3mez Zarco, Paolo Novelli, Gonzalo Aguirre y Facundo Calandra, entre otros j\u00f3venes autores que se encuentran desarrollando y proyectando sus trabajos en el rubro.<\/p>\n<p>En ese marco, El\u00edas Su\u00e1rez puso de relieve el trabajo desarrollado por los artistas santiague\u00f1os que forman parte del libro. \u201cmotiva la pasi\u00f3n que ustedes ponen para que se haga realidad, que ustedes se nucleen, se junten, tengan distintas propuestas, desarrollen esa pasi\u00f3n y esa vocaci\u00f3n\u201d, indic\u00f3 al respecto.<\/p>\n<p>En ese sentido, el jefe de Gabinete ratific\u00f3 el compromiso de continuar \u201cacompa\u00f1ando y generando espacios a donde encontrarse, brindarles las herramientas, la posibilidad de mostrar su trabajo y que esa vocaci\u00f3n que ustedes tienen motive a otros artistas\u201d.<\/p>\n<p>Por su parte, Leguizam\u00f3n resalt\u00f3 que \u201ces importante exhibir estos trabajos, que los comics y las historietas ya tienen sus historias en la provincia, estas publicaciones no ser\u00edan posible sin apoyo del gobierno de la provincia y del trabajo constante de Jefatura de Gabinetes en distintas \u00e1reas\u201d.<\/p>\n<p>En tanto, Pablo \u00c1lvarez agradeci\u00f3 al Gobierno Provincial por darles la oportunidad a distintos autores y de ser parte colaborativa de estas publicaciones como esta nueva obra para Santiago del Estero. \u201cEs importante estos espacios que se dan y tambi\u00e9n por el apoyo de las editoriales y de cultura para poder plasmar estos comics\u201d, expres\u00f3.<\/p>\n<p>Cabe se\u00f1alar que el libro \u201cArsenal Vol. 2\u201d es el resultado de un trabajo colectivo que se realiz\u00f3 con el apoyo de la Jefatura de Gabinete de Ministros, a trav\u00e9s de la Subsecretar\u00eda de Cultura de la Provincia. El proyecto apunta a darles la oportunidad a los artistas emergentes santiague\u00f1os que se est\u00e1n formando en la provincia, generando un espacio en el que puedan publicar sus obras.<\/p>\n","protected":false},"excerpt":{"rendered":"<p>En el marco de las pol\u00edticas culturales impulsadas por el Gobierno Provincial, se realiz\u00f3 la presentaci\u00f3n del libro \u201cArsenal Vol. 2\u201d en un acto desarrollado en Casa Castro, que estuvo presidido por el jefe de Gabinete de Ministros, El\u00edas Su\u00e1rez. Como parte de la ceremonia se entregaron adem\u00e1s ejemplares a los autores de la obra que conjuga historias con una variedad ecl\u00e9tica de g\u00e9neros que van desde mitolog\u00eda, aventuras, la m\u00edstica del superh\u00e9roe y hasta el drama adolescente. Adem\u00e1s del jefe de Gabinete, en el acto participaron el subsecretario de&hellip;<\/p>\n","protected":false},"author":1,"featured_media":0,"comment_status":"open","ping_status":"closed","sticky":false,"template":"","format":"standard","meta":{"footnotes":""},"categories":[1],"tags":[],"class_list":["post-4980","post","type-post","status-publish","format-standard","hentry","category-uncategorized"],"rttpg_featured_image_url":null,"rttpg_author":{"display_name":"rober","author_link":"https:\/\/livingmultimediosde.net.ar\/INDEX\/author\/rober\/"},"rttpg_comment":0,"rttpg_category":"<a href=\"https:\/\/livingmultimediosde.net.ar\/INDEX\/category\/uncategorized\/\" rel=\"category tag\">Uncategorized<\/a>","rttpg_excerpt":"En el marco de las pol\u00edticas culturales impulsadas por el Gobierno Provincial, se realiz\u00f3 la presentaci\u00f3n del libro \u201cArsenal Vol. 2\u201d en un acto desarrollado en Casa Castro, que estuvo presidido por el jefe de Gabinete de Ministros, El\u00edas Su\u00e1rez. Como parte de la ceremonia se entregaron adem\u00e1s ejemplares a los autores de la obra&hellip;","_links":{"self":[{"href":"https:\/\/livingmultimediosde.net.ar\/INDEX\/wp-json\/wp\/v2\/posts\/4980","targetHints":{"allow":["GET"]}}],"collection":[{"href":"https:\/\/livingmultimediosde.net.ar\/INDEX\/wp-json\/wp\/v2\/posts"}],"about":[{"href":"https:\/\/livingmultimediosde.net.ar\/INDEX\/wp-json\/wp\/v2\/types\/post"}],"author":[{"embeddable":true,"href":"https:\/\/livingmultimediosde.net.ar\/INDEX\/wp-json\/wp\/v2\/users\/1"}],"replies":[{"embeddable":true,"href":"https:\/\/livingmultimediosde.net.ar\/INDEX\/wp-json\/wp\/v2\/comments?post=4980"}],"version-history":[{"count":1,"href":"https:\/\/livingmultimediosde.net.ar\/INDEX\/wp-json\/wp\/v2\/posts\/4980\/revisions"}],"predecessor-version":[{"id":4983,"href":"https:\/\/livingmultimediosde.net.ar\/INDEX\/wp-json\/wp\/v2\/posts\/4980\/revisions\/4983"}],"wp:attachment":[{"href":"https:\/\/livingmultimediosde.net.ar\/INDEX\/wp-json\/wp\/v2\/media?parent=4980"}],"wp:term":[{"taxonomy":"category","embeddable":true,"href":"https:\/\/livingmultimediosde.net.ar\/INDEX\/wp-json\/wp\/v2\/categories?post=4980"},{"taxonomy":"post_tag","embeddable":true,"href":"https:\/\/livingmultimediosde.net.ar\/INDEX\/wp-json\/wp\/v2\/tags?post=4980"}],"curies":[{"name":"wp","href":"https:\/\/api.w.org\/{rel}","templated":true}]}}