{"id":4976,"date":"2023-11-10T13:37:13","date_gmt":"2023-11-10T13:37:13","guid":{"rendered":"https:\/\/livingmultimediosde.net.ar\/INDEX\/?p=4976"},"modified":"2023-11-10T13:37:13","modified_gmt":"2023-11-10T13:37:13","slug":"zamora-recibio-a-autoridades-de-los-ministerios-de-trabajo-y-de-la-mujeres-de-la-nacion","status":"publish","type":"post","link":"https:\/\/livingmultimediosde.net.ar\/INDEX\/2023\/11\/zamora-recibio-a-autoridades-de-los-ministerios-de-trabajo-y-de-la-mujeres-de-la-nacion\/","title":{"rendered":"Zamora recibi\u00f3 a autoridades de los ministerios de Trabajo y de la Mujeres de la Naci\u00f3n"},"content":{"rendered":"<p>El gobernador Gerardo Zamora recibi\u00f3 en el Sal\u00f3n de Acuerdos de Casa de Gobierno la visita de la subsecretaria de Pol\u00edticas de Inclusi\u00f3n en el Mundo Laboral del Ministerio de Trabajo de la Naci\u00f3n, Cecilia Cross, y de las directoras nacionales de Protecci\u00f3n e Integraci\u00f3n de la Mujer, Victoria Ronchetti, y de Protecci\u00f3n e Igualdad de la Mujer, Jimena Garc\u00eda.<br \/>\nEn la oportunidad, el mandatario estuvo acompa\u00f1ado por el jefe de Gabinete, El\u00edas Su\u00e1rez, y la secretaria de Trabajo, Julia Com\u00e1n.<br \/>\nEn el final, Zamora entreg\u00f3 presentes a las visitantes, quienes se encuentran en la provincia para participar de la conformaci\u00f3n de Comisiones Tripartitas para la Igualdad de Oportunidades de la Industria de la Construcci\u00f3n y la Alimentaci\u00f3n.<\/p>\n","protected":false},"excerpt":{"rendered":"<p>El gobernador Gerardo Zamora recibi\u00f3 en el Sal\u00f3n de Acuerdos de Casa de Gobierno la visita de la subsecretaria de Pol\u00edticas de Inclusi\u00f3n en el Mundo Laboral del Ministerio de Trabajo de la Naci\u00f3n, Cecilia Cross, y de las directoras nacionales de Protecci\u00f3n e Integraci\u00f3n de la Mujer, Victoria Ronchetti, y de Protecci\u00f3n e Igualdad de la Mujer, Jimena Garc\u00eda. En la oportunidad, el mandatario estuvo acompa\u00f1ado por el jefe de Gabinete, El\u00edas Su\u00e1rez, y la secretaria de Trabajo, Julia Com\u00e1n. En el final, Zamora entreg\u00f3 presentes a las visitantes,&hellip;<\/p>\n","protected":false},"author":1,"featured_media":0,"comment_status":"open","ping_status":"closed","sticky":false,"template":"","format":"standard","meta":{"footnotes":""},"categories":[1],"tags":[],"class_list":["post-4976","post","type-post","status-publish","format-standard","hentry","category-uncategorized"],"rttpg_featured_image_url":null,"rttpg_author":{"display_name":"rober","author_link":"https:\/\/livingmultimediosde.net.ar\/INDEX\/author\/rober\/"},"rttpg_comment":0,"rttpg_category":"<a href=\"https:\/\/livingmultimediosde.net.ar\/INDEX\/category\/uncategorized\/\" rel=\"category tag\">Uncategorized<\/a>","rttpg_excerpt":"El gobernador Gerardo Zamora recibi\u00f3 en el Sal\u00f3n de Acuerdos de Casa de Gobierno la visita de la subsecretaria de Pol\u00edticas de Inclusi\u00f3n en el Mundo Laboral del Ministerio de Trabajo de la Naci\u00f3n, Cecilia Cross, y de las directoras nacionales de Protecci\u00f3n e Integraci\u00f3n de la Mujer, Victoria Ronchetti, y de Protecci\u00f3n e Igualdad&hellip;","_links":{"self":[{"href":"https:\/\/livingmultimediosde.net.ar\/INDEX\/wp-json\/wp\/v2\/posts\/4976","targetHints":{"allow":["GET"]}}],"collection":[{"href":"https:\/\/livingmultimediosde.net.ar\/INDEX\/wp-json\/wp\/v2\/posts"}],"about":[{"href":"https:\/\/livingmultimediosde.net.ar\/INDEX\/wp-json\/wp\/v2\/types\/post"}],"author":[{"embeddable":true,"href":"https:\/\/livingmultimediosde.net.ar\/INDEX\/wp-json\/wp\/v2\/users\/1"}],"replies":[{"embeddable":true,"href":"https:\/\/livingmultimediosde.net.ar\/INDEX\/wp-json\/wp\/v2\/comments?post=4976"}],"version-history":[{"count":1,"href":"https:\/\/livingmultimediosde.net.ar\/INDEX\/wp-json\/wp\/v2\/posts\/4976\/revisions"}],"predecessor-version":[{"id":4979,"href":"https:\/\/livingmultimediosde.net.ar\/INDEX\/wp-json\/wp\/v2\/posts\/4976\/revisions\/4979"}],"wp:attachment":[{"href":"https:\/\/livingmultimediosde.net.ar\/INDEX\/wp-json\/wp\/v2\/media?parent=4976"}],"wp:term":[{"taxonomy":"category","embeddable":true,"href":"https:\/\/livingmultimediosde.net.ar\/INDEX\/wp-json\/wp\/v2\/categories?post=4976"},{"taxonomy":"post_tag","embeddable":true,"href":"https:\/\/livingmultimediosde.net.ar\/INDEX\/wp-json\/wp\/v2\/tags?post=4976"}],"curies":[{"name":"wp","href":"https:\/\/api.w.org\/{rel}","templated":true}]}}