{"id":4972,"date":"2023-11-10T13:36:11","date_gmt":"2023-11-10T13:36:11","guid":{"rendered":"https:\/\/livingmultimediosde.net.ar\/INDEX\/?p=4972"},"modified":"2023-11-10T13:36:11","modified_gmt":"2023-11-10T13:36:11","slug":"conformaron-las-comisiones-tripartitas-para-la-igualdad-de-oportunidades-de-la-industria-de-la-alimentacion-y-la-construccion","status":"publish","type":"post","link":"https:\/\/livingmultimediosde.net.ar\/INDEX\/2023\/11\/conformaron-las-comisiones-tripartitas-para-la-igualdad-de-oportunidades-de-la-industria-de-la-alimentacion-y-la-construccion\/","title":{"rendered":"Conformaron las comisiones tripartitas para la Igualdad de Oportunidades de la Industria de la Alimentaci\u00f3n y la Construcci\u00f3n"},"content":{"rendered":"<p>Con la presencia de autoridades nacionales, provinciales, representantes de los sectores, empresariales, sindicales y del movimiento obrero, se realiz\u00f3 este jueves en el sal\u00f3n Auditorio de Casa de Gobierno, la ceremonia de conformaci\u00f3n oficial de las Comisi\u00f3nes Tripartitas para la Igualdad de Oportunidades de la provincia (CTIO) de la Industria de la Alimentaci\u00f3n y la Construcci\u00f3n.<\/p>\n<p>Estuvieron, el jefe de Gabinete El\u00edas Suarez; la secretaria de Trabajo Julia Com\u00e1n y la subsecretaria de Pol\u00edticas de Inclusi\u00f3n en el Mundo Laboral del Ministerio de Trabajo de la Naci\u00f3n, Cecilia Cross.<\/p>\n<p>Tambi\u00e9n la ministra de Salud, Natividad Nassif; el subsecretario de Trabajo, Walter Assef; las directoras nacionales, de Protecci\u00f3n e Integraci\u00f3n de la Mujer, Victoria Ronchetti y de Protecci\u00f3n e Igualdad de la Mujer, Jimena Garc\u00eda y el presidente de la Uni\u00f3n Industrial de Santiago del Estero (Uisde) Jos\u00e9 Mar\u00eda Cantos (h), delegados de sociedades sindicales, empresarios y p\u00fablico en general.<\/p>\n<p>La CTIO es un espacio para la construcci\u00f3n de acuerdos que favorezca la inclusi\u00f3n a fin de garantizar la igualdad de oportunidades, fundamentalmente para los grupos vulnerables con dificultades para insertarse en el mundo laboral. Estar\u00e1n integradas por tres miembros de los sectores: gubernamental; sindical y empresarial.<\/p>\n<p>Al hacer uso de la palabra, Cross destac\u00f3 que con la apertura de las CTIO se busca generar la unidad en la acci\u00f3n y en el compromiso, \u00abdonde cada uno vea lo que puede aportar desde lugar y que no vaya en un inter\u00e9s particular, sino del conjunto\u00bb, se\u00f1al\u00f3.<\/p>\n<p>Adem\u00e1s, sostuvo: \u00abEl desaf\u00edo es poder construir herramientas con aportes desde el Estado, el sector de trabajadores y empresario para ver como vamos a construir el futuro, que tiene que ser inmediato y que la uni\u00f3n nacional sea el norte para lograr el desarrollo y el crecimiento de nuestro pa\u00eds\u00bb.<\/p>\n<p>A su turno, Coman hizo especial \u00e9nfasis en el crecimiento que transita la provincia, donde se enmarca la conformaci\u00f3n de este espacio CTIO que \u00abes importante para consolidar el di\u00e1logo tripartito y que permiten avanzar en la construcci\u00f3n de puentes que beneficien siempre a los sectores vulnerables, por lo que el desafi\u00f3 es lograr este espacio a nivel regional\u00bb.<\/p>\n<p>En el final, Suarez transmiti\u00f3 el compromiso del gobernador Gerardo Zamora de dar continuidad y profundizar las pol\u00edticas p\u00fablicas en beneficio de todos los santiague\u00f1os y dijo: \u00abEl valor de esta reuni\u00f3n es el compromiso de todos representantes con el esfuerzo colectivo\u00bb.<\/p>\n<p>Al concluir su mensaje remarc\u00f3 que desde el a\u00f1o 2005, el gobernador ha generado los espacios de dialogo con los distintos sectores de la provincia en pos de alcanzar el consenso y ratific\u00f3 la firme decisi\u00f3n del gobierno provincial de seguir el trabajo para que haya mayor inclusi\u00f3n y para que se respeten los derechos alcanzados. \u00abEl desaf\u00edo es seguir construyendo una provincia que genere igualdad de oportunidades y posibilidades para todos\u201d.<\/p>\n","protected":false},"excerpt":{"rendered":"<p>Con la presencia de autoridades nacionales, provinciales, representantes de los sectores, empresariales, sindicales y del movimiento obrero, se realiz\u00f3 este jueves en el sal\u00f3n Auditorio de Casa de Gobierno, la ceremonia de conformaci\u00f3n oficial de las Comisi\u00f3nes Tripartitas para la Igualdad de Oportunidades de la provincia (CTIO) de la Industria de la Alimentaci\u00f3n y la Construcci\u00f3n. Estuvieron, el jefe de Gabinete El\u00edas Suarez; la secretaria de Trabajo Julia Com\u00e1n y la subsecretaria de Pol\u00edticas de Inclusi\u00f3n en el Mundo Laboral del Ministerio de Trabajo de la Naci\u00f3n, Cecilia Cross. Tambi\u00e9n&hellip;<\/p>\n","protected":false},"author":1,"featured_media":0,"comment_status":"open","ping_status":"closed","sticky":false,"template":"","format":"standard","meta":{"footnotes":""},"categories":[1],"tags":[],"class_list":["post-4972","post","type-post","status-publish","format-standard","hentry","category-uncategorized"],"rttpg_featured_image_url":null,"rttpg_author":{"display_name":"rober","author_link":"https:\/\/livingmultimediosde.net.ar\/INDEX\/author\/rober\/"},"rttpg_comment":0,"rttpg_category":"<a href=\"https:\/\/livingmultimediosde.net.ar\/INDEX\/category\/uncategorized\/\" rel=\"category tag\">Uncategorized<\/a>","rttpg_excerpt":"Con la presencia de autoridades nacionales, provinciales, representantes de los sectores, empresariales, sindicales y del movimiento obrero, se realiz\u00f3 este jueves en el sal\u00f3n Auditorio de Casa de Gobierno, la ceremonia de conformaci\u00f3n oficial de las Comisi\u00f3nes Tripartitas para la Igualdad de Oportunidades de la provincia (CTIO) de la Industria de la Alimentaci\u00f3n y la&hellip;","_links":{"self":[{"href":"https:\/\/livingmultimediosde.net.ar\/INDEX\/wp-json\/wp\/v2\/posts\/4972","targetHints":{"allow":["GET"]}}],"collection":[{"href":"https:\/\/livingmultimediosde.net.ar\/INDEX\/wp-json\/wp\/v2\/posts"}],"about":[{"href":"https:\/\/livingmultimediosde.net.ar\/INDEX\/wp-json\/wp\/v2\/types\/post"}],"author":[{"embeddable":true,"href":"https:\/\/livingmultimediosde.net.ar\/INDEX\/wp-json\/wp\/v2\/users\/1"}],"replies":[{"embeddable":true,"href":"https:\/\/livingmultimediosde.net.ar\/INDEX\/wp-json\/wp\/v2\/comments?post=4972"}],"version-history":[{"count":1,"href":"https:\/\/livingmultimediosde.net.ar\/INDEX\/wp-json\/wp\/v2\/posts\/4972\/revisions"}],"predecessor-version":[{"id":4975,"href":"https:\/\/livingmultimediosde.net.ar\/INDEX\/wp-json\/wp\/v2\/posts\/4972\/revisions\/4975"}],"wp:attachment":[{"href":"https:\/\/livingmultimediosde.net.ar\/INDEX\/wp-json\/wp\/v2\/media?parent=4972"}],"wp:term":[{"taxonomy":"category","embeddable":true,"href":"https:\/\/livingmultimediosde.net.ar\/INDEX\/wp-json\/wp\/v2\/categories?post=4972"},{"taxonomy":"post_tag","embeddable":true,"href":"https:\/\/livingmultimediosde.net.ar\/INDEX\/wp-json\/wp\/v2\/tags?post=4972"}],"curies":[{"name":"wp","href":"https:\/\/api.w.org\/{rel}","templated":true}]}}