{"id":4968,"date":"2023-11-09T17:01:37","date_gmt":"2023-11-09T17:01:37","guid":{"rendered":"https:\/\/livingmultimediosde.net.ar\/INDEX\/?p=4968"},"modified":"2023-11-09T17:01:37","modified_gmt":"2023-11-09T17:01:37","slug":"provincia-y-nacion-firmaron-convenio-para-dar-impulso-a-proyectos-productivos","status":"publish","type":"post","link":"https:\/\/livingmultimediosde.net.ar\/INDEX\/2023\/11\/provincia-y-nacion-firmaron-convenio-para-dar-impulso-a-proyectos-productivos\/","title":{"rendered":"PROVINCIA Y NACI\u00d3N FIRMARON CONVENIO PARA DAR IMPULSO A PROYECTOS PRODUCTIVOS"},"content":{"rendered":"<p>El Gobierno de Santiago del Estero y la Naci\u00f3n celebraron este mediod\u00eda la firma de un convenio para la ejecuci\u00f3n de cuatro proyectos productivos en la provincia.<br \/>\nEl documento fue firmado por el ministro de Producci\u00f3n Recursos Naturales, Forestaci\u00f3n, Tierras y Ambiente, Miguel Mandrille, y la subsecretaria nacional de Fortalecimiento Productivo y Sustentable para Peque\u00f1os y Medianos Productores Agroalimentarios Mar\u00eda de los Milagros Barbieri, quien estuvo acompa\u00f1ada por el director de Sistemas Productivos Locales de Peque\u00f1os y Medianos Productores Agroalimentarios, Marcelo Yaquet.<br \/>\nLa ceremonia se llev\u00f3 a cabo en el Sal\u00f3n Auditorio de Casa de Gobierno con la presencia del rector de la Unse, H\u00e9ctor Paz, entre otros representantes de instituciones.<br \/>\nFueron beneficiados el Instituto Provincial de Acci\u00f3n Cooperativa (IPAC), el Matadero Municipal de Ojo de Agua; la Cooperativa Ap\u00edcola Agr\u00edcola Agronaciente Ltda. y la Cooperativa Agroecol\u00f3gica Loreto Ltda.<br \/>\nEn este sentido, Mandrille dijo: \u201cEs una firma importante de estos cuatro proyectos para nuestra provincia en la forma que son invertidos; estamos hablando de parte de producci\u00f3n de poner en pie a estas cooperativas que es importante para toda la sociedad el empuje que nos dan la visibilizacion del esfuerzo compartido interinstitucional, los v\u00ednculos de Naci\u00f3n provincia, municipio, universidad, asociaciones privadas esto es la fortaleza que tiene Santiago del Estero la interrelaci\u00f3n publico privada\u201d.<br \/>\nPor su parte, Mar\u00eda de los Milagros Barbieri expres\u00f3: \u201cNo hay forma de llevar adelante este acompa\u00f1amiento del Estado Nacional si no hay trabajadores estatales en todos los \u00e1mbitos llevando adelante esto, porque est\u00e1 la disponibilidad presupuestaria que se pone en acci\u00f3n cuando hay proyectos y trabajos detr\u00e1s sustentabilidad de los proyectos que lleva mucho trabajo hasta llegar el momento de celebraci\u00f3n, porque detr\u00e1s de esto hay muchas personas hombres y mujeres en todos lados que estamos tratando de construir y haciendo una patria diferente\u00bb.<\/p>\n","protected":false},"excerpt":{"rendered":"<p>El Gobierno de Santiago del Estero y la Naci\u00f3n celebraron este mediod\u00eda la firma de un convenio para la ejecuci\u00f3n de cuatro proyectos productivos en la provincia. El documento fue firmado por el ministro de Producci\u00f3n Recursos Naturales, Forestaci\u00f3n, Tierras y Ambiente, Miguel Mandrille, y la subsecretaria nacional de Fortalecimiento Productivo y Sustentable para Peque\u00f1os y Medianos Productores Agroalimentarios Mar\u00eda de los Milagros Barbieri, quien estuvo acompa\u00f1ada por el director de Sistemas Productivos Locales de Peque\u00f1os y Medianos Productores Agroalimentarios, Marcelo Yaquet. La ceremonia se llev\u00f3 a cabo en el&hellip;<\/p>\n","protected":false},"author":1,"featured_media":0,"comment_status":"open","ping_status":"closed","sticky":false,"template":"","format":"standard","meta":{"footnotes":""},"categories":[1],"tags":[],"class_list":["post-4968","post","type-post","status-publish","format-standard","hentry","category-uncategorized"],"rttpg_featured_image_url":null,"rttpg_author":{"display_name":"rober","author_link":"https:\/\/livingmultimediosde.net.ar\/INDEX\/author\/rober\/"},"rttpg_comment":0,"rttpg_category":"<a href=\"https:\/\/livingmultimediosde.net.ar\/INDEX\/category\/uncategorized\/\" rel=\"category tag\">Uncategorized<\/a>","rttpg_excerpt":"El Gobierno de Santiago del Estero y la Naci\u00f3n celebraron este mediod\u00eda la firma de un convenio para la ejecuci\u00f3n de cuatro proyectos productivos en la provincia. El documento fue firmado por el ministro de Producci\u00f3n Recursos Naturales, Forestaci\u00f3n, Tierras y Ambiente, Miguel Mandrille, y la subsecretaria nacional de Fortalecimiento Productivo y Sustentable para Peque\u00f1os&hellip;","_links":{"self":[{"href":"https:\/\/livingmultimediosde.net.ar\/INDEX\/wp-json\/wp\/v2\/posts\/4968","targetHints":{"allow":["GET"]}}],"collection":[{"href":"https:\/\/livingmultimediosde.net.ar\/INDEX\/wp-json\/wp\/v2\/posts"}],"about":[{"href":"https:\/\/livingmultimediosde.net.ar\/INDEX\/wp-json\/wp\/v2\/types\/post"}],"author":[{"embeddable":true,"href":"https:\/\/livingmultimediosde.net.ar\/INDEX\/wp-json\/wp\/v2\/users\/1"}],"replies":[{"embeddable":true,"href":"https:\/\/livingmultimediosde.net.ar\/INDEX\/wp-json\/wp\/v2\/comments?post=4968"}],"version-history":[{"count":1,"href":"https:\/\/livingmultimediosde.net.ar\/INDEX\/wp-json\/wp\/v2\/posts\/4968\/revisions"}],"predecessor-version":[{"id":4971,"href":"https:\/\/livingmultimediosde.net.ar\/INDEX\/wp-json\/wp\/v2\/posts\/4968\/revisions\/4971"}],"wp:attachment":[{"href":"https:\/\/livingmultimediosde.net.ar\/INDEX\/wp-json\/wp\/v2\/media?parent=4968"}],"wp:term":[{"taxonomy":"category","embeddable":true,"href":"https:\/\/livingmultimediosde.net.ar\/INDEX\/wp-json\/wp\/v2\/categories?post=4968"},{"taxonomy":"post_tag","embeddable":true,"href":"https:\/\/livingmultimediosde.net.ar\/INDEX\/wp-json\/wp\/v2\/tags?post=4968"}],"curies":[{"name":"wp","href":"https:\/\/api.w.org\/{rel}","templated":true}]}}