{"id":4956,"date":"2023-11-09T13:53:30","date_gmt":"2023-11-09T13:53:30","guid":{"rendered":"https:\/\/livingmultimediosde.net.ar\/INDEX\/?p=4956"},"modified":"2023-11-09T13:53:30","modified_gmt":"2023-11-09T13:53:30","slug":"massa-defendio-la-coparticipacion-y-pidio-que-nunca-mas-se-tome-deuda-para-la-fuga","status":"publish","type":"post","link":"https:\/\/livingmultimediosde.net.ar\/INDEX\/2023\/11\/massa-defendio-la-coparticipacion-y-pidio-que-nunca-mas-se-tome-deuda-para-la-fuga\/","title":{"rendered":"Massa defendi\u00f3 la coparticipaci\u00f3n y pidi\u00f3 que \u00abnunca m\u00e1s\u00bb se tome deuda para la fuga"},"content":{"rendered":"<p>El ministro de Econom\u00eda y candidato presidencial de Uni\u00f3n por la Patria (UxP), Sergio Massa, consider\u00f3 que la coparticipaci\u00f3n federal de impuestos es \u00abintocable\u00bb como un mecanismo de distribuci\u00f3n de ingresos clave para \u00abinvertir mejor y promover el desarrollo de pol\u00edticas locales\u00bb a lo largo del pa\u00eds y afirm\u00f3 que si llega al gobierno impulsar\u00e1 un programa de pol\u00edticas de Estado \u00abpara los pr\u00f3ximos 10 o 20 a\u00f1os\u00bb.<\/p>\n<figure class=\"mb-3\"><img decoding=\"async\" data-src=\"https:\/\/www.telam.com.ar\/thumbs\/bluesteel\/advf\/imagenes\/2023\/11\/654c14332c28b_1200.jpg\" class=\"lazy lazyload\" src=\"data:image\/gif;base64,R0lGODlhAQABAIAAAAAAAP\/\/\/yH5BAEAAAAALAAAAAABAAEAAAIBRAA7\" alt=\"Foto Cris Sille\" width=\"100%\" height=\"100%\" \/><noscript><img decoding=\"async\" class=\" lazy \" src=\"https:\/\/www.telam.com.ar\/thumbs\/bluesteel\/advf\/imagenes\/2023\/11\/654c14332c28b_1200.jpg\" alt=\"Foto Cris Sille\" width=\"100%\" height=\"100%\"><\/noscript>&nbsp;<\/p>\n<div class=\"media-icons\"><\/div><figcaption>Foto: Cris Sille.<\/figcaption><\/figure>\n<p><strong>Massa encabez\u00f3 un acto en el teatro Gran Rex<\/strong>, en el centro porte\u00f1o, donde present\u00f3 los \u00ab10 acuerdos para el futuro de la Argentina\u00bb que pondr\u00e1 en marcha si triunfa en el balotaje que disputar\u00e1, dentro de 11 d\u00edas, con el candidato presidencial de La Libertad Avanza (LLA), Javier Milei.<\/p>\n<p>Ante funcionarios del gabinete nacional, legisladores, sindicalistas y referentes de la lucha por los derechos humanos,<strong>\u00a0Massa se comprometi\u00f3 a trabajar en conjunto con todos los gobernadores \u00absin importar el partido pol\u00edtico\u00bb al que pertenecen para construir un proyecto de desarrollo con inclusi\u00f3n, a mantener el reclamo de la soberan\u00eda sobre las Islas Malvinas y a incrementar la inversi\u00f3n en ciencia y tecnolog\u00eda<\/strong>.<\/p>\n<figure class=\"mb-3\"><img decoding=\"async\" data-src=\"https:\/\/www.telam.com.ar\/thumbs\/bluesteel\/advf\/imagenes\/2023\/11\/654c143394735_1200.jpg\" class=\"lazy lazyload\" src=\"data:image\/gif;base64,R0lGODlhAQABAIAAAAAAAP\/\/\/yH5BAEAAAAALAAAAAABAAEAAAIBRAA7\" alt=\"Foto Cris Sille\" width=\"100%\" height=\"100%\" \/><noscript><img decoding=\"async\" class=\" lazy \" src=\"https:\/\/www.telam.com.ar\/thumbs\/bluesteel\/advf\/imagenes\/2023\/11\/654c143394735_1200.jpg\" alt=\"Foto Cris Sille\" width=\"100%\" height=\"100%\"><\/noscript>&nbsp;<\/p>\n<div class=\"media-icons\"><\/div><figcaption>Foto: Cris Sille.<\/figcaption><\/figure>\n<p><strong>\u00abA nuestros cient\u00edficos del Conicet no los vamos a tachar. Son un orgullo\u00bb, expres\u00f3 Massa<\/strong>\u00a0en referencia al anuncio hecho tiempo atr\u00e1s por Milei acerca de que privatizar\u00eda el Consejo Nacional de Investigaciones Cient\u00edficas y T\u00e9cnicas.<\/p>\n<p>El candidato presidencial de UxP\u00a0<strong>opin\u00f3 que \u00abnunca m\u00e1s\u00bb el pa\u00eds debe tomar una \u00abdeuda intergeneracional solo para financiar gastos intergeneracionales\u00bb<\/strong>.<\/p>\n<p>\u00abDebe ser un acuerdo de toda la dirigencia pol\u00edtica: nunca m\u00e1s en la Argentina ni deuda para financiar gasto p\u00fablico ni para financiar la fuga de capitales\u00bb, asever\u00f3.<\/p>\n<p>En tal sentido, llam\u00f3 a encarar \u00abun segundo gran consenso\u00bb en el pa\u00eds: el de \u00abconstruir los super\u00e1vits gemelos que le dieron a la Argentina los momentos de mayor desarrollo econ\u00f3mico y mejor distribuci\u00f3n del ingreso\u00bb.<\/p>\n<p>Para eso, inst\u00f3 a poner en pr\u00e1ctica \u00abun modelo tributario m\u00e1s simplificado\u00bb.<\/p>\n<p><strong>\u00abEl mejor remedio para bajar la inflaci\u00f3n es exportar m\u00e1s de lo que importamos el mejor remedio para bajar la inflaci\u00f3n es hacer fuerte nuestra moneda, el mejor remedio para bajar la inflaci\u00f3n es que Argentina venda m\u00e1s trabajo argentino del que consume\u00bb<\/strong>, se\u00f1al\u00f3.<\/p>\n<figure class=\"mb-3\"><img decoding=\"async\" data-src=\"https:\/\/www.telam.com.ar\/thumbs\/bluesteel\/advf\/imagenes\/2023\/11\/654c1433801c2_1200.jpg\" class=\"lazy lazyload\" src=\"data:image\/gif;base64,R0lGODlhAQABAIAAAAAAAP\/\/\/yH5BAEAAAAALAAAAAABAAEAAAIBRAA7\" alt=\"Foto Cris Sille\" width=\"100%\" height=\"100%\" \/><noscript><img decoding=\"async\" class=\" lazy \" src=\"https:\/\/www.telam.com.ar\/thumbs\/bluesteel\/advf\/imagenes\/2023\/11\/654c1433801c2_1200.jpg\" alt=\"Foto Cris Sille\" width=\"100%\" height=\"100%\"><\/noscript>&nbsp;<\/p>\n<div class=\"media-icons\"><\/div><figcaption>Foto: Cris Sille.<\/figcaption><\/figure>\n<p>Para Massa, \u00abel mejor cambio que se puede hacer en la Argentina es construir la unidad nacional\u00bb, y en ese momento los asistentes comenzaron a gritar \u00abArgentina, Argentina\u00bb.<\/p>\n<p>\u00abNuestro gran identificador desde hoy y en los pr\u00f3ximos a\u00f1os tiene que ser la bandera argentina. Todo aquel que sienta que la bandera lo abraza y convoca, no importa de d\u00f3nde venga, nos ayudar\u00e1 a construir la etapa que viene en la Argentina\u00bb, dijo.<\/p>\n<blockquote class=\"\"><p>\u00abDebe ser un acuerdo de toda la dirigencia pol\u00edtica: nunca m\u00e1s en la Argentina ni deuda para financiar gasto p\u00fablico ni para financiar la fuga de capitales\u00bb<\/p><\/blockquote>\n<p>Entre los asistentes al acto en el Gran Rex estuvieron los ministros del Interior, Obras P\u00fablicas, Educaci\u00f3n, y Ciencia, Tecnolog\u00eda e Innovaci\u00f3n, Eduardo \u00abWado\u00bb de Pedro, Gabriel Katopodis, Jaime Perczyk y Daniel Filmus, respectivamente; la vicegobernadora bonaerense, Ver\u00f3nica Magario; los diputados nacionales del Frente de Todos (FdT) Germ\u00e1n Mart\u00ednez, Carlos Heller y Eduardo Vald\u00e9s; los senadores Juliana Di Tullio y Mariano Recalde; la candidata a diputada nacional Paula Penacca y la primera aspirante a legisladora del Parlasur de UxP, Teresa Parodi.<\/p>\n<p>Tambi\u00e9n estuvieron los intendentes de las localidades bonaerenses de La Matanza, Fernando Espinoza; de Ensenada, Mario Secco; de Quilmes, Mayra Mendoza; de Merlo, Gustavo Men\u00e9ndez; y de Pilar, Federico Ach\u00e1val.<\/p>\n<p>A ello se sumaron los secretarios generales de la Confederaci\u00f3n General del Trabajo (CGT) H\u00e9ctor Daer, Carlos Acu\u00f1a y Pablo Moyano; el secretario general de la CTA-Aut\u00f3noma, Hugo \u00abCachorro\u00bb Godoy; y dirigentes de la Uni\u00f3n Obrera de la Construcci\u00f3n (UOCRA), la Federaci\u00f3n Argentina del Trabajador de las Universidades (FATUN); la Asociaci\u00f3n Docente Universidad Nacional de Avellaneda (ADUNA); el Sindicato de Empleados del Vidrio (SEIVARA), y la Federaci\u00f3n Universitaria de Lomas de Zamora (FULZ), entre otras.<\/p>\n<figure class=\"mb-3\"><img decoding=\"async\" data-src=\"https:\/\/www.telam.com.ar\/thumbs\/bluesteel\/advf\/imagenes\/2023\/11\/654c14336b8fc_1200.jpg\" class=\"lazy lazyload\" src=\"data:image\/gif;base64,R0lGODlhAQABAIAAAAAAAP\/\/\/yH5BAEAAAAALAAAAAABAAEAAAIBRAA7\" alt=\"Foto Cris Sille\" width=\"100%\" height=\"100%\" \/><noscript><img decoding=\"async\" class=\" lazy \" src=\"https:\/\/www.telam.com.ar\/thumbs\/bluesteel\/advf\/imagenes\/2023\/11\/654c14336b8fc_1200.jpg\" alt=\"Foto Cris Sille\" width=\"100%\" height=\"100%\"><\/noscript>&nbsp;<\/p>\n<div class=\"media-icons\"><\/div><figcaption>Foto: Cris Sille.<\/figcaption><\/figure>\n<p>Adem\u00e1s,\u00a0<strong>asistieron el exgobernador de Salta Juan Manuel Urtubey y su hermano, Jos\u00e9, dirigente de la Uni\u00f3n Industrial Argentina (UIA); el presidente de Laboratorios Richmond, Marcelo Figueiras; el Premio Nobel de la Paz, Adolfo P\u00e9rez Esquivel; la integrante de la Asociaci\u00f3n de Madres de Plaza de Mayo Carmen Arias; y el actor V\u00edctor Laplace<\/strong>.<\/p>\n<p>En el primer piso del Gran Rex se colocaron dos grandes banderas con las leyendas \u00abViene la Argentina que est\u00e1bamos esperando\u00bb y \u00abMassa presidente\u00bb.<\/p>\n<p>M\u00e1s temprano, en una visita a una f\u00e1brica del grupo Decsa situada en el municipio bonaerense de Florencio Varela, Massa volvi\u00f3 a pronunciarse contra la \u00abapertura indiscriminada de la econom\u00eda\u00bb y abog\u00f3 por la construcci\u00f3n de un pa\u00eds que ponga en valor a las pymes y consolide la exportaci\u00f3n de \u00abtrabajo argentino al mundo\u00bb.<\/p>\n<figure class=\"mb-3\"><img decoding=\"async\" data-src=\"https:\/\/www.telam.com.ar\/thumbs\/bluesteel\/advf\/imagenes\/2023\/11\/654c1433565d7_1200.jpg\" class=\"lazy lazyload\" src=\"data:image\/gif;base64,R0lGODlhAQABAIAAAAAAAP\/\/\/yH5BAEAAAAALAAAAAABAAEAAAIBRAA7\" alt=\"Foto Cris Sille\" width=\"100%\" height=\"100%\" \/><noscript><img decoding=\"async\" class=\" lazy \" src=\"https:\/\/www.telam.com.ar\/thumbs\/bluesteel\/advf\/imagenes\/2023\/11\/654c1433565d7_1200.jpg\" alt=\"Foto Cris Sille\" width=\"100%\" height=\"100%\"><\/noscript>&nbsp;<\/p>\n<div class=\"media-icons\"><\/div><figcaption>Foto: Cris Sille.<\/figcaption><\/figure>\n<p>\u00abQueremos seguir abriendo pymes, queremos trabajadores bien pagos y un Estado que facilite, no s\u00f3lo con presencia, sino con eficiencia y buena administraci\u00f3n de los recursos, el desarrollo econ\u00f3mico de la Argentina\u00bb, afirm\u00f3 Massa, quien estuvo acompa\u00f1ado en la recorrida por el intendente de Florencio Varela, Andr\u00e9s Watson.<\/p>\n","protected":false},"excerpt":{"rendered":"<p>El ministro de Econom\u00eda y candidato presidencial de Uni\u00f3n por la Patria (UxP), Sergio Massa, consider\u00f3 que la coparticipaci\u00f3n federal de impuestos es \u00abintocable\u00bb como un mecanismo de distribuci\u00f3n de ingresos clave para \u00abinvertir mejor y promover el desarrollo de pol\u00edticas locales\u00bb a lo largo del pa\u00eds y afirm\u00f3 que si llega al gobierno impulsar\u00e1 un programa de pol\u00edticas de Estado \u00abpara los pr\u00f3ximos 10 o 20 a\u00f1os\u00bb. &nbsp; Foto: Cris Sille. Massa encabez\u00f3 un acto en el teatro Gran Rex, en el centro porte\u00f1o, donde present\u00f3 los \u00ab10 acuerdos&hellip;<\/p>\n","protected":false},"author":1,"featured_media":0,"comment_status":"open","ping_status":"closed","sticky":false,"template":"","format":"standard","meta":{"footnotes":""},"categories":[4],"tags":[],"class_list":["post-4956","post","type-post","status-publish","format-standard","hentry","category-interes-general"],"rttpg_featured_image_url":null,"rttpg_author":{"display_name":"rober","author_link":"https:\/\/livingmultimediosde.net.ar\/INDEX\/author\/rober\/"},"rttpg_comment":0,"rttpg_category":"<a href=\"https:\/\/livingmultimediosde.net.ar\/INDEX\/category\/interes-general\/\" rel=\"category tag\">INTERES GENERAL<\/a>","rttpg_excerpt":"El ministro de Econom\u00eda y candidato presidencial de Uni\u00f3n por la Patria (UxP), Sergio Massa, consider\u00f3 que la coparticipaci\u00f3n federal de impuestos es \u00abintocable\u00bb como un mecanismo de distribuci\u00f3n de ingresos clave para \u00abinvertir mejor y promover el desarrollo de pol\u00edticas locales\u00bb a lo largo del pa\u00eds y afirm\u00f3 que si llega al gobierno impulsar\u00e1&hellip;","_links":{"self":[{"href":"https:\/\/livingmultimediosde.net.ar\/INDEX\/wp-json\/wp\/v2\/posts\/4956","targetHints":{"allow":["GET"]}}],"collection":[{"href":"https:\/\/livingmultimediosde.net.ar\/INDEX\/wp-json\/wp\/v2\/posts"}],"about":[{"href":"https:\/\/livingmultimediosde.net.ar\/INDEX\/wp-json\/wp\/v2\/types\/post"}],"author":[{"embeddable":true,"href":"https:\/\/livingmultimediosde.net.ar\/INDEX\/wp-json\/wp\/v2\/users\/1"}],"replies":[{"embeddable":true,"href":"https:\/\/livingmultimediosde.net.ar\/INDEX\/wp-json\/wp\/v2\/comments?post=4956"}],"version-history":[{"count":1,"href":"https:\/\/livingmultimediosde.net.ar\/INDEX\/wp-json\/wp\/v2\/posts\/4956\/revisions"}],"predecessor-version":[{"id":4959,"href":"https:\/\/livingmultimediosde.net.ar\/INDEX\/wp-json\/wp\/v2\/posts\/4956\/revisions\/4959"}],"wp:attachment":[{"href":"https:\/\/livingmultimediosde.net.ar\/INDEX\/wp-json\/wp\/v2\/media?parent=4956"}],"wp:term":[{"taxonomy":"category","embeddable":true,"href":"https:\/\/livingmultimediosde.net.ar\/INDEX\/wp-json\/wp\/v2\/categories?post=4956"},{"taxonomy":"post_tag","embeddable":true,"href":"https:\/\/livingmultimediosde.net.ar\/INDEX\/wp-json\/wp\/v2\/tags?post=4956"}],"curies":[{"name":"wp","href":"https:\/\/api.w.org\/{rel}","templated":true}]}}