{"id":4948,"date":"2023-11-09T13:46:20","date_gmt":"2023-11-09T13:46:20","guid":{"rendered":"https:\/\/livingmultimediosde.net.ar\/INDEX\/?p=4948"},"modified":"2023-11-09T13:46:20","modified_gmt":"2023-11-09T13:46:20","slug":"socialistas-y-catalanes-alcanzaron-un-acuerdo-en-espana-que-allana-la-reeleccion-de-sanchez","status":"publish","type":"post","link":"https:\/\/livingmultimediosde.net.ar\/INDEX\/2023\/11\/socialistas-y-catalanes-alcanzaron-un-acuerdo-en-espana-que-allana-la-reeleccion-de-sanchez\/","title":{"rendered":"Socialistas y catalanes alcanzaron un acuerdo en Espa\u00f1a que allana la reelecci\u00f3n de S\u00e1nchez"},"content":{"rendered":"<p>El partido socialista espa\u00f1ol PSOE y una agrupaci\u00f3n catalana cerraron un acuerdo en torno a una ley de amnist\u00eda para separatistas de Catalu\u00f1a que da v\u00eda libre a la<strong>\u00a0reelecci\u00f3n del l\u00edder socialista Pedro S\u00e1nchez\u00a0<\/strong>como presidente del Gobierno, informaron medios.<\/p>\n<p>A cambio de su voto para reelegir a S\u00e1nchez, el partido Juntos por Catalu\u00f1a (JxCat) obtuvo el c<strong>ompromiso de la futura adopci\u00f3n de una ley de amnist\u00eda\u00a0<\/strong>para dirigentes y militantes procesados por un intento de secesi\u00f3n de Catalu\u00f1a de Espa\u00f1a de 2017.<\/p>\n<p>La noticia fue dada por los diarios El Pa\u00eds, El Mundo y otros medios de Espa\u00f1a, que citaron a fuentes cercanas a las negociaciones entre el PSOE y JxCat que agregaron que la votaci\u00f3n de investidura de S\u00e1nchez en el Congreso ser\u00e1 en los pr\u00f3ximos d\u00edas.<\/p>\n<p><strong>El PSOE termin\u00f3 segundo en las elecciones generales de julio pasado<\/strong>, y necesitaba de los siete disputados de JxCat, adem\u00e1s del apoyo de otros partidos, para asegurarse la mayor\u00eda en el Congreso de los Diputados y, por ende, la reelecci\u00f3n de S\u00e1nchez.<\/p>\n<p>El l\u00edder de JxCat, Carles Puigdemont, est\u00e1 refugiado en B\u00e9lgica para no ser juzgado en Espa\u00f1a por desobediencia y malversaci\u00f3n de fondos en relaci\u00f3n a una declaraci\u00f3n unilateral de independencia de Catalu\u00f1a en 2007, cuando era presidente catal\u00e1n.<\/p>\n<p>Seg\u00fan los medios espa\u00f1oles, ambas partes, que ven\u00edan negociando desde hace semanas, deber\u00edan presentar este pacto alrededor del mediod\u00eda en Bruselas, donde est\u00e1 instalado Puigdemont desde su salida de Espa\u00f1a.<\/p>\n<p><strong>El proyecto de ley de amnist\u00eda de los independentistas catalanes provoca el rechazo frontal de la derecha y la extrema derecha, que acusan a S\u00e1nchez de poner en riesgo la integridad territorial del Estado espa\u00f1ol para mantenerse en el poder.<\/strong><\/p>\n<p>S\u00e1nchez\u00a0<strong>est\u00e1 en el poder desde 2018<\/strong>. En 2020 fue reelecto al frente de una coalici\u00f3n progresista entre el PSOE y el partido de izquierda Podemos.<\/p>\n<p>Ahora se propone formar otra con la alianza de izquierda Suma, heredera de Podemos, y varios partidos independentistas de diversas regiones de Espa\u00f1a, no s\u00f3lo de Catalu\u00f1a sino tambi\u00e9n del Pa\u00eds Vasco y de Galicia.<\/p>\n","protected":false},"excerpt":{"rendered":"<p>El partido socialista espa\u00f1ol PSOE y una agrupaci\u00f3n catalana cerraron un acuerdo en torno a una ley de amnist\u00eda para separatistas de Catalu\u00f1a que da v\u00eda libre a la\u00a0reelecci\u00f3n del l\u00edder socialista Pedro S\u00e1nchez\u00a0como presidente del Gobierno, informaron medios. A cambio de su voto para reelegir a S\u00e1nchez, el partido Juntos por Catalu\u00f1a (JxCat) obtuvo el compromiso de la futura adopci\u00f3n de una ley de amnist\u00eda\u00a0para dirigentes y militantes procesados por un intento de secesi\u00f3n de Catalu\u00f1a de Espa\u00f1a de 2017. La noticia fue dada por los diarios El Pa\u00eds,&hellip;<\/p>\n","protected":false},"author":1,"featured_media":0,"comment_status":"open","ping_status":"closed","sticky":false,"template":"","format":"standard","meta":{"footnotes":""},"categories":[4],"tags":[],"class_list":["post-4948","post","type-post","status-publish","format-standard","hentry","category-interes-general"],"rttpg_featured_image_url":null,"rttpg_author":{"display_name":"rober","author_link":"https:\/\/livingmultimediosde.net.ar\/INDEX\/author\/rober\/"},"rttpg_comment":0,"rttpg_category":"<a href=\"https:\/\/livingmultimediosde.net.ar\/INDEX\/category\/interes-general\/\" rel=\"category tag\">INTERES GENERAL<\/a>","rttpg_excerpt":"El partido socialista espa\u00f1ol PSOE y una agrupaci\u00f3n catalana cerraron un acuerdo en torno a una ley de amnist\u00eda para separatistas de Catalu\u00f1a que da v\u00eda libre a la\u00a0reelecci\u00f3n del l\u00edder socialista Pedro S\u00e1nchez\u00a0como presidente del Gobierno, informaron medios. A cambio de su voto para reelegir a S\u00e1nchez, el partido Juntos por Catalu\u00f1a (JxCat) obtuvo&hellip;","_links":{"self":[{"href":"https:\/\/livingmultimediosde.net.ar\/INDEX\/wp-json\/wp\/v2\/posts\/4948","targetHints":{"allow":["GET"]}}],"collection":[{"href":"https:\/\/livingmultimediosde.net.ar\/INDEX\/wp-json\/wp\/v2\/posts"}],"about":[{"href":"https:\/\/livingmultimediosde.net.ar\/INDEX\/wp-json\/wp\/v2\/types\/post"}],"author":[{"embeddable":true,"href":"https:\/\/livingmultimediosde.net.ar\/INDEX\/wp-json\/wp\/v2\/users\/1"}],"replies":[{"embeddable":true,"href":"https:\/\/livingmultimediosde.net.ar\/INDEX\/wp-json\/wp\/v2\/comments?post=4948"}],"version-history":[{"count":1,"href":"https:\/\/livingmultimediosde.net.ar\/INDEX\/wp-json\/wp\/v2\/posts\/4948\/revisions"}],"predecessor-version":[{"id":4951,"href":"https:\/\/livingmultimediosde.net.ar\/INDEX\/wp-json\/wp\/v2\/posts\/4948\/revisions\/4951"}],"wp:attachment":[{"href":"https:\/\/livingmultimediosde.net.ar\/INDEX\/wp-json\/wp\/v2\/media?parent=4948"}],"wp:term":[{"taxonomy":"category","embeddable":true,"href":"https:\/\/livingmultimediosde.net.ar\/INDEX\/wp-json\/wp\/v2\/categories?post=4948"},{"taxonomy":"post_tag","embeddable":true,"href":"https:\/\/livingmultimediosde.net.ar\/INDEX\/wp-json\/wp\/v2\/tags?post=4948"}],"curies":[{"name":"wp","href":"https:\/\/api.w.org\/{rel}","templated":true}]}}