{"id":4944,"date":"2023-11-09T01:07:15","date_gmt":"2023-11-09T01:07:15","guid":{"rendered":"https:\/\/livingmultimediosde.net.ar\/INDEX\/?p=4944"},"modified":"2023-11-09T01:07:15","modified_gmt":"2023-11-09T01:07:15","slug":"eficiente-accionar-de-la-comisaria-3ra-esclarecen-robo-en-barrio-belgrano","status":"publish","type":"post","link":"https:\/\/livingmultimediosde.net.ar\/INDEX\/2023\/11\/eficiente-accionar-de-la-comisaria-3ra-esclarecen-robo-en-barrio-belgrano\/","title":{"rendered":"Eficiente accionar de la Comisaria 3ra: Esclarecen robo en barrio Belgrano"},"content":{"rendered":"<p>Seg\u00fan se supo, de fuentes oficiales, el eficiente accionar del personal policial de la Comisar\u00eda Tercera, en la Capital, permiti\u00f3 la identificaci\u00f3n, seguimiento, y detenci\u00f3n en la fecha de un joven masculino de apellido Barraza (33), con domicilio en el barrio 8 de Abril, que ser\u00eda el responsable de una serie de robos que tienen a mal traer a los vecinos del barrio Belgrano. A los efectos, las autoridades de la comisaria dispusieron reforzar la zona con m\u00e1s presencia policial, afectando a personal de todas sus \u00e1reas operativas.<\/p>\n<p>Luego de observar c\u00e1maras de vigilancia y aportes de pruebas de vecinos, la polic\u00eda logr\u00f3 identificar al malviviente. En la madrugada de este mi\u00e9rcoles, personal policial procedi\u00f3 al allanamiento de la vivienda del delincuente logrando su aprehensi\u00f3n y puesto bajo custodia, con intervenci\u00f3n del fiscal de turno y Juez de Garant\u00edas que libraron las ordenes pertienentes que habilitaron al cuerpo de efectivos policiales cumplir con su labor.<\/p>\n<p>En el caso particular, se pudo establecer que, un vecino del barrio Belgrano, denunci\u00f3 que fue objeto del accionar de un delincuente que ingres\u00f3 a su cochera, en dos ocasiones, violentando la seguridad y se apoder\u00f3 de parte de sus bienes. Los hechos sucedieron el lunes 30 y martes 31, a la madrugada, entre la 01,00 y las 5,00 hs, radicando las denuncia ese \u00faltimo d\u00eda a las 23, alarmado por la seguidilla delictiva de la que fue victima, contando con el aporte de datos importantes de vecinos de la zona que le aportaron.<\/p>\n<p>En efecto, seg\u00fan los datos logrados en el barrio, era un joven delincuente quien, en dos oportunidades, en dos d\u00edas consecutivos, rompi\u00f3 la seguridad de la cochera de la v\u00edctima y se apoder\u00f3 de bienes en dep\u00f3sito, los cuales fueron retirados en horas de la madrugada, previa rotura de candados y cerrojo de la puerta de hierro de la propiedad. Tambi\u00e9n no ser\u00eda ajeno al robo de un gym, la violentaci\u00f3n de los accesos a un full truck, en horas de la madrugada, todo sobre calle Cabo San Pablo, del aludido barrio.<\/p>\n<p>El malviviente se apoder\u00f3 de un equipo de primera generaci\u00f3n de GNC, una bacha y pie de cer\u00e1mica y un gom\u00f3n con paletas para cinco personas.<\/p>\n<p>Seg\u00fan se supo, el malviviente revel\u00f3, ante la requisitoria policial, que el gom\u00f3n lo vendi\u00f3 con las paletas a una familia a la que identific\u00f3, la cual invitada por la policia a dar parte del mismo, devolvi\u00f3 el bien comprado en supuesta buena fe. Tambi\u00e9n se logr\u00f3 recuperar las piezas de ba\u00f1o de cer\u00e1mica. El equipo de GNC, estar\u00eda pr\u00f3ximo a ser localizado, seg\u00fan las fuentes.<\/p>\n<div class=\"wp-block-image\">\n<figure class=\"aligncenter size-large\"><img decoding=\"async\" data-src=\"http:\/\/prensasantiago.com.ar\/wp-content\/uploads\/2023\/11\/IMG-20231108-WA0053-293x520.jpg\" data-srcset=\"https:\/\/prensasantiago.com.ar\/wp-content\/uploads\/2023\/11\/IMG-20231108-WA0053-293x520.jpg 293w, https:\/\/prensasantiago.com.ar\/wp-content\/uploads\/2023\/11\/IMG-20231108-WA0053-169x300.jpg 169w, https:\/\/prensasantiago.com.ar\/wp-content\/uploads\/2023\/11\/IMG-20231108-WA0053-768x1365.jpg 768w, https:\/\/prensasantiago.com.ar\/wp-content\/uploads\/2023\/11\/IMG-20231108-WA0053-864x1536.jpg 864w, https:\/\/prensasantiago.com.ar\/wp-content\/uploads\/2023\/11\/IMG-20231108-WA0053.jpg 900w\" class=\"wp-image-83176 lazyload\" src=\"data:image\/gif;base64,R0lGODlhAQABAIAAAAAAAP\/\/\/yH5BAEAAAAALAAAAAABAAEAAAIBRAA7\" sizes=\"(max-width: 293px) 100vw, 293px\"  alt=\"\" width=\"293\" height=\"520\" data-attachment-id=\"83176\" data-permalink=\"https:\/\/prensasantiago.com.ar\/index\/2023\/11\/08\/eficiente-accionar-de-la-comisaria-3ra-esclarecen-robo-en-barrio-belgrano\/img-20231108-wa0053\/\" data-orig-file=\"https:\/\/prensasantiago.com.ar\/wp-content\/uploads\/2023\/11\/IMG-20231108-WA0053.jpg\" data-orig-size=\"900,1600\" data-comments-opened=\"1\" data-image-meta=\"{&quot;aperture&quot;:&quot;0&quot;,&quot;credit&quot;:&quot;&quot;,&quot;camera&quot;:&quot;&quot;,&quot;caption&quot;:&quot;&quot;,&quot;created_timestamp&quot;:&quot;0&quot;,&quot;copyright&quot;:&quot;&quot;,&quot;focal_length&quot;:&quot;0&quot;,&quot;iso&quot;:&quot;0&quot;,&quot;shutter_speed&quot;:&quot;0&quot;,&quot;title&quot;:&quot;&quot;,&quot;orientation&quot;:&quot;0&quot;}\" data-image-title=\"IMG-20231108-WA0053\" data-image-description=\"\" data-image-caption=\"\" data-medium-file=\"https:\/\/prensasantiago.com.ar\/wp-content\/uploads\/2023\/11\/IMG-20231108-WA0053-169x300.jpg\" data-large-file=\"https:\/\/prensasantiago.com.ar\/wp-content\/uploads\/2023\/11\/IMG-20231108-WA0053-293x520.jpg\" \/><noscript><img decoding=\"async\" class=\"wp-image-83176\" src=\"http:\/\/prensasantiago.com.ar\/wp-content\/uploads\/2023\/11\/IMG-20231108-WA0053-293x520.jpg\" sizes=\"(max-width: 293px) 100vw, 293px\" srcset=\"https:\/\/prensasantiago.com.ar\/wp-content\/uploads\/2023\/11\/IMG-20231108-WA0053-293x520.jpg 293w, https:\/\/prensasantiago.com.ar\/wp-content\/uploads\/2023\/11\/IMG-20231108-WA0053-169x300.jpg 169w, https:\/\/prensasantiago.com.ar\/wp-content\/uploads\/2023\/11\/IMG-20231108-WA0053-768x1365.jpg 768w, https:\/\/prensasantiago.com.ar\/wp-content\/uploads\/2023\/11\/IMG-20231108-WA0053-864x1536.jpg 864w, https:\/\/prensasantiago.com.ar\/wp-content\/uploads\/2023\/11\/IMG-20231108-WA0053.jpg 900w\" alt=\"\" width=\"293\" height=\"520\" data-attachment-id=\"83176\" data-permalink=\"https:\/\/prensasantiago.com.ar\/index\/2023\/11\/08\/eficiente-accionar-de-la-comisaria-3ra-esclarecen-robo-en-barrio-belgrano\/img-20231108-wa0053\/\" data-orig-file=\"https:\/\/prensasantiago.com.ar\/wp-content\/uploads\/2023\/11\/IMG-20231108-WA0053.jpg\" data-orig-size=\"900,1600\" data-comments-opened=\"1\" data-image-meta=\"{&quot;aperture&quot;:&quot;0&quot;,&quot;credit&quot;:&quot;&quot;,&quot;camera&quot;:&quot;&quot;,&quot;caption&quot;:&quot;&quot;,&quot;created_timestamp&quot;:&quot;0&quot;,&quot;copyright&quot;:&quot;&quot;,&quot;focal_length&quot;:&quot;0&quot;,&quot;iso&quot;:&quot;0&quot;,&quot;shutter_speed&quot;:&quot;0&quot;,&quot;title&quot;:&quot;&quot;,&quot;orientation&quot;:&quot;0&quot;}\" data-image-title=\"IMG-20231108-WA0053\" data-image-description=\"\" data-image-caption=\"\" data-medium-file=\"https:\/\/prensasantiago.com.ar\/wp-content\/uploads\/2023\/11\/IMG-20231108-WA0053-169x300.jpg\" data-large-file=\"https:\/\/prensasantiago.com.ar\/wp-content\/uploads\/2023\/11\/IMG-20231108-WA0053-293x520.jpg\"><\/noscript><\/figure>\n<\/div>\n<figure class=\"wp-block-image size-full\"><img decoding=\"async\" data-src=\"https:\/\/prensasantiago.com.ar\/wp-content\/uploads\/2023\/11\/Screenshot_2023-11-08-21-53-48-155_com.whatsapp-edit.jpg\" data-srcset=\"https:\/\/prensasantiago.com.ar\/wp-content\/uploads\/2023\/11\/Screenshot_2023-11-08-21-53-48-155_com.whatsapp-edit.jpg 459w, https:\/\/prensasantiago.com.ar\/wp-content\/uploads\/2023\/11\/Screenshot_2023-11-08-21-53-48-155_com.whatsapp-edit-272x300.jpg 272w\" class=\"wp-image-83180 lazyload\" src=\"data:image\/gif;base64,R0lGODlhAQABAIAAAAAAAP\/\/\/yH5BAEAAAAALAAAAAABAAEAAAIBRAA7\" sizes=\"(max-width: 459px) 100vw, 459px\"  alt=\"\" width=\"459\" height=\"506\" data-attachment-id=\"83180\" data-permalink=\"https:\/\/prensasantiago.com.ar\/index\/2023\/11\/08\/eficiente-accionar-de-la-comisaria-3ra-esclarecen-robo-en-barrio-belgrano\/screenshot_2023-11-08-21-53-48-155_com-whatsapp-edit\/\" data-orig-file=\"https:\/\/prensasantiago.com.ar\/wp-content\/uploads\/2023\/11\/Screenshot_2023-11-08-21-53-48-155_com.whatsapp-edit.jpg\" data-orig-size=\"459,506\" data-comments-opened=\"1\" data-image-meta=\"{&quot;aperture&quot;:&quot;0&quot;,&quot;credit&quot;:&quot;&quot;,&quot;camera&quot;:&quot;&quot;,&quot;caption&quot;:&quot;&quot;,&quot;created_timestamp&quot;:&quot;0&quot;,&quot;copyright&quot;:&quot;&quot;,&quot;focal_length&quot;:&quot;0&quot;,&quot;iso&quot;:&quot;0&quot;,&quot;shutter_speed&quot;:&quot;0&quot;,&quot;title&quot;:&quot;&quot;,&quot;orientation&quot;:&quot;1&quot;}\" data-image-title=\"Screenshot_2023-11-08-21-53-48-155_com.whatsapp-edit\" data-image-description=\"\" data-image-caption=\"\" data-medium-file=\"https:\/\/prensasantiago.com.ar\/wp-content\/uploads\/2023\/11\/Screenshot_2023-11-08-21-53-48-155_com.whatsapp-edit-272x300.jpg\" data-large-file=\"https:\/\/prensasantiago.com.ar\/wp-content\/uploads\/2023\/11\/Screenshot_2023-11-08-21-53-48-155_com.whatsapp-edit.jpg\" \/><noscript><img decoding=\"async\" class=\"wp-image-83180\" src=\"https:\/\/prensasantiago.com.ar\/wp-content\/uploads\/2023\/11\/Screenshot_2023-11-08-21-53-48-155_com.whatsapp-edit.jpg\" sizes=\"(max-width: 459px) 100vw, 459px\" srcset=\"https:\/\/prensasantiago.com.ar\/wp-content\/uploads\/2023\/11\/Screenshot_2023-11-08-21-53-48-155_com.whatsapp-edit.jpg 459w, https:\/\/prensasantiago.com.ar\/wp-content\/uploads\/2023\/11\/Screenshot_2023-11-08-21-53-48-155_com.whatsapp-edit-272x300.jpg 272w\" alt=\"\" width=\"459\" height=\"506\" data-attachment-id=\"83180\" data-permalink=\"https:\/\/prensasantiago.com.ar\/index\/2023\/11\/08\/eficiente-accionar-de-la-comisaria-3ra-esclarecen-robo-en-barrio-belgrano\/screenshot_2023-11-08-21-53-48-155_com-whatsapp-edit\/\" data-orig-file=\"https:\/\/prensasantiago.com.ar\/wp-content\/uploads\/2023\/11\/Screenshot_2023-11-08-21-53-48-155_com.whatsapp-edit.jpg\" data-orig-size=\"459,506\" data-comments-opened=\"1\" data-image-meta=\"{&quot;aperture&quot;:&quot;0&quot;,&quot;credit&quot;:&quot;&quot;,&quot;camera&quot;:&quot;&quot;,&quot;caption&quot;:&quot;&quot;,&quot;created_timestamp&quot;:&quot;0&quot;,&quot;copyright&quot;:&quot;&quot;,&quot;focal_length&quot;:&quot;0&quot;,&quot;iso&quot;:&quot;0&quot;,&quot;shutter_speed&quot;:&quot;0&quot;,&quot;title&quot;:&quot;&quot;,&quot;orientation&quot;:&quot;1&quot;}\" data-image-title=\"Screenshot_2023-11-08-21-53-48-155_com.whatsapp-edit\" data-image-description=\"\" data-image-caption=\"\" data-medium-file=\"https:\/\/prensasantiago.com.ar\/wp-content\/uploads\/2023\/11\/Screenshot_2023-11-08-21-53-48-155_com.whatsapp-edit-272x300.jpg\" data-large-file=\"https:\/\/prensasantiago.com.ar\/wp-content\/uploads\/2023\/11\/Screenshot_2023-11-08-21-53-48-155_com.whatsapp-edit.jpg\"><\/noscript><\/figure>\n<div class=\"sharedaddy sd-sharing-enabled\">\n<div class=\"robots-nocontent sd-block sd-social sd-social-icon sd-sharing\">\n<div class=\"sd-content\">\n<ul data-sharing-events-added=\"true\">\n<li class=\"share-twitter\"><\/li>\n<\/ul>\n<\/div>\n<\/div>\n<\/div>\n","protected":false},"excerpt":{"rendered":"<p>Seg\u00fan se supo, de fuentes oficiales, el eficiente accionar del personal policial de la Comisar\u00eda Tercera, en la Capital, permiti\u00f3 la identificaci\u00f3n, seguimiento, y detenci\u00f3n en la fecha de un joven masculino de apellido Barraza (33), con domicilio en el barrio 8 de Abril, que ser\u00eda el responsable de una serie de robos que tienen a mal traer a los vecinos del barrio Belgrano. A los efectos, las autoridades de la comisaria dispusieron reforzar la zona con m\u00e1s presencia policial, afectando a personal de todas sus \u00e1reas operativas. Luego de&hellip;<\/p>\n","protected":false},"author":1,"featured_media":0,"comment_status":"open","ping_status":"closed","sticky":false,"template":"","format":"standard","meta":{"footnotes":""},"categories":[4],"tags":[],"class_list":["post-4944","post","type-post","status-publish","format-standard","hentry","category-interes-general"],"rttpg_featured_image_url":null,"rttpg_author":{"display_name":"rober","author_link":"https:\/\/livingmultimediosde.net.ar\/INDEX\/author\/rober\/"},"rttpg_comment":0,"rttpg_category":"<a href=\"https:\/\/livingmultimediosde.net.ar\/INDEX\/category\/interes-general\/\" rel=\"category tag\">INTERES GENERAL<\/a>","rttpg_excerpt":"Seg\u00fan se supo, de fuentes oficiales, el eficiente accionar del personal policial de la Comisar\u00eda Tercera, en la Capital, permiti\u00f3 la identificaci\u00f3n, seguimiento, y detenci\u00f3n en la fecha de un joven masculino de apellido Barraza (33), con domicilio en el barrio 8 de Abril, que ser\u00eda el responsable de una serie de robos que tienen&hellip;","_links":{"self":[{"href":"https:\/\/livingmultimediosde.net.ar\/INDEX\/wp-json\/wp\/v2\/posts\/4944","targetHints":{"allow":["GET"]}}],"collection":[{"href":"https:\/\/livingmultimediosde.net.ar\/INDEX\/wp-json\/wp\/v2\/posts"}],"about":[{"href":"https:\/\/livingmultimediosde.net.ar\/INDEX\/wp-json\/wp\/v2\/types\/post"}],"author":[{"embeddable":true,"href":"https:\/\/livingmultimediosde.net.ar\/INDEX\/wp-json\/wp\/v2\/users\/1"}],"replies":[{"embeddable":true,"href":"https:\/\/livingmultimediosde.net.ar\/INDEX\/wp-json\/wp\/v2\/comments?post=4944"}],"version-history":[{"count":1,"href":"https:\/\/livingmultimediosde.net.ar\/INDEX\/wp-json\/wp\/v2\/posts\/4944\/revisions"}],"predecessor-version":[{"id":4946,"href":"https:\/\/livingmultimediosde.net.ar\/INDEX\/wp-json\/wp\/v2\/posts\/4944\/revisions\/4946"}],"wp:attachment":[{"href":"https:\/\/livingmultimediosde.net.ar\/INDEX\/wp-json\/wp\/v2\/media?parent=4944"}],"wp:term":[{"taxonomy":"category","embeddable":true,"href":"https:\/\/livingmultimediosde.net.ar\/INDEX\/wp-json\/wp\/v2\/categories?post=4944"},{"taxonomy":"post_tag","embeddable":true,"href":"https:\/\/livingmultimediosde.net.ar\/INDEX\/wp-json\/wp\/v2\/tags?post=4944"}],"curies":[{"name":"wp","href":"https:\/\/api.w.org\/{rel}","templated":true}]}}