{"id":25913,"date":"2026-09-05T20:32:30","date_gmt":"2026-09-05T20:32:30","guid":{"rendered":"https:\/\/livingmultimediosde.net.ar\/INDEX\/?p=25913"},"modified":"2026-09-05T20:32:30","modified_gmt":"2026-09-05T20:32:30","slug":"la-6-marcha-de-los-bombos-unio-a-turistas-y-vecinos-en-termas","status":"publish","type":"post","link":"https:\/\/livingmultimediosde.net.ar\/INDEX\/2026\/09\/la-6-marcha-de-los-bombos-unio-a-turistas-y-vecinos-en-termas\/","title":{"rendered":"La 6\u00b0 Marcha de los Bombos uni\u00f3 a turistas y vecinos en Termas"},"content":{"rendered":"<div id=\"inner-wrap\" class=\"wrap hfeed kt-clear\">\n<div id=\"primary\" class=\"content-area\">\n<div class=\"content-container site-container\"><main id=\"main\" class=\"site-main\" role=\"main\"><\/p>\n<div class=\"content-wrap\">\n<article id=\"post-57927\" class=\"entry content-bg single-entry post-57927 post type-post status-publish format-standard has-post-thumbnail hentry category-institucional category-portada category-turismo tag-marcha-de-los-bombos tag-termas-de-rio-hondo\">\n<div class=\"entry-content-wrap\">\n<header class=\"entry-header post-title title-align-left title-tablet-align-left title-mobile-align-left\"><\/header>\n<div class=\"entry-content single-content\">\n<div class=\"addtoany_share_save_container addtoany_content addtoany_content_top\">\n<div class=\"a2a_kit a2a_kit_size_32 addtoany_list\" data-a2a-url=\"https:\/\/sde.gob.ar\/2026\/09\/05\/la-6-marcha-de-los-bombos-unio-a-turistas-y-vecinos-en-termas\/\" data-a2a-title=\"La 6\u00b0 Marcha de los Bombos uni\u00f3 a turistas y vecinos en Termas\">En el marco de los festejos por el <strong>72\u00b0 aniversario de Las Termas de R\u00edo Hondo,\u00a0<\/strong>se realiz\u00f3 este s\u00e1bado con gran \u00e9xito la\u00a0<strong>sexta edici\u00f3n de la Marcha de los Bombos<\/strong>\u00a0con la participaci\u00f3n de una gran cantidad de vecinos y visitantes.<\/div>\n<\/div>\n<p>La manifestaci\u00f3n cultural fue encabezada por la\u00a0<strong>intendente Paula C\u00e1nepa,<\/strong>\u00a0acompa\u00f1ada por el\u00a0<strong>diputado nacional Jorge Mukdise y<\/strong>\u00a0dos de los creadores de este evento popular:\u00a0<strong>Teresa Castronuovo y el \u201cIndio\u201d Froil\u00e1n Gonz\u00e1lez.<\/strong><\/p>\n<p>La columna parti\u00f3 desde el Centro Cultural General San Mart\u00edn y, al ritmo del bombo leg\u00fcero, recorri\u00f3 las calles c\u00e9ntricas del principal destino tur\u00edstico de la provincia para finalizar en la explanada del casino.<\/p>\n<figure class=\"wp-block-image size-large\"><img decoding=\"async\" data-src=\"https:\/\/sde.gob.ar\/wp-content\/uploads\/2026\/09\/1001859476-1024x682.jpg\" data-srcset=\"https:\/\/sde.gob.ar\/wp-content\/uploads\/2026\/09\/1001859476-1024x682.jpg 1024w, https:\/\/sde.gob.ar\/wp-content\/uploads\/2026\/09\/1001859476-300x200.jpg 300w, https:\/\/sde.gob.ar\/wp-content\/uploads\/2026\/09\/1001859476-768x512.jpg 768w, https:\/\/sde.gob.ar\/wp-content\/uploads\/2026\/09\/1001859476-1536x1023.jpg 1536w, https:\/\/sde.gob.ar\/wp-content\/uploads\/2026\/09\/1001859476.jpg 1600w\" class=\"wp-image-57929 lazyload\" src=\"data:image\/gif;base64,R0lGODlhAQABAIAAAAAAAP\/\/\/yH5BAEAAAAALAAAAAABAAEAAAIBRAA7\" sizes=\"(max-width: 1024px) 100vw, 1024px\"  alt=\"\" width=\"1024\" height=\"682\" \/><noscript><img decoding=\"async\" class=\"wp-image-57929\" src=\"https:\/\/sde.gob.ar\/wp-content\/uploads\/2026\/09\/1001859476-1024x682.jpg\" sizes=\"(max-width: 1024px) 100vw, 1024px\" srcset=\"https:\/\/sde.gob.ar\/wp-content\/uploads\/2026\/09\/1001859476-1024x682.jpg 1024w, https:\/\/sde.gob.ar\/wp-content\/uploads\/2026\/09\/1001859476-300x200.jpg 300w, https:\/\/sde.gob.ar\/wp-content\/uploads\/2026\/09\/1001859476-768x512.jpg 768w, https:\/\/sde.gob.ar\/wp-content\/uploads\/2026\/09\/1001859476-1536x1023.jpg 1536w, https:\/\/sde.gob.ar\/wp-content\/uploads\/2026\/09\/1001859476.jpg 1600w\" alt=\"\" width=\"1024\" height=\"682\"><\/noscript><\/figure>\n<p>En su paso por la Municipalidad se realiz\u00f3 una parada donde se brind\u00f3 un espect\u00e1culo art\u00edstico de danza y m\u00fasica que fue ovacionado por el p\u00fablico.<\/p>\n<p>Los art\u00edfices de la marcha celebraron la continuidad de este proyecto cultural \u201cque fortalece la identidad y que invita a conocer, amar y defender nuestra tierra\u201d.<\/p>\n<figure class=\"wp-block-image size-large\"><img decoding=\"async\" data-src=\"https:\/\/sde.gob.ar\/wp-content\/uploads\/2026\/09\/1001859475-1024x682.jpg\" data-srcset=\"https:\/\/sde.gob.ar\/wp-content\/uploads\/2026\/09\/1001859475-1024x682.jpg 1024w, https:\/\/sde.gob.ar\/wp-content\/uploads\/2026\/09\/1001859475-300x200.jpg 300w, https:\/\/sde.gob.ar\/wp-content\/uploads\/2026\/09\/1001859475-768x512.jpg 768w, https:\/\/sde.gob.ar\/wp-content\/uploads\/2026\/09\/1001859475-1536x1023.jpg 1536w, https:\/\/sde.gob.ar\/wp-content\/uploads\/2026\/09\/1001859475.jpg 1600w\" class=\"wp-image-57930 lazyload\" src=\"data:image\/gif;base64,R0lGODlhAQABAIAAAAAAAP\/\/\/yH5BAEAAAAALAAAAAABAAEAAAIBRAA7\" sizes=\"(max-width: 1024px) 100vw, 1024px\"  alt=\"\" width=\"1024\" height=\"682\" \/><noscript><img decoding=\"async\" class=\"wp-image-57930\" src=\"https:\/\/sde.gob.ar\/wp-content\/uploads\/2026\/09\/1001859475-1024x682.jpg\" sizes=\"(max-width: 1024px) 100vw, 1024px\" srcset=\"https:\/\/sde.gob.ar\/wp-content\/uploads\/2026\/09\/1001859475-1024x682.jpg 1024w, https:\/\/sde.gob.ar\/wp-content\/uploads\/2026\/09\/1001859475-300x200.jpg 300w, https:\/\/sde.gob.ar\/wp-content\/uploads\/2026\/09\/1001859475-768x512.jpg 768w, https:\/\/sde.gob.ar\/wp-content\/uploads\/2026\/09\/1001859475-1536x1023.jpg 1536w, https:\/\/sde.gob.ar\/wp-content\/uploads\/2026\/09\/1001859475.jpg 1600w\" alt=\"\" width=\"1024\" height=\"682\"><\/noscript><\/figure>\n<p>Al concluir, agradecieron la recepci\u00f3n del pueblo terme\u00f1o y expresaron su deseo de que \u201cla marcha siga creciendo con alegr\u00eda y esperanza\u201d.<\/p>\n<\/div>\n<\/div>\n<\/article>\n<\/div>\n<p><\/main><\/div>\n<\/div>\n<\/div>\n<footer id=\"colophon\" class=\"site-footer\" role=\"contentinfo\">\n<div class=\"site-footer-wrap\">\n<div class=\"site-top-footer-wrap site-footer-row-container site-footer-focus-item site-footer-row-layout-standard site-footer-row-tablet-layout-default site-footer-row-mobile-layout-default\" data-section=\"kadence_customizer_footer_top\">\n<div class=\"site-footer-row-container-inner\">\n<div class=\"site-container\">\n<div class=\"site-top-footer-inner-wrap site-footer-row site-footer-row-columns-3 site-footer-row-column-layout-equal site-footer-row-tablet-column-layout-default site-footer-row-mobile-column-layout-row ft-ro-dir-row ft-ro-collapse-normal ft-ro-t-dir-default ft-ro-m-dir-default ft-ro-lstyle-plain\">\n<div class=\"site-footer-top-section-1 site-footer-section footer-section-inner-items-1\">\n<div class=\"footer-widget-area widget-area site-footer-focus-item footer-widget1 content-align-default content-tablet-align-default content-mobile-align-default content-valign-default content-tablet-valign-default content-mobile-valign-default\" data-section=\"sidebar-widgets-footer1\">\n<div class=\"footer-widget-area-inner site-info-inner\"><\/div>\n<\/div>\n<\/div>\n<\/div>\n<\/div>\n<\/div>\n<\/div>\n<\/div>\n<\/footer>\n","protected":false},"excerpt":{"rendered":"<p>En el marco de los festejos por el 72\u00b0 aniversario de Las Termas de R\u00edo Hondo,\u00a0se realiz\u00f3 este s\u00e1bado con gran \u00e9xito la\u00a0sexta edici\u00f3n de la Marcha de los Bombos\u00a0con la participaci\u00f3n de una gran cantidad de vecinos y visitantes. La manifestaci\u00f3n cultural fue encabezada por la\u00a0intendente Paula C\u00e1nepa,\u00a0acompa\u00f1ada por el\u00a0diputado nacional Jorge Mukdise y\u00a0dos de los creadores de este evento popular:\u00a0Teresa Castronuovo y el \u201cIndio\u201d Froil\u00e1n Gonz\u00e1lez. La columna parti\u00f3 desde el Centro Cultural General San Mart\u00edn y, al ritmo del bombo leg\u00fcero, recorri\u00f3 las calles c\u00e9ntricas del principal&hellip;<\/p>\n","protected":false},"author":1,"featured_media":25914,"comment_status":"closed","ping_status":"closed","sticky":false,"template":"","format":"standard","meta":{"footnotes":""},"categories":[9],"tags":[],"class_list":["post-25913","post","type-post","status-publish","format-standard","has-post-thumbnail","hentry","category-noticias"],"rttpg_featured_image_url":{"full":["https:\/\/livingmultimediosde.net.ar\/INDEX\/wp-content\/uploads\/2026\/09\/bombos.termas.jpg",1024,682,false],"landscape":["https:\/\/livingmultimediosde.net.ar\/INDEX\/wp-content\/uploads\/2026\/09\/bombos.termas.jpg",1024,682,false],"portraits":["https:\/\/livingmultimediosde.net.ar\/INDEX\/wp-content\/uploads\/2026\/09\/bombos.termas.jpg",1024,682,false],"thumbnail":["https:\/\/livingmultimediosde.net.ar\/INDEX\/wp-content\/uploads\/2026\/09\/bombos.termas-150x150.jpg",150,150,true],"medium":["https:\/\/livingmultimediosde.net.ar\/INDEX\/wp-content\/uploads\/2026\/09\/bombos.termas-300x200.jpg",300,200,true],"large":["https:\/\/livingmultimediosde.net.ar\/INDEX\/wp-content\/uploads\/2026\/09\/bombos.termas.jpg",640,426,false],"1536x1536":["https:\/\/livingmultimediosde.net.ar\/INDEX\/wp-content\/uploads\/2026\/09\/bombos.termas.jpg",1024,682,false],"2048x2048":["https:\/\/livingmultimediosde.net.ar\/INDEX\/wp-content\/uploads\/2026\/09\/bombos.termas.jpg",1024,682,false],"post-thumbnail":["https:\/\/livingmultimediosde.net.ar\/INDEX\/wp-content\/uploads\/2026\/09\/bombos.termas-240x172.jpg",240,172,true]},"rttpg_author":{"display_name":"rober","author_link":"https:\/\/livingmultimediosde.net.ar\/INDEX\/author\/rober\/"},"rttpg_comment":0,"rttpg_category":"<a href=\"https:\/\/livingmultimediosde.net.ar\/INDEX\/category\/noticias\/\" rel=\"category tag\">NOTICIAS<\/a>","rttpg_excerpt":"En el marco de los festejos por el 72\u00b0 aniversario de Las Termas de R\u00edo Hondo,\u00a0se realiz\u00f3 este s\u00e1bado con gran \u00e9xito la\u00a0sexta edici\u00f3n de la Marcha de los Bombos\u00a0con la participaci\u00f3n de una gran cantidad de vecinos y visitantes. La manifestaci\u00f3n cultural fue encabezada por la\u00a0intendente Paula C\u00e1nepa,\u00a0acompa\u00f1ada por el\u00a0diputado nacional Jorge Mukdise y\u00a0dos&hellip;","_links":{"self":[{"href":"https:\/\/livingmultimediosde.net.ar\/INDEX\/wp-json\/wp\/v2\/posts\/25913","targetHints":{"allow":["GET"]}}],"collection":[{"href":"https:\/\/livingmultimediosde.net.ar\/INDEX\/wp-json\/wp\/v2\/posts"}],"about":[{"href":"https:\/\/livingmultimediosde.net.ar\/INDEX\/wp-json\/wp\/v2\/types\/post"}],"author":[{"embeddable":true,"href":"https:\/\/livingmultimediosde.net.ar\/INDEX\/wp-json\/wp\/v2\/users\/1"}],"replies":[{"embeddable":true,"href":"https:\/\/livingmultimediosde.net.ar\/INDEX\/wp-json\/wp\/v2\/comments?post=25913"}],"version-history":[{"count":1,"href":"https:\/\/livingmultimediosde.net.ar\/INDEX\/wp-json\/wp\/v2\/posts\/25913\/revisions"}],"predecessor-version":[{"id":25915,"href":"https:\/\/livingmultimediosde.net.ar\/INDEX\/wp-json\/wp\/v2\/posts\/25913\/revisions\/25915"}],"wp:featuredmedia":[{"embeddable":true,"href":"https:\/\/livingmultimediosde.net.ar\/INDEX\/wp-json\/wp\/v2\/media\/25914"}],"wp:attachment":[{"href":"https:\/\/livingmultimediosde.net.ar\/INDEX\/wp-json\/wp\/v2\/media?parent=25913"}],"wp:term":[{"taxonomy":"category","embeddable":true,"href":"https:\/\/livingmultimediosde.net.ar\/INDEX\/wp-json\/wp\/v2\/categories?post=25913"},{"taxonomy":"post_tag","embeddable":true,"href":"https:\/\/livingmultimediosde.net.ar\/INDEX\/wp-json\/wp\/v2\/tags?post=25913"}],"curies":[{"name":"wp","href":"https:\/\/api.w.org\/{rel}","templated":true}]}}