{"id":25910,"date":"2026-09-05T20:29:50","date_gmt":"2026-09-05T20:29:50","guid":{"rendered":"https:\/\/livingmultimediosde.net.ar\/INDEX\/?p=25910"},"modified":"2026-09-05T20:29:50","modified_gmt":"2026-09-05T20:29:50","slug":"suarez-destaco-a-la-educacion-como-puente-para-el-desarrollo-el-legado-de-mama-antula-y-el-valor-del-dialogo","status":"publish","type":"post","link":"https:\/\/livingmultimediosde.net.ar\/INDEX\/2026\/09\/suarez-destaco-a-la-educacion-como-puente-para-el-desarrollo-el-legado-de-mama-antula-y-el-valor-del-dialogo\/","title":{"rendered":"Su\u00e1rez destac\u00f3 a la educaci\u00f3n como puente para el desarrollo, el legado de Mama Antula y el valor del di\u00e1logo"},"content":{"rendered":"<p>El\u00a0<strong>gobernador de Santiago del Estero, El\u00edas Su\u00e1rez<\/strong>, particip\u00f3 este s\u00e1bado de la\u00a0<strong>Semana Social 2026,\u00a0<\/strong>que se desarrolla en la ciudad de C\u00f3rdoba, invitado especialmente por la\u00a0<strong>Comisi\u00f3n Episcopal de Pastoral Social de la Conferencia Episcopal Argentina.<\/strong><\/p>\n<figure class=\"wp-block-image size-large\"><img decoding=\"async\" data-src=\"https:\/\/sde.gob.ar\/wp-content\/uploads\/2026\/09\/1001859426-1024x683.jpg\" data-srcset=\"https:\/\/sde.gob.ar\/wp-content\/uploads\/2026\/09\/1001859426-1024x683.jpg 1024w, https:\/\/sde.gob.ar\/wp-content\/uploads\/2026\/09\/1001859426-300x200.jpg 300w, https:\/\/sde.gob.ar\/wp-content\/uploads\/2026\/09\/1001859426-768x512.jpg 768w, https:\/\/sde.gob.ar\/wp-content\/uploads\/2026\/09\/1001859426-1536x1024.jpg 1536w, https:\/\/sde.gob.ar\/wp-content\/uploads\/2026\/09\/1001859426.jpg 1599w\" class=\"wp-image-57925 lazyload\" src=\"data:image\/gif;base64,R0lGODlhAQABAIAAAAAAAP\/\/\/yH5BAEAAAAALAAAAAABAAEAAAIBRAA7\" sizes=\"(max-width: 1024px) 100vw, 1024px\"  alt=\"\" width=\"1024\" height=\"683\" \/><noscript><img decoding=\"async\" class=\"wp-image-57925\" src=\"https:\/\/sde.gob.ar\/wp-content\/uploads\/2026\/09\/1001859426-1024x683.jpg\" sizes=\"(max-width: 1024px) 100vw, 1024px\" srcset=\"https:\/\/sde.gob.ar\/wp-content\/uploads\/2026\/09\/1001859426-1024x683.jpg 1024w, https:\/\/sde.gob.ar\/wp-content\/uploads\/2026\/09\/1001859426-300x200.jpg 300w, https:\/\/sde.gob.ar\/wp-content\/uploads\/2026\/09\/1001859426-768x512.jpg 768w, https:\/\/sde.gob.ar\/wp-content\/uploads\/2026\/09\/1001859426-1536x1024.jpg 1536w, https:\/\/sde.gob.ar\/wp-content\/uploads\/2026\/09\/1001859426.jpg 1599w\" alt=\"\" width=\"1024\" height=\"683\"><\/noscript><\/figure>\n<p>El mandatario integr\u00f3 el\u00a0<strong>panel \u201cBien Com\u00fan y compromiso social: una llamada de Magn\u00edfica Humanitas\u201d,<\/strong>\u00a0junto al presidente de la Conferencia Episcopal Argentina,\u00a0<strong>monse\u00f1or Marcelo Colombo y el gobernador de C\u00f3rdoba, Mart\u00edn Llaryora.<\/strong><\/p>\n<figure class=\"wp-block-image size-large\"><img decoding=\"async\" data-src=\"https:\/\/sde.gob.ar\/wp-content\/uploads\/2026\/09\/1001859429-1024x683.jpg\" data-srcset=\"https:\/\/sde.gob.ar\/wp-content\/uploads\/2026\/09\/1001859429-1024x683.jpg 1024w, https:\/\/sde.gob.ar\/wp-content\/uploads\/2026\/09\/1001859429-300x200.jpg 300w, https:\/\/sde.gob.ar\/wp-content\/uploads\/2026\/09\/1001859429-768x512.jpg 768w, https:\/\/sde.gob.ar\/wp-content\/uploads\/2026\/09\/1001859429-1536x1024.jpg 1536w, https:\/\/sde.gob.ar\/wp-content\/uploads\/2026\/09\/1001859429.jpg 1599w\" class=\"wp-image-57921 lazyload\" src=\"data:image\/gif;base64,R0lGODlhAQABAIAAAAAAAP\/\/\/yH5BAEAAAAALAAAAAABAAEAAAIBRAA7\" sizes=\"(max-width: 1024px) 100vw, 1024px\"  alt=\"\" width=\"1024\" height=\"683\" \/><noscript><img decoding=\"async\" class=\"wp-image-57921\" src=\"https:\/\/sde.gob.ar\/wp-content\/uploads\/2026\/09\/1001859429-1024x683.jpg\" sizes=\"(max-width: 1024px) 100vw, 1024px\" srcset=\"https:\/\/sde.gob.ar\/wp-content\/uploads\/2026\/09\/1001859429-1024x683.jpg 1024w, https:\/\/sde.gob.ar\/wp-content\/uploads\/2026\/09\/1001859429-300x200.jpg 300w, https:\/\/sde.gob.ar\/wp-content\/uploads\/2026\/09\/1001859429-768x512.jpg 768w, https:\/\/sde.gob.ar\/wp-content\/uploads\/2026\/09\/1001859429-1536x1024.jpg 1536w, https:\/\/sde.gob.ar\/wp-content\/uploads\/2026\/09\/1001859429.jpg 1599w\" alt=\"\" width=\"1024\" height=\"683\"><\/noscript><\/figure>\n<p>En el marco de la enc\u00edclica Magn\u00edfica Humanitas del Papa Le\u00f3n XIV, Su\u00e1rez puso \u00e9nfasis en la educaci\u00f3n como puente para achicar brechas sociales y construir igualdad de oportunidades. En ese sentido, subray\u00f3 que Santiago del Estero es un pueblo con una fuerte vocaci\u00f3n religiosa, que encuentra en el legado de Mama Antula un ejemplo permanente de servicio y compromiso con el pr\u00f3jimo.<\/p>\n<figure class=\"wp-block-image size-large\"><img decoding=\"async\" data-src=\"https:\/\/sde.gob.ar\/wp-content\/uploads\/2026\/09\/1001859427-1024x768.jpg\" data-srcset=\"https:\/\/sde.gob.ar\/wp-content\/uploads\/2026\/09\/1001859427-1024x768.jpg 1024w, https:\/\/sde.gob.ar\/wp-content\/uploads\/2026\/09\/1001859427-300x225.jpg 300w, https:\/\/sde.gob.ar\/wp-content\/uploads\/2026\/09\/1001859427-768x576.jpg 768w, https:\/\/sde.gob.ar\/wp-content\/uploads\/2026\/09\/1001859427-1536x1152.jpg 1536w, https:\/\/sde.gob.ar\/wp-content\/uploads\/2026\/09\/1001859427-2048x1536.jpg 2048w\" class=\"wp-image-57922 lazyload\" src=\"data:image\/gif;base64,R0lGODlhAQABAIAAAAAAAP\/\/\/yH5BAEAAAAALAAAAAABAAEAAAIBRAA7\" sizes=\"(max-width: 1024px) 100vw, 1024px\"  alt=\"\" width=\"1024\" height=\"768\" \/><noscript><img decoding=\"async\" class=\"wp-image-57922\" src=\"https:\/\/sde.gob.ar\/wp-content\/uploads\/2026\/09\/1001859427-1024x768.jpg\" sizes=\"(max-width: 1024px) 100vw, 1024px\" srcset=\"https:\/\/sde.gob.ar\/wp-content\/uploads\/2026\/09\/1001859427-1024x768.jpg 1024w, https:\/\/sde.gob.ar\/wp-content\/uploads\/2026\/09\/1001859427-300x225.jpg 300w, https:\/\/sde.gob.ar\/wp-content\/uploads\/2026\/09\/1001859427-768x576.jpg 768w, https:\/\/sde.gob.ar\/wp-content\/uploads\/2026\/09\/1001859427-1536x1152.jpg 1536w, https:\/\/sde.gob.ar\/wp-content\/uploads\/2026\/09\/1001859427-2048x1536.jpg 2048w\" alt=\"\" width=\"1024\" height=\"768\"><\/noscript><\/figure>\n<p>El gobernador tambi\u00e9n remarc\u00f3 la importancia del di\u00e1logo como herramienta de gesti\u00f3n y la necesidad de sostener espacios institucionales de consenso. En ese marco, hizo referencia al Consejo Econ\u00f3mico y Social, que forma parte de la Constituci\u00f3n provincial y en el que se re\u00fanen universidades, c\u00e1maras empresariales, el sector del trabajo, colegios profesionales y organizaciones de la sociedad civil. Asimismo, mencion\u00f3 las mesas de di\u00e1logo y trabajo que re\u00fanen a los sectores gremiales de la administraci\u00f3n p\u00fablica y docente, como otro ejemplo concreto de la construcci\u00f3n colectiva del bien com\u00fan en la provincia.<\/p>\n<figure class=\"wp-block-image size-large\"><img decoding=\"async\" data-src=\"https:\/\/sde.gob.ar\/wp-content\/uploads\/2026\/09\/1001859424-1024x683.jpg\" data-srcset=\"https:\/\/sde.gob.ar\/wp-content\/uploads\/2026\/09\/1001859424-1024x683.jpg 1024w, https:\/\/sde.gob.ar\/wp-content\/uploads\/2026\/09\/1001859424-300x200.jpg 300w, https:\/\/sde.gob.ar\/wp-content\/uploads\/2026\/09\/1001859424-768x512.jpg 768w, https:\/\/sde.gob.ar\/wp-content\/uploads\/2026\/09\/1001859424-1536x1024.jpg 1536w, https:\/\/sde.gob.ar\/wp-content\/uploads\/2026\/09\/1001859424.jpg 1599w\" class=\"wp-image-57923 lazyload\" src=\"data:image\/gif;base64,R0lGODlhAQABAIAAAAAAAP\/\/\/yH5BAEAAAAALAAAAAABAAEAAAIBRAA7\" sizes=\"(max-width: 1024px) 100vw, 1024px\"  alt=\"\" width=\"1024\" height=\"683\" \/><noscript><img decoding=\"async\" class=\"wp-image-57923\" src=\"https:\/\/sde.gob.ar\/wp-content\/uploads\/2026\/09\/1001859424-1024x683.jpg\" sizes=\"(max-width: 1024px) 100vw, 1024px\" srcset=\"https:\/\/sde.gob.ar\/wp-content\/uploads\/2026\/09\/1001859424-1024x683.jpg 1024w, https:\/\/sde.gob.ar\/wp-content\/uploads\/2026\/09\/1001859424-300x200.jpg 300w, https:\/\/sde.gob.ar\/wp-content\/uploads\/2026\/09\/1001859424-768x512.jpg 768w, https:\/\/sde.gob.ar\/wp-content\/uploads\/2026\/09\/1001859424-1536x1024.jpg 1536w, https:\/\/sde.gob.ar\/wp-content\/uploads\/2026\/09\/1001859424.jpg 1599w\" alt=\"\" width=\"1024\" height=\"683\"><\/noscript><\/figure>\n<p>La actividad, organizada por la Comisi\u00f3n Episcopal de Pastoral Social de la Conferencia Episcopal Argentina y el Arzobispado de C\u00f3rdoba bajo el lema \u201cPuentes hacia el Bien Com\u00fan\u201d, reuni\u00f3 a referentes pol\u00edticos, sociales, empresariales, sindicales, acad\u00e9micos y religiosos de todo el pa\u00eds. La invitaci\u00f3n al mandatario santiague\u00f1o fue cursada por monse\u00f1or Dante Braida, presidente de la Comisi\u00f3n Episcopal de Pastoral Social.<\/p>\n","protected":false},"excerpt":{"rendered":"<p>El\u00a0gobernador de Santiago del Estero, El\u00edas Su\u00e1rez, particip\u00f3 este s\u00e1bado de la\u00a0Semana Social 2026,\u00a0que se desarrolla en la ciudad de C\u00f3rdoba, invitado especialmente por la\u00a0Comisi\u00f3n Episcopal de Pastoral Social de la Conferencia Episcopal Argentina. El mandatario integr\u00f3 el\u00a0panel \u201cBien Com\u00fan y compromiso social: una llamada de Magn\u00edfica Humanitas\u201d,\u00a0junto al presidente de la Conferencia Episcopal Argentina,\u00a0monse\u00f1or Marcelo Colombo y el gobernador de C\u00f3rdoba, Mart\u00edn Llaryora. En el marco de la enc\u00edclica Magn\u00edfica Humanitas del Papa Le\u00f3n XIV, Su\u00e1rez puso \u00e9nfasis en la educaci\u00f3n como puente para achicar brechas sociales y construir&hellip;<\/p>\n","protected":false},"author":1,"featured_media":25911,"comment_status":"closed","ping_status":"closed","sticky":false,"template":"","format":"standard","meta":{"footnotes":""},"categories":[9],"tags":[],"class_list":["post-25910","post","type-post","status-publish","format-standard","has-post-thumbnail","hentry","category-noticias"],"rttpg_featured_image_url":{"full":["https:\/\/livingmultimediosde.net.ar\/INDEX\/wp-content\/uploads\/2026\/09\/suarez.cordoba.jpg",1024,683,false],"landscape":["https:\/\/livingmultimediosde.net.ar\/INDEX\/wp-content\/uploads\/2026\/09\/suarez.cordoba.jpg",1024,683,false],"portraits":["https:\/\/livingmultimediosde.net.ar\/INDEX\/wp-content\/uploads\/2026\/09\/suarez.cordoba.jpg",1024,683,false],"thumbnail":["https:\/\/livingmultimediosde.net.ar\/INDEX\/wp-content\/uploads\/2026\/09\/suarez.cordoba-150x150.jpg",150,150,true],"medium":["https:\/\/livingmultimediosde.net.ar\/INDEX\/wp-content\/uploads\/2026\/09\/suarez.cordoba-300x200.jpg",300,200,true],"large":["https:\/\/livingmultimediosde.net.ar\/INDEX\/wp-content\/uploads\/2026\/09\/suarez.cordoba.jpg",640,427,false],"1536x1536":["https:\/\/livingmultimediosde.net.ar\/INDEX\/wp-content\/uploads\/2026\/09\/suarez.cordoba.jpg",1024,683,false],"2048x2048":["https:\/\/livingmultimediosde.net.ar\/INDEX\/wp-content\/uploads\/2026\/09\/suarez.cordoba.jpg",1024,683,false],"post-thumbnail":["https:\/\/livingmultimediosde.net.ar\/INDEX\/wp-content\/uploads\/2026\/09\/suarez.cordoba-240x172.jpg",240,172,true]},"rttpg_author":{"display_name":"rober","author_link":"https:\/\/livingmultimediosde.net.ar\/INDEX\/author\/rober\/"},"rttpg_comment":0,"rttpg_category":"<a href=\"https:\/\/livingmultimediosde.net.ar\/INDEX\/category\/noticias\/\" rel=\"category tag\">NOTICIAS<\/a>","rttpg_excerpt":"El\u00a0gobernador de Santiago del Estero, El\u00edas Su\u00e1rez, particip\u00f3 este s\u00e1bado de la\u00a0Semana Social 2026,\u00a0que se desarrolla en la ciudad de C\u00f3rdoba, invitado especialmente por la\u00a0Comisi\u00f3n Episcopal de Pastoral Social de la Conferencia Episcopal Argentina. El mandatario integr\u00f3 el\u00a0panel \u201cBien Com\u00fan y compromiso social: una llamada de Magn\u00edfica Humanitas\u201d,\u00a0junto al presidente de la Conferencia Episcopal Argentina,\u00a0monse\u00f1or&hellip;","_links":{"self":[{"href":"https:\/\/livingmultimediosde.net.ar\/INDEX\/wp-json\/wp\/v2\/posts\/25910","targetHints":{"allow":["GET"]}}],"collection":[{"href":"https:\/\/livingmultimediosde.net.ar\/INDEX\/wp-json\/wp\/v2\/posts"}],"about":[{"href":"https:\/\/livingmultimediosde.net.ar\/INDEX\/wp-json\/wp\/v2\/types\/post"}],"author":[{"embeddable":true,"href":"https:\/\/livingmultimediosde.net.ar\/INDEX\/wp-json\/wp\/v2\/users\/1"}],"replies":[{"embeddable":true,"href":"https:\/\/livingmultimediosde.net.ar\/INDEX\/wp-json\/wp\/v2\/comments?post=25910"}],"version-history":[{"count":1,"href":"https:\/\/livingmultimediosde.net.ar\/INDEX\/wp-json\/wp\/v2\/posts\/25910\/revisions"}],"predecessor-version":[{"id":25912,"href":"https:\/\/livingmultimediosde.net.ar\/INDEX\/wp-json\/wp\/v2\/posts\/25910\/revisions\/25912"}],"wp:featuredmedia":[{"embeddable":true,"href":"https:\/\/livingmultimediosde.net.ar\/INDEX\/wp-json\/wp\/v2\/media\/25911"}],"wp:attachment":[{"href":"https:\/\/livingmultimediosde.net.ar\/INDEX\/wp-json\/wp\/v2\/media?parent=25910"}],"wp:term":[{"taxonomy":"category","embeddable":true,"href":"https:\/\/livingmultimediosde.net.ar\/INDEX\/wp-json\/wp\/v2\/categories?post=25910"},{"taxonomy":"post_tag","embeddable":true,"href":"https:\/\/livingmultimediosde.net.ar\/INDEX\/wp-json\/wp\/v2\/tags?post=25910"}],"curies":[{"name":"wp","href":"https:\/\/api.w.org\/{rel}","templated":true}]}}