{"id":25907,"date":"2026-09-04T19:07:40","date_gmt":"2026-09-04T19:07:40","guid":{"rendered":"https:\/\/livingmultimediosde.net.ar\/INDEX\/?p=25907"},"modified":"2026-09-04T19:07:40","modified_gmt":"2026-09-04T19:07:40","slug":"segundo-torneo-de-futbol-intercentros","status":"publish","type":"post","link":"https:\/\/livingmultimediosde.net.ar\/INDEX\/2026\/09\/segundo-torneo-de-futbol-intercentros\/","title":{"rendered":"Segundo Torneo de Futbol Intercentros"},"content":{"rendered":"<p>&nbsp;<\/p>\n<p>En la ma\u00f1ana de este mi\u00e9rcoles 2 de septiembre, la concejal Marta Arenas, en representaci\u00f3n del cuerpo deliberativo, realiz\u00f3 la entrega de la Ordenanza N.\u00ba 6709\/26, mediante la cual el Honorable Concejo Deliberante declar\u00f3 de Inter\u00e9s Municipal, Social y Deportivo la realizaci\u00f3n del \u201cSegundo Torneo de F\u00fatbol Intercentros\u201d.<br \/>\nLa iniciativa, organizada por el Centro Educativo Terap\u00e9utico de Santiago del Estero, se desarrollar\u00e1 durante el mes de septiembre y contar\u00e1 con la participaci\u00f3n de instituciones educativas que trabajan con ni\u00f1as, ni\u00f1os y j\u00f3venes con discapacidad.<br \/>\nDesde el Honorable Concejo Deliberante se contin\u00faa acompa\u00f1ando y reconociendo aquellas iniciativas que promueven la inclusi\u00f3n, la integraci\u00f3n, el deporte y el desarrollo personal de nuestra comunidad.<\/p>\n","protected":false},"excerpt":{"rendered":"<p>&nbsp; En la ma\u00f1ana de este mi\u00e9rcoles 2 de septiembre, la concejal Marta Arenas, en representaci\u00f3n del cuerpo deliberativo, realiz\u00f3 la entrega de la Ordenanza N.\u00ba 6709\/26, mediante la cual el Honorable Concejo Deliberante declar\u00f3 de Inter\u00e9s Municipal, Social y Deportivo la realizaci\u00f3n del \u201cSegundo Torneo de F\u00fatbol Intercentros\u201d. La iniciativa, organizada por el Centro Educativo Terap\u00e9utico de Santiago del Estero, se desarrollar\u00e1 durante el mes de septiembre y contar\u00e1 con la participaci\u00f3n de instituciones educativas que trabajan con ni\u00f1as, ni\u00f1os y j\u00f3venes con discapacidad. Desde el Honorable Concejo Deliberante&hellip;<\/p>\n","protected":false},"author":1,"featured_media":25908,"comment_status":"closed","ping_status":"closed","sticky":false,"template":"","format":"standard","meta":{"footnotes":""},"categories":[3],"tags":[],"class_list":["post-25907","post","type-post","status-publish","format-standard","has-post-thumbnail","hentry","category-hcd-capital"],"rttpg_featured_image_url":{"full":["https:\/\/livingmultimediosde.net.ar\/INDEX\/wp-content\/uploads\/2026\/09\/Captura-de-pantalla_4-9-2026_16217_www.instagram.com_.jpeg",583,328,false],"landscape":["https:\/\/livingmultimediosde.net.ar\/INDEX\/wp-content\/uploads\/2026\/09\/Captura-de-pantalla_4-9-2026_16217_www.instagram.com_.jpeg",583,328,false],"portraits":["https:\/\/livingmultimediosde.net.ar\/INDEX\/wp-content\/uploads\/2026\/09\/Captura-de-pantalla_4-9-2026_16217_www.instagram.com_.jpeg",583,328,false],"thumbnail":["https:\/\/livingmultimediosde.net.ar\/INDEX\/wp-content\/uploads\/2026\/09\/Captura-de-pantalla_4-9-2026_16217_www.instagram.com_-150x150.jpeg",150,150,true],"medium":["https:\/\/livingmultimediosde.net.ar\/INDEX\/wp-content\/uploads\/2026\/09\/Captura-de-pantalla_4-9-2026_16217_www.instagram.com_-300x169.jpeg",300,169,true],"large":["https:\/\/livingmultimediosde.net.ar\/INDEX\/wp-content\/uploads\/2026\/09\/Captura-de-pantalla_4-9-2026_16217_www.instagram.com_.jpeg",583,328,false],"1536x1536":["https:\/\/livingmultimediosde.net.ar\/INDEX\/wp-content\/uploads\/2026\/09\/Captura-de-pantalla_4-9-2026_16217_www.instagram.com_.jpeg",583,328,false],"2048x2048":["https:\/\/livingmultimediosde.net.ar\/INDEX\/wp-content\/uploads\/2026\/09\/Captura-de-pantalla_4-9-2026_16217_www.instagram.com_.jpeg",583,328,false],"post-thumbnail":["https:\/\/livingmultimediosde.net.ar\/INDEX\/wp-content\/uploads\/2026\/09\/Captura-de-pantalla_4-9-2026_16217_www.instagram.com_-240x172.jpeg",240,172,true]},"rttpg_author":{"display_name":"rober","author_link":"https:\/\/livingmultimediosde.net.ar\/INDEX\/author\/rober\/"},"rttpg_comment":0,"rttpg_category":"<a href=\"https:\/\/livingmultimediosde.net.ar\/INDEX\/category\/hcd-capital\/\" rel=\"category tag\">HCD CAPITAL<\/a>","rttpg_excerpt":"&nbsp; En la ma\u00f1ana de este mi\u00e9rcoles 2 de septiembre, la concejal Marta Arenas, en representaci\u00f3n del cuerpo deliberativo, realiz\u00f3 la entrega de la Ordenanza N.\u00ba 6709\/26, mediante la cual el Honorable Concejo Deliberante declar\u00f3 de Inter\u00e9s Municipal, Social y Deportivo la realizaci\u00f3n del \u201cSegundo Torneo de F\u00fatbol Intercentros\u201d. La iniciativa, organizada por el Centro&hellip;","_links":{"self":[{"href":"https:\/\/livingmultimediosde.net.ar\/INDEX\/wp-json\/wp\/v2\/posts\/25907","targetHints":{"allow":["GET"]}}],"collection":[{"href":"https:\/\/livingmultimediosde.net.ar\/INDEX\/wp-json\/wp\/v2\/posts"}],"about":[{"href":"https:\/\/livingmultimediosde.net.ar\/INDEX\/wp-json\/wp\/v2\/types\/post"}],"author":[{"embeddable":true,"href":"https:\/\/livingmultimediosde.net.ar\/INDEX\/wp-json\/wp\/v2\/users\/1"}],"replies":[{"embeddable":true,"href":"https:\/\/livingmultimediosde.net.ar\/INDEX\/wp-json\/wp\/v2\/comments?post=25907"}],"version-history":[{"count":1,"href":"https:\/\/livingmultimediosde.net.ar\/INDEX\/wp-json\/wp\/v2\/posts\/25907\/revisions"}],"predecessor-version":[{"id":25909,"href":"https:\/\/livingmultimediosde.net.ar\/INDEX\/wp-json\/wp\/v2\/posts\/25907\/revisions\/25909"}],"wp:featuredmedia":[{"embeddable":true,"href":"https:\/\/livingmultimediosde.net.ar\/INDEX\/wp-json\/wp\/v2\/media\/25908"}],"wp:attachment":[{"href":"https:\/\/livingmultimediosde.net.ar\/INDEX\/wp-json\/wp\/v2\/media?parent=25907"}],"wp:term":[{"taxonomy":"category","embeddable":true,"href":"https:\/\/livingmultimediosde.net.ar\/INDEX\/wp-json\/wp\/v2\/categories?post=25907"},{"taxonomy":"post_tag","embeddable":true,"href":"https:\/\/livingmultimediosde.net.ar\/INDEX\/wp-json\/wp\/v2\/tags?post=25907"}],"curies":[{"name":"wp","href":"https:\/\/api.w.org\/{rel}","templated":true}]}}