{"id":25905,"date":"2026-09-04T19:06:37","date_gmt":"2026-09-04T19:06:37","guid":{"rendered":"https:\/\/livingmultimediosde.net.ar\/INDEX\/?p=25905"},"modified":"2026-09-04T19:06:37","modified_gmt":"2026-09-04T19:06:37","slug":"importantes-iniciativas-sanciono-el-deliberativo-municipal-de-la-capital","status":"publish","type":"post","link":"https:\/\/livingmultimediosde.net.ar\/INDEX\/2026\/09\/importantes-iniciativas-sanciono-el-deliberativo-municipal-de-la-capital\/","title":{"rendered":"Importantes iniciativas sancion\u00f3 el deliberativo municipal de la Capital"},"content":{"rendered":"<p>01.09.26 En un clima de tranquilidad, sin mayores contrastes, se llev\u00f3 a cabo la sesi\u00f3n ordinaria 24 del actual per\u00edodo ordinario de sesiones del deliberativo municipal, presidido por su titular, Humberto Santill\u00e1n, contando con la presencia de 7 ediles. Se prorrog\u00f3 al DEM la presentaci\u00f3n del Presupuesto General de Gastos y C\u00e1lculos de Recursos-Ejercicio 2027, hasta tanto el PEN defina, ante el Congreso de la Naci\u00f3n, las directrices de gesti\u00f3n presupuestaria y\/o econ\u00f3mica con respecto a las provincias. Felicit\u00f3 al Sr. Jorge Alberto Tevez, organizador del certamen \u201cDuatl\u00f3n-Temporada 2026\u201d; Declar\u00f3 de Inter\u00e9s Municipal, Cultural y Social la obra Siete Vientos del grupo Circular Danza Contempor\u00e1nea a cargo de la directora general, Mariana Gorrieri; Declar\u00f3 de Inter\u00e9s Municipal, Cultural y Educativo la realizaci\u00f3n del 40\u00ba Congreso Internacional \u201cEl Sujeto de la Hiperdigitalizaci\u00f3n\u201d y entre otros despachos, felicit\u00f3 a la Sra. Elisa Ramos, por su destacada trayectoria profesional de la Conductora y Comunicadora del programa televisivo \u201cEl Mirador\u201d.<\/p>\n<p>En la oportunidad del plenario, se trataron y sancionaron diversas iniciativas sobre tablas.<\/p>\n<p>Se dio ingreso a una nota, del DEM, que motiv\u00f3 la Resoluci\u00f3n 51\/26, sancionada por unanimidad, por la que \u201cse pr\u00f3rroga la presentaci\u00f3n del Presupuesto General de Gastos y C\u00e1lculos de Recursos-Ejercicio 2027, conforme lo dispone el Art. 65 inc. 5\u00ba) de la Carta Org\u00e1nica Municipal\u201d. Motiva la misma, el hecho que, a nivel nacional, el PEN no elev\u00f3 al Congreso de la Naci\u00f3n el Presupuesto Nacional de C\u00e1lculo de Recursos para el a\u00f1o 2027, en el que se establecen las particularidades que tendr\u00e1 el Ejercicio 2027, que bajan a provincias y municipios.<\/p>\n<p>En la oportunidad, a instancias de Presidencia, se sancion\u00f3 la Resoluci\u00f3n 50\/26 por la que el H. Concejo Deliberante de la Capital \u201cfelicita al Sr. Jorge Alberto Tevez, organizador del certamen \u201cDuatl\u00f3n-Temporada 2026\u201d y a los deportistas y colaboradores que lo hacen posible, con motivo del acto de premiaci\u00f3n correspondiente al cierre de la temporada, a realizarse el d\u00eda viernes 4 de septiembre de 2026 en el Sal\u00f3n de Uso M\u00faltiple del Honorable Concejo Deliberante de la Ciudad de Santiago de Estero\u201d. Se entregar\u00e1 copia aut\u00e9ntica de la Resoluci\u00f3n al Sr. Jorge Alberto Tevez, en su car\u00e1cter de organizador del evento enunciado en el art\u00edculo que antecede.<\/p>\n<p>Cabe se\u00f1alar que la continuidad del certamen es fruto del trabajo autogestivo de su organizador, de los deportistas y de los colaboradores, quienes sostienen la log\u00edstica, la seguridad y el financiamiento de cada fecha sin estructuras permanentes de apoyo, consolidando una competencia de creciente convocatoria en el calendario deportivo local.<\/p>\n<p>La afluencia de participantes y acompa\u00f1antes de otras localidades y provincias dinamiza los servicios de hoteler\u00eda, gastronom\u00eda y comercio de la ciudad, y proyecta a Santiago del Estero como sede de eventos deportivos de alcance regional.<\/p>\n<p>Tambi\u00e9n sobre tablas se sancion\u00f3 la Ordenanza 6708\/26 propiciada por la bancada del Frente C\u00edvico por la que el H. Concejo Deliberante de la Capital \u201cdeclara de Inter\u00e9s Municipal, Cultural y Social la obra Siete Vientos del grupo Circular Danza Contempor\u00e1nea a cargo de la directora general, Mariana Gorrieri, y de conformidad a las disposiciones de la Ordenanza N\u00ba 4.803\/2013\u201d. Se har\u00e1 entrega de copia fil de la Ordenanza a la directora General, Mariana Gorrieri.<\/p>\n<p>La obra Siete Vientos presentada en el Teatro 25 de mayo, es el cuarto trabajo esc\u00e9nico del grupo Circular Danza Contempor\u00e1nea, que forma parte de un camino que vienen transitando en la construcci\u00f3n de un espacio de creaci\u00f3n y producci\u00f3n de materiales art\u00edsticos en relaci\u00f3n al cuerpo.<\/p>\n<p>El lenguaje de la danza contempor\u00e1nea es una amalgama, una estructura donde circulan otros recursos expresivos, propios de cada int\u00e9rprete. La obra surge en el encuentro entre ideas que componen im\u00e1genes y lectura de gestos corporales que aparecen en la convivencia esc\u00e9nica de los cuerpos. Explora la ausencia, el paso del tiempo y los recursos \u00edntimos, transformando la memoria individual de los int\u00e9rpretes en una memoria colectiva.<\/p>\n<p>Orden del D\u00eda<\/p>\n<p>Con despacho de comisi\u00f3n se sancion\u00f3:<\/p>\n<p>En efecto, se sancion\u00f3 por unanimidad la Ordenanza 6710\/26 presentada por el bloque del Frente C\u00edvico por la que el H. Concejo Deliberante de la Capital \u201cdeclara de Inter\u00e9s Municipal, Cultural y Educativo la realizaci\u00f3n del 40\u00ba Congreso Internacional \u201cEl Sujeto de la Hiperdigitalizaci\u00f3n\u201d, que se llevar\u00e1 a cabo el d\u00eda 17 de octubre de 2026 en el FORUM Santiago del Estero y de conformidad a las disposiciones de la Ordenanza N\u00ba 4.803\/2013\u201d. Se har\u00e1 entrega de copia fiel de la Ordenanza y plaqueta recordatoria a los organizadores del evento mencionado en el art\u00edculo precedente.<\/p>\n<p>El mismo, es organizado por la Fundaci\u00f3n Psicoanal\u00edtica Sigmund Freud-Instituto Cl\u00ednico Jacques Lacan, en el marco de la conmemoraci\u00f3n de su 50\u00ba aniversario (1976-2026).<\/p>\n<p>El Congreso propone abordar las transformaciones de la subjetividad en la era de la hiperdigitalizaci\u00f3n, el impacto de la inteligencia artificial y las nuevas configuraciones del lazo social, mediante conferencias y mesas de trabajo con especialistas nacionales e<\/p>\n<p>La realizaci\u00f3n del Congreso en nuestra ciudad reafirma la trayectoria institucional de la Fundaci\u00f3n Psicoanal\u00edtica Sigmund Freud- Instituto Cl\u00ednico Jacques Lacan, que desde 1976 desarrolla actividades de formaci\u00f3n, investigaci\u00f3n, ense\u00f1anza y extensi\u00f3n en Santiago del Estero y Tucum\u00e1n.<\/p>\n<p>Mismo tr\u00e1mite tuvo la Ordenanza 6711\/26 propiciada por la bancada del Frente C\u00edvico por la que el H. Concejo Deliberante de la Capital \u201cdeclara de Inter\u00e9s Municipal, Cultural y Educativo al proyecto y juego de mesa \u201cSantiagopolis\u201d, creado por Delfina Posse, por su aporte a la difusi\u00f3n y puesta en valor de la historia, cultura, identidad y patrimonio de Santiago del Estero, y de conformidad a las disposiciones de la Ordenanza N\u00ba 4803\/2013\u201d. Se har\u00e1 entrega de copia fiel de la Ordenanza y plaqueta recordatoria a su creadora, Delfina Posse.<\/p>\n<p>Santiagopolis es un proyecto independiente nacido en Santiago del Estero en el a\u00f1o 2021, que combina entrenamiento, historia y cultura, poniendo en valor la identidad, el patrimonio, la geograf\u00eda, los personajes y las tradiciones de nuestra provincia.<\/p>\n<p>Representa una iniciativa de la econom\u00eda creativa local, articulando producci\u00f3n artesanal, dise\u00f1o e innovaci\u00f3n con potencial para proyectar la cultura santiague\u00f1a hacia otros espacios, posee adem\u00e1s un importante valor educativo y pedag\u00f3gico, acercando de manera l\u00fadica a ni\u00f1os, j\u00f3venes y adultos al conocimiento de nuestro patrimonio; su creadora Delfina Posse, cuenta con formaci\u00f3n y trayectoria vinculada al turismo, los estudios culturales, la investigaci\u00f3n y la difusi\u00f3n del patrimonio hist\u00f3rico y cultural.<\/p>\n<p>Durante el 2026 \u201cSantiagopolis\u201d fue seleccionado para representar a nuestra provincia en Feria Puro Dise\u00f1o, particip\u00f3 de la 15\u00aa Feria Provincial del Libro y recibi\u00f3 una Menci\u00f3n de Honor a la Innovaci\u00f3n y el Dise\u00f1o en el marco de Emprender 2026.<\/p>\n<p>Se sancion\u00f3 por unanimidad, la Ordenanza 6712\/26 promovida por la bancada oficialista por la que el H. Concejo Deliberante de la Capital \u201cdeclara de Inter\u00e9s Municipal, Cultural y Social la trayectoria y labor desarrollada por la Asociaci\u00f3n de Travestis, Transexuales y Transg\u00e9neros de Argentina (ATTTA)-Filial Santiago del Estero, en reconocimiento a su aporte a la promoci\u00f3n y defensa de los derechos humanos y la inclusi\u00f3n social y de conformidad a las disposiciones de la Ordenanza N\u00b04.803\/2013\u201d. Asimismo, se destaca \u201cel car\u00e1cter de primera filial provincial de ATTTA en el pa\u00eds, por su contribuci\u00f3n a la federalizaci\u00f3n de la organizaci\u00f3n y su consolidaci\u00f3n como espacio de referencia para la comunidad trans del NOA\u201d. Se har\u00e1 entrega de copia fiel de la presente Ordenanza y plaqueta recordatoria a la autoridad de ATTTA Santiago del Estero.<\/p>\n<p>A instancias de una iniciativa, el Frente C\u00edvico logr\u00f3 la sanci\u00f3n por unanimidad de la Ordenanza 6713\/26 por la que el H. Concejo Deliberante de la Capital \u201cdeclara de Inter\u00e9s Municipal, Cultural y Social, la trayectoria del Colectivo \u201cDIVAS-Diversidad Valiente Santiague\u00f1a\u201d, en reconocimiento a su sostenida labor en la promoci\u00f3n, defensa y visibilizaci\u00f3n de los derechos de las personas travestis, trans y no binarias y de conformidad a las disposiciones de la Ordenanza N\u00b04.803\/2013\u201d. Se har\u00e1 entrega de copia fiel de la presente Ordenanza y plaqueta recordatoria a representantes de Colectivo DIVAS-Diversidad Valiente Santiague\u00f1a. \u2013<\/p>\n<p>El Colectivo Divas-Diversidad Valiente Santiague\u00f1a desarrolla desde hace a\u00f1os una importante labor social y comunitaria orientada a la promoci\u00f3n, defensa y visibilizaci\u00f3n de los derechos de la poblaci\u00f3n LGBTIQ.<\/p>\n<p>DIVAS ha desarrollado acciones de acompa\u00f1amiento, contenci\u00f3n, orientaci\u00f3n y visibilizaci\u00f3n de las realidades y necesidades de las personas travestis, trans y no binarias, contribuyendo a fortalecer sus derechos y su participaci\u00f3n plena en la sociedad.<\/p>\n<p>Su labor sostenida a lo largo de los a\u00f1os representa un significativo aporte a la visibilizaci\u00f3n de las diversidades en nuestra provincia y al reconocimiento de la igualdad y la no discriminaci\u00f3n.<\/p>\n<p>Por otra parte, se sancion\u00f3 la Ordenanza 6714\/26 propiciada por la bancada oficialista por la que el H. Concejo Deliberante de la Capital \u201cfelicita a la Sra. Elisa Ramos, por su destacada trayectoria profesional de la Conductora y Comunicadora del programa televisivo \u201cEl Mirador\u201d, por sus 25 a\u00f1os continuos e ininterrumpidos en el \u00e1mbito de prensa y difusi\u00f3n televisiva en el canal 4 Express\u201d. Se har\u00e1 entrega de copia fiel de la presente Ordenanza y plaqueta recordatoria a la Sra. Elisa Ramos.<\/p>\n<p>El mencionado programa \u201cEl Mirador\u201d, constituye una actividad central en su trayectoria profesional, desempe\u00f1ada con compromiso, responsabilidad y dedicaci\u00f3n, contribuyendo de manera significativa el derecho a la comunidad de estar informada y fortalecer la libertad de expresi\u00f3n.<\/p>\n<p>El HCD reconoce a profesionales destacados constituye tambi\u00e9n una manera de poner en valor a la cultura, la comunicaci\u00f3n y la identidad de nuestra ciudad.<\/p>\n<p>Por \u00faltimo, se sancion\u00f3 la Resoluci\u00f3n, propiciada por el bloque del Frente C\u00edvico, por la que el H. Concejo Deliberante de la Capital, solicita al Departamento Ejecutivo Municipal que, a trav\u00e9s del \u00e1rea correspondiente, proceda al estudio de factibilidad t\u00e9cnica y presupuestaria para realizar la reparaci\u00f3n de luminarias de alumbrado p\u00fablico en calles Ing. Santiago Maradona y Luis Pinto entre calles Romualdo Gauna y Maximio Ruiz del barrio Autonom\u00eda.<\/p>\n<p>Ingresado en el Orden del D\u00eda, como \u00faltimo punto a tratar, a instancias de la bancada del Frente C\u00edvico, se sancion\u00f3 la Ordenanza por la que el H. Concejo Deliberante de la Capital \u201cdeclara de Inter\u00e9s Municipal, Social y Deportivo la organizaci\u00f3n y realizaci\u00f3n del \u201cSegundo Torneo de F\u00fatbol Intercentros\u201d, organizado por el Centro Educativo Terap\u00e9utico de Santiago del Estero (CETISAN), a llevarse a cabo entre los d\u00edas 2 al 29 de septiembre del a\u00f1o en curso, en el Club de F\u00fatbol del Barrio Almirante Brown, y de conformidad a las disposiciones de la Ordenanza N\u00ba 4.803\/2013\u201d. Se har\u00e1 entrega de copia fiel de la presente Ordenanza a las autoridades de la instituci\u00f3n organizadora del evento mencionado.<\/p>\n<p>Se indica que, el objetivo primordial de la competencia es reconocer el esfuerzo, la dedicaci\u00f3n y el esp\u00edritu deportivo de todos los participantes, entregando reconocimiento a cada uno de ellos.<\/p>\n<p>Se afirma que el deporte es una herramienta totalmente poderosa para la inclusi\u00f3n y el desarrollo personal de los participantes.<\/p>\n","protected":false},"excerpt":{"rendered":"<p>01.09.26 En un clima de tranquilidad, sin mayores contrastes, se llev\u00f3 a cabo la sesi\u00f3n ordinaria 24 del actual per\u00edodo ordinario de sesiones del deliberativo municipal, presidido por su titular, Humberto Santill\u00e1n, contando con la presencia de 7 ediles. Se prorrog\u00f3 al DEM la presentaci\u00f3n del Presupuesto General de Gastos y C\u00e1lculos de Recursos-Ejercicio 2027, hasta tanto el PEN defina, ante el Congreso de la Naci\u00f3n, las directrices de gesti\u00f3n presupuestaria y\/o econ\u00f3mica con respecto a las provincias. Felicit\u00f3 al Sr. Jorge Alberto Tevez, organizador del certamen \u201cDuatl\u00f3n-Temporada 2026\u201d; Declar\u00f3&hellip;<\/p>\n","protected":false},"author":1,"featured_media":22077,"comment_status":"closed","ping_status":"closed","sticky":false,"template":"","format":"standard","meta":{"footnotes":""},"categories":[3],"tags":[],"class_list":["post-25905","post","type-post","status-publish","format-standard","has-post-thumbnail","hentry","category-hcd-capital"],"rttpg_featured_image_url":{"full":["https:\/\/livingmultimediosde.net.ar\/INDEX\/wp-content\/uploads\/2026\/01\/sesion-ordinaria-hcd1-1536x864-1.jpeg",1536,864,false],"landscape":["https:\/\/livingmultimediosde.net.ar\/INDEX\/wp-content\/uploads\/2026\/01\/sesion-ordinaria-hcd1-1536x864-1.jpeg",1536,864,false],"portraits":["https:\/\/livingmultimediosde.net.ar\/INDEX\/wp-content\/uploads\/2026\/01\/sesion-ordinaria-hcd1-1536x864-1.jpeg",1536,864,false],"thumbnail":["https:\/\/livingmultimediosde.net.ar\/INDEX\/wp-content\/uploads\/2026\/01\/sesion-ordinaria-hcd1-1536x864-1-150x150.jpeg",150,150,true],"medium":["https:\/\/livingmultimediosde.net.ar\/INDEX\/wp-content\/uploads\/2026\/01\/sesion-ordinaria-hcd1-1536x864-1-300x169.jpeg",300,169,true],"large":["https:\/\/livingmultimediosde.net.ar\/INDEX\/wp-content\/uploads\/2026\/01\/sesion-ordinaria-hcd1-1536x864-1-1024x576.jpeg",640,360,true],"1536x1536":["https:\/\/livingmultimediosde.net.ar\/INDEX\/wp-content\/uploads\/2026\/01\/sesion-ordinaria-hcd1-1536x864-1.jpeg",1536,864,false],"2048x2048":["https:\/\/livingmultimediosde.net.ar\/INDEX\/wp-content\/uploads\/2026\/01\/sesion-ordinaria-hcd1-1536x864-1.jpeg",1536,864,false],"post-thumbnail":["https:\/\/livingmultimediosde.net.ar\/INDEX\/wp-content\/uploads\/2026\/01\/sesion-ordinaria-hcd1-1536x864-1-240x172.jpeg",240,172,true]},"rttpg_author":{"display_name":"rober","author_link":"https:\/\/livingmultimediosde.net.ar\/INDEX\/author\/rober\/"},"rttpg_comment":0,"rttpg_category":"<a href=\"https:\/\/livingmultimediosde.net.ar\/INDEX\/category\/hcd-capital\/\" rel=\"category tag\">HCD CAPITAL<\/a>","rttpg_excerpt":"01.09.26 En un clima de tranquilidad, sin mayores contrastes, se llev\u00f3 a cabo la sesi\u00f3n ordinaria 24 del actual per\u00edodo ordinario de sesiones del deliberativo municipal, presidido por su titular, Humberto Santill\u00e1n, contando con la presencia de 7 ediles. Se prorrog\u00f3 al DEM la presentaci\u00f3n del Presupuesto General de Gastos y C\u00e1lculos de Recursos-Ejercicio 2027,&hellip;","_links":{"self":[{"href":"https:\/\/livingmultimediosde.net.ar\/INDEX\/wp-json\/wp\/v2\/posts\/25905","targetHints":{"allow":["GET"]}}],"collection":[{"href":"https:\/\/livingmultimediosde.net.ar\/INDEX\/wp-json\/wp\/v2\/posts"}],"about":[{"href":"https:\/\/livingmultimediosde.net.ar\/INDEX\/wp-json\/wp\/v2\/types\/post"}],"author":[{"embeddable":true,"href":"https:\/\/livingmultimediosde.net.ar\/INDEX\/wp-json\/wp\/v2\/users\/1"}],"replies":[{"embeddable":true,"href":"https:\/\/livingmultimediosde.net.ar\/INDEX\/wp-json\/wp\/v2\/comments?post=25905"}],"version-history":[{"count":1,"href":"https:\/\/livingmultimediosde.net.ar\/INDEX\/wp-json\/wp\/v2\/posts\/25905\/revisions"}],"predecessor-version":[{"id":25906,"href":"https:\/\/livingmultimediosde.net.ar\/INDEX\/wp-json\/wp\/v2\/posts\/25905\/revisions\/25906"}],"wp:featuredmedia":[{"embeddable":true,"href":"https:\/\/livingmultimediosde.net.ar\/INDEX\/wp-json\/wp\/v2\/media\/22077"}],"wp:attachment":[{"href":"https:\/\/livingmultimediosde.net.ar\/INDEX\/wp-json\/wp\/v2\/media?parent=25905"}],"wp:term":[{"taxonomy":"category","embeddable":true,"href":"https:\/\/livingmultimediosde.net.ar\/INDEX\/wp-json\/wp\/v2\/categories?post=25905"},{"taxonomy":"post_tag","embeddable":true,"href":"https:\/\/livingmultimediosde.net.ar\/INDEX\/wp-json\/wp\/v2\/tags?post=25905"}],"curies":[{"name":"wp","href":"https:\/\/api.w.org\/{rel}","templated":true}]}}