{"id":25902,"date":"2026-09-04T18:42:38","date_gmt":"2026-09-04T18:42:38","guid":{"rendered":"https:\/\/livingmultimediosde.net.ar\/INDEX\/?p=25902"},"modified":"2026-09-04T18:42:38","modified_gmt":"2026-09-04T18:42:38","slug":"subsidios-de-luz-y-gas-daran-60-dias-para-actualizar-datos","status":"publish","type":"post","link":"https:\/\/livingmultimediosde.net.ar\/INDEX\/2026\/09\/subsidios-de-luz-y-gas-daran-60-dias-para-actualizar-datos\/","title":{"rendered":"Subsidios de luz y gas: dar\u00e1n 60 d\u00edas para actualizar datos"},"content":{"rendered":"<p>El Gobierno nacional revisar\u00e1 las solicitudes de subsidios energ\u00e9ticos que, despu\u00e9s de un a\u00f1o, todav\u00eda no pudieron ser vinculadas con un suministro de electricidad o gas por redes.<\/p>\n<p>La medida fue establecida mediante la Disposici\u00f3n 11\/2026 de la Subsecretar\u00eda de Transici\u00f3n y Planeamiento Energ\u00e9tico, publicada este viernes en el Bolet\u00edn Oficial y a la que accedi\u00f3 la Agencia Noticias Argentinas.<\/p>\n<p>Los usuarios alcanzados ser\u00e1n notificados y tendr\u00e1n un plazo de 60 d\u00edas corridos para corregir, completar o actualizar la informaci\u00f3n declarada.<\/p>\n<p>Si el tr\u00e1mite no es regularizado dentro de ese per\u00edodo, la solicitud ser\u00e1 dada de baja del r\u00e9gimen de Subsidios Energ\u00e9ticos Focalizados.<\/p>\n<p>La revisi\u00f3n busca detectar inscripciones que contienen errores en los datos personales, domicilios, n\u00fameros de suministro u otra informaci\u00f3n necesaria para identificar el servicio.<\/p>\n<p>La medida comprende \u00fanicamente los servicios de electricidad y gas natural o propano distribuido mediante redes.<\/p>\n<p>Los usuarios de gas licuado de petr\u00f3leo envasado, como las garrafas, quedaron excluidos de este procedimiento.<\/p>\n<p>AgenciaNA<\/p>\n","protected":false},"excerpt":{"rendered":"<p>El Gobierno nacional revisar\u00e1 las solicitudes de subsidios energ\u00e9ticos que, despu\u00e9s de un a\u00f1o, todav\u00eda no pudieron ser vinculadas con un suministro de electricidad o gas por redes. La medida fue establecida mediante la Disposici\u00f3n 11\/2026 de la Subsecretar\u00eda de Transici\u00f3n y Planeamiento Energ\u00e9tico, publicada este viernes en el Bolet\u00edn Oficial y a la que accedi\u00f3 la Agencia Noticias Argentinas. Los usuarios alcanzados ser\u00e1n notificados y tendr\u00e1n un plazo de 60 d\u00edas corridos para corregir, completar o actualizar la informaci\u00f3n declarada. Si el tr\u00e1mite no es regularizado dentro de ese&hellip;<\/p>\n","protected":false},"author":1,"featured_media":25903,"comment_status":"closed","ping_status":"closed","sticky":false,"template":"","format":"standard","meta":{"footnotes":""},"categories":[9],"tags":[],"class_list":["post-25902","post","type-post","status-publish","format-standard","has-post-thumbnail","hentry","category-noticias"],"rttpg_featured_image_url":{"full":["https:\/\/livingmultimediosde.net.ar\/INDEX\/wp-content\/uploads\/2026\/09\/Subsidios.webp",1080,720,false],"landscape":["https:\/\/livingmultimediosde.net.ar\/INDEX\/wp-content\/uploads\/2026\/09\/Subsidios.webp",1080,720,false],"portraits":["https:\/\/livingmultimediosde.net.ar\/INDEX\/wp-content\/uploads\/2026\/09\/Subsidios.webp",1080,720,false],"thumbnail":["https:\/\/livingmultimediosde.net.ar\/INDEX\/wp-content\/uploads\/2026\/09\/Subsidios-150x150.webp",150,150,true],"medium":["https:\/\/livingmultimediosde.net.ar\/INDEX\/wp-content\/uploads\/2026\/09\/Subsidios-300x200.webp",300,200,true],"large":["https:\/\/livingmultimediosde.net.ar\/INDEX\/wp-content\/uploads\/2026\/09\/Subsidios-1024x683.webp",640,427,true],"1536x1536":["https:\/\/livingmultimediosde.net.ar\/INDEX\/wp-content\/uploads\/2026\/09\/Subsidios.webp",1080,720,false],"2048x2048":["https:\/\/livingmultimediosde.net.ar\/INDEX\/wp-content\/uploads\/2026\/09\/Subsidios.webp",1080,720,false],"post-thumbnail":["https:\/\/livingmultimediosde.net.ar\/INDEX\/wp-content\/uploads\/2026\/09\/Subsidios-240x172.webp",240,172,true]},"rttpg_author":{"display_name":"rober","author_link":"https:\/\/livingmultimediosde.net.ar\/INDEX\/author\/rober\/"},"rttpg_comment":0,"rttpg_category":"<a href=\"https:\/\/livingmultimediosde.net.ar\/INDEX\/category\/noticias\/\" rel=\"category tag\">NOTICIAS<\/a>","rttpg_excerpt":"El Gobierno nacional revisar\u00e1 las solicitudes de subsidios energ\u00e9ticos que, despu\u00e9s de un a\u00f1o, todav\u00eda no pudieron ser vinculadas con un suministro de electricidad o gas por redes. La medida fue establecida mediante la Disposici\u00f3n 11\/2026 de la Subsecretar\u00eda de Transici\u00f3n y Planeamiento Energ\u00e9tico, publicada este viernes en el Bolet\u00edn Oficial y a la que&hellip;","_links":{"self":[{"href":"https:\/\/livingmultimediosde.net.ar\/INDEX\/wp-json\/wp\/v2\/posts\/25902","targetHints":{"allow":["GET"]}}],"collection":[{"href":"https:\/\/livingmultimediosde.net.ar\/INDEX\/wp-json\/wp\/v2\/posts"}],"about":[{"href":"https:\/\/livingmultimediosde.net.ar\/INDEX\/wp-json\/wp\/v2\/types\/post"}],"author":[{"embeddable":true,"href":"https:\/\/livingmultimediosde.net.ar\/INDEX\/wp-json\/wp\/v2\/users\/1"}],"replies":[{"embeddable":true,"href":"https:\/\/livingmultimediosde.net.ar\/INDEX\/wp-json\/wp\/v2\/comments?post=25902"}],"version-history":[{"count":1,"href":"https:\/\/livingmultimediosde.net.ar\/INDEX\/wp-json\/wp\/v2\/posts\/25902\/revisions"}],"predecessor-version":[{"id":25904,"href":"https:\/\/livingmultimediosde.net.ar\/INDEX\/wp-json\/wp\/v2\/posts\/25902\/revisions\/25904"}],"wp:featuredmedia":[{"embeddable":true,"href":"https:\/\/livingmultimediosde.net.ar\/INDEX\/wp-json\/wp\/v2\/media\/25903"}],"wp:attachment":[{"href":"https:\/\/livingmultimediosde.net.ar\/INDEX\/wp-json\/wp\/v2\/media?parent=25902"}],"wp:term":[{"taxonomy":"category","embeddable":true,"href":"https:\/\/livingmultimediosde.net.ar\/INDEX\/wp-json\/wp\/v2\/categories?post=25902"},{"taxonomy":"post_tag","embeddable":true,"href":"https:\/\/livingmultimediosde.net.ar\/INDEX\/wp-json\/wp\/v2\/tags?post=25902"}],"curies":[{"name":"wp","href":"https:\/\/api.w.org\/{rel}","templated":true}]}}