{"id":25896,"date":"2026-09-04T18:37:58","date_gmt":"2026-09-04T18:37:58","guid":{"rendered":"https:\/\/livingmultimediosde.net.ar\/INDEX\/?p=25896"},"modified":"2026-09-04T18:37:58","modified_gmt":"2026-09-04T18:37:58","slug":"humberto-santillan-participo-del-encuentro-de-coros-por-el-aniversario-del-barrio-h-hondo","status":"publish","type":"post","link":"https:\/\/livingmultimediosde.net.ar\/INDEX\/2026\/09\/humberto-santillan-participo-del-encuentro-de-coros-por-el-aniversario-del-barrio-h-hondo\/","title":{"rendered":"Humberto Santill\u00e1n particip\u00f3 del Encuentro de Coros por el aniversario del barrio H. Hondo."},"content":{"rendered":"<p>El presidente del Honorable Concejo Deliberante, Humberto Santill\u00e1n, particip\u00f3 del Encuentro de Coros realizado en la Parroquia Virgen del Valle, en el marco del II aniversario del barrio H. Hondo.<br \/>\nLa propuesta reuni\u00f3 a destacadas agrupaciones corales de la ciudad, en una jornada dedicada a celebrar la m\u00fasica, la cultura y el encuentro comunitario.<br \/>\nEl concierto tuvo como apertura la presentaci\u00f3n del Coro del Centro de Educaci\u00f3n para el Arte, que dio inicio a la velada. Posteriormente, participaron el Coro IOSEP y el Coro Resonancia, quienes ofrecieron sus interpretaciones ante el p\u00fablico presente.<br \/>\nDesde el Honorable Concejo Deliberante se destac\u00f3 la importancia de acompa\u00f1ar estas iniciativas que promueven el arte, la cultura y la participaci\u00f3n de la comunidad, fortaleciendo los espacios de encuentro y celebraci\u00f3n para los vecinos de la ciudad.<br \/>\nHonorable Concejo Deliberante de Santiago del Estero<br \/>\nCompromiso con la cultura y la comunidad.<\/p>\n","protected":false},"excerpt":{"rendered":"<p>El presidente del Honorable Concejo Deliberante, Humberto Santill\u00e1n, particip\u00f3 del Encuentro de Coros realizado en la Parroquia Virgen del Valle, en el marco del II aniversario del barrio H. Hondo. La propuesta reuni\u00f3 a destacadas agrupaciones corales de la ciudad, en una jornada dedicada a celebrar la m\u00fasica, la cultura y el encuentro comunitario. El concierto tuvo como apertura la presentaci\u00f3n del Coro del Centro de Educaci\u00f3n para el Arte, que dio inicio a la velada. Posteriormente, participaron el Coro IOSEP y el Coro Resonancia, quienes ofrecieron sus interpretaciones ante&hellip;<\/p>\n","protected":false},"author":1,"featured_media":25897,"comment_status":"closed","ping_status":"closed","sticky":false,"template":"","format":"standard","meta":{"footnotes":""},"categories":[3],"tags":[],"class_list":["post-25896","post","type-post","status-publish","format-standard","has-post-thumbnail","hentry","category-hcd-capital"],"rttpg_featured_image_url":{"full":["https:\/\/livingmultimediosde.net.ar\/INDEX\/wp-content\/uploads\/2026\/09\/Captura-de-pantalla_4-9-2026_153539_www.instagram.com_.jpeg",474,281,false],"landscape":["https:\/\/livingmultimediosde.net.ar\/INDEX\/wp-content\/uploads\/2026\/09\/Captura-de-pantalla_4-9-2026_153539_www.instagram.com_.jpeg",474,281,false],"portraits":["https:\/\/livingmultimediosde.net.ar\/INDEX\/wp-content\/uploads\/2026\/09\/Captura-de-pantalla_4-9-2026_153539_www.instagram.com_.jpeg",474,281,false],"thumbnail":["https:\/\/livingmultimediosde.net.ar\/INDEX\/wp-content\/uploads\/2026\/09\/Captura-de-pantalla_4-9-2026_153539_www.instagram.com_-150x150.jpeg",150,150,true],"medium":["https:\/\/livingmultimediosde.net.ar\/INDEX\/wp-content\/uploads\/2026\/09\/Captura-de-pantalla_4-9-2026_153539_www.instagram.com_-300x178.jpeg",300,178,true],"large":["https:\/\/livingmultimediosde.net.ar\/INDEX\/wp-content\/uploads\/2026\/09\/Captura-de-pantalla_4-9-2026_153539_www.instagram.com_.jpeg",474,281,false],"1536x1536":["https:\/\/livingmultimediosde.net.ar\/INDEX\/wp-content\/uploads\/2026\/09\/Captura-de-pantalla_4-9-2026_153539_www.instagram.com_.jpeg",474,281,false],"2048x2048":["https:\/\/livingmultimediosde.net.ar\/INDEX\/wp-content\/uploads\/2026\/09\/Captura-de-pantalla_4-9-2026_153539_www.instagram.com_.jpeg",474,281,false],"post-thumbnail":["https:\/\/livingmultimediosde.net.ar\/INDEX\/wp-content\/uploads\/2026\/09\/Captura-de-pantalla_4-9-2026_153539_www.instagram.com_-240x172.jpeg",240,172,true]},"rttpg_author":{"display_name":"rober","author_link":"https:\/\/livingmultimediosde.net.ar\/INDEX\/author\/rober\/"},"rttpg_comment":0,"rttpg_category":"<a href=\"https:\/\/livingmultimediosde.net.ar\/INDEX\/category\/hcd-capital\/\" rel=\"category tag\">HCD CAPITAL<\/a>","rttpg_excerpt":"El presidente del Honorable Concejo Deliberante, Humberto Santill\u00e1n, particip\u00f3 del Encuentro de Coros realizado en la Parroquia Virgen del Valle, en el marco del II aniversario del barrio H. Hondo. La propuesta reuni\u00f3 a destacadas agrupaciones corales de la ciudad, en una jornada dedicada a celebrar la m\u00fasica, la cultura y el encuentro comunitario. El&hellip;","_links":{"self":[{"href":"https:\/\/livingmultimediosde.net.ar\/INDEX\/wp-json\/wp\/v2\/posts\/25896","targetHints":{"allow":["GET"]}}],"collection":[{"href":"https:\/\/livingmultimediosde.net.ar\/INDEX\/wp-json\/wp\/v2\/posts"}],"about":[{"href":"https:\/\/livingmultimediosde.net.ar\/INDEX\/wp-json\/wp\/v2\/types\/post"}],"author":[{"embeddable":true,"href":"https:\/\/livingmultimediosde.net.ar\/INDEX\/wp-json\/wp\/v2\/users\/1"}],"replies":[{"embeddable":true,"href":"https:\/\/livingmultimediosde.net.ar\/INDEX\/wp-json\/wp\/v2\/comments?post=25896"}],"version-history":[{"count":1,"href":"https:\/\/livingmultimediosde.net.ar\/INDEX\/wp-json\/wp\/v2\/posts\/25896\/revisions"}],"predecessor-version":[{"id":25898,"href":"https:\/\/livingmultimediosde.net.ar\/INDEX\/wp-json\/wp\/v2\/posts\/25896\/revisions\/25898"}],"wp:featuredmedia":[{"embeddable":true,"href":"https:\/\/livingmultimediosde.net.ar\/INDEX\/wp-json\/wp\/v2\/media\/25897"}],"wp:attachment":[{"href":"https:\/\/livingmultimediosde.net.ar\/INDEX\/wp-json\/wp\/v2\/media?parent=25896"}],"wp:term":[{"taxonomy":"category","embeddable":true,"href":"https:\/\/livingmultimediosde.net.ar\/INDEX\/wp-json\/wp\/v2\/categories?post=25896"},{"taxonomy":"post_tag","embeddable":true,"href":"https:\/\/livingmultimediosde.net.ar\/INDEX\/wp-json\/wp\/v2\/tags?post=25896"}],"curies":[{"name":"wp","href":"https:\/\/api.w.org\/{rel}","templated":true}]}}