{"id":25893,"date":"2026-09-04T18:34:29","date_gmt":"2026-09-04T18:34:29","guid":{"rendered":"https:\/\/livingmultimediosde.net.ar\/INDEX\/?p=25893"},"modified":"2026-09-04T18:34:29","modified_gmt":"2026-09-04T18:34:29","slug":"exitoso-cierre-de-la-feria-de-ciencia-y-tecnologia","status":"publish","type":"post","link":"https:\/\/livingmultimediosde.net.ar\/INDEX\/2026\/09\/exitoso-cierre-de-la-feria-de-ciencia-y-tecnologia\/","title":{"rendered":"Exitoso cierre de la Feria de Ciencia y Tecnolog\u00eda"},"content":{"rendered":"<p>Con un gran marco de p\u00fablico y un balance positivo cerr\u00f3 la XXIII Feria Provincial de Ciencia y Tecnolog\u00eda, que se desarroll\u00f3 durante los d\u00edas mi\u00e9rcoles 2 y jueves 3 de septiembre en el Nodo Tecnol\u00f3gico.<\/p>\n<p>El acto de cierre cont\u00f3 con la presencia del secretario de Ciencia y Tecnolog\u00eda, Adri\u00e1n Su\u00e1rez; el subsecretario de Educaci\u00f3n, Alejandro P\u00edccoli; el director de Gesti\u00f3n P\u00fablica, Ricardo Montenegro y la coordinadora jurisdiccional de Ferias de Ciencia y Tecnolog\u00eda, Mar\u00eda Dell \u2018Aringa, junto con evaluadores de la feria.<\/p>\n<p>Luego de un arduo trabajo de los miembros del jurado se realiz\u00f3 la selecci\u00f3n de los proyectos que representar\u00e1n a la provincia en la siguiente instancia.<\/p>\n<p>Entre los ganadores se encuentran proyectos de los diferentes niveles, desde el Inicial hasta el Primario y Secundario, tanto de la Capital, La Banda y del resto de la provincia.<\/p>\n<p>Los proyectos elegidos participar\u00e1n en la instancia nacional que se desarrollar\u00e1 en distintas sedes del pa\u00eds. El primer evento ser\u00e1 el 6, 7, 8 y 9 de octubre, en la ciudad de San Luis; el segundo el 20, 21, 22 y 23 de octubre, en San Salvador de Jujuy, y el tercero, el 23, 24, 25, 26 y 27 de noviembre, en la ciudad de C\u00f3rdoba.<\/p>\n<p>En el cierre, Suarez destac\u00f3 la trascendencia de este evento que se desarroll\u00f3 en el marco de los 10 a\u00f1os del Nodo Tecnol\u00f3gico. Tambi\u00e9n agradeci\u00f3 a los docentes y a todos los alumnos participantes.<\/p>\n<p>De igual manera, resalt\u00f3 el impulso del Gobierno de la provincia a este espacio, como a todas las acciones que tienden a contribuir con la educaci\u00f3n, la participaci\u00f3n de los ni\u00f1os y j\u00f3venes a trav\u00e9s del aprendizaje, el uso de nuevas tecnolog\u00edas y una formaci\u00f3n amplia e integral para abrirse camino ante los desaf\u00edos del presente y del futuro.<\/p>\n<p>&nbsp;<\/p>\n","protected":false},"excerpt":{"rendered":"<p>Con un gran marco de p\u00fablico y un balance positivo cerr\u00f3 la XXIII Feria Provincial de Ciencia y Tecnolog\u00eda, que se desarroll\u00f3 durante los d\u00edas mi\u00e9rcoles 2 y jueves 3 de septiembre en el Nodo Tecnol\u00f3gico. El acto de cierre cont\u00f3 con la presencia del secretario de Ciencia y Tecnolog\u00eda, Adri\u00e1n Su\u00e1rez; el subsecretario de Educaci\u00f3n, Alejandro P\u00edccoli; el director de Gesti\u00f3n P\u00fablica, Ricardo Montenegro y la coordinadora jurisdiccional de Ferias de Ciencia y Tecnolog\u00eda, Mar\u00eda Dell \u2018Aringa, junto con evaluadores de la feria. Luego de un arduo trabajo de&hellip;<\/p>\n","protected":false},"author":1,"featured_media":25894,"comment_status":"closed","ping_status":"closed","sticky":false,"template":"","format":"standard","meta":{"footnotes":""},"categories":[9],"tags":[],"class_list":["post-25893","post","type-post","status-publish","format-standard","has-post-thumbnail","hentry","category-noticias"],"rttpg_featured_image_url":{"full":["https:\/\/livingmultimediosde.net.ar\/INDEX\/wp-content\/uploads\/2026\/09\/EXITOSO.jpg",768,521,false],"landscape":["https:\/\/livingmultimediosde.net.ar\/INDEX\/wp-content\/uploads\/2026\/09\/EXITOSO.jpg",768,521,false],"portraits":["https:\/\/livingmultimediosde.net.ar\/INDEX\/wp-content\/uploads\/2026\/09\/EXITOSO.jpg",768,521,false],"thumbnail":["https:\/\/livingmultimediosde.net.ar\/INDEX\/wp-content\/uploads\/2026\/09\/EXITOSO-150x150.jpg",150,150,true],"medium":["https:\/\/livingmultimediosde.net.ar\/INDEX\/wp-content\/uploads\/2026\/09\/EXITOSO-300x204.jpg",300,204,true],"large":["https:\/\/livingmultimediosde.net.ar\/INDEX\/wp-content\/uploads\/2026\/09\/EXITOSO.jpg",640,434,false],"1536x1536":["https:\/\/livingmultimediosde.net.ar\/INDEX\/wp-content\/uploads\/2026\/09\/EXITOSO.jpg",768,521,false],"2048x2048":["https:\/\/livingmultimediosde.net.ar\/INDEX\/wp-content\/uploads\/2026\/09\/EXITOSO.jpg",768,521,false],"post-thumbnail":["https:\/\/livingmultimediosde.net.ar\/INDEX\/wp-content\/uploads\/2026\/09\/EXITOSO-240x172.jpg",240,172,true]},"rttpg_author":{"display_name":"rober","author_link":"https:\/\/livingmultimediosde.net.ar\/INDEX\/author\/rober\/"},"rttpg_comment":0,"rttpg_category":"<a href=\"https:\/\/livingmultimediosde.net.ar\/INDEX\/category\/noticias\/\" rel=\"category tag\">NOTICIAS<\/a>","rttpg_excerpt":"Con un gran marco de p\u00fablico y un balance positivo cerr\u00f3 la XXIII Feria Provincial de Ciencia y Tecnolog\u00eda, que se desarroll\u00f3 durante los d\u00edas mi\u00e9rcoles 2 y jueves 3 de septiembre en el Nodo Tecnol\u00f3gico. El acto de cierre cont\u00f3 con la presencia del secretario de Ciencia y Tecnolog\u00eda, Adri\u00e1n Su\u00e1rez; el subsecretario de&hellip;","_links":{"self":[{"href":"https:\/\/livingmultimediosde.net.ar\/INDEX\/wp-json\/wp\/v2\/posts\/25893","targetHints":{"allow":["GET"]}}],"collection":[{"href":"https:\/\/livingmultimediosde.net.ar\/INDEX\/wp-json\/wp\/v2\/posts"}],"about":[{"href":"https:\/\/livingmultimediosde.net.ar\/INDEX\/wp-json\/wp\/v2\/types\/post"}],"author":[{"embeddable":true,"href":"https:\/\/livingmultimediosde.net.ar\/INDEX\/wp-json\/wp\/v2\/users\/1"}],"replies":[{"embeddable":true,"href":"https:\/\/livingmultimediosde.net.ar\/INDEX\/wp-json\/wp\/v2\/comments?post=25893"}],"version-history":[{"count":1,"href":"https:\/\/livingmultimediosde.net.ar\/INDEX\/wp-json\/wp\/v2\/posts\/25893\/revisions"}],"predecessor-version":[{"id":25895,"href":"https:\/\/livingmultimediosde.net.ar\/INDEX\/wp-json\/wp\/v2\/posts\/25893\/revisions\/25895"}],"wp:featuredmedia":[{"embeddable":true,"href":"https:\/\/livingmultimediosde.net.ar\/INDEX\/wp-json\/wp\/v2\/media\/25894"}],"wp:attachment":[{"href":"https:\/\/livingmultimediosde.net.ar\/INDEX\/wp-json\/wp\/v2\/media?parent=25893"}],"wp:term":[{"taxonomy":"category","embeddable":true,"href":"https:\/\/livingmultimediosde.net.ar\/INDEX\/wp-json\/wp\/v2\/categories?post=25893"},{"taxonomy":"post_tag","embeddable":true,"href":"https:\/\/livingmultimediosde.net.ar\/INDEX\/wp-json\/wp\/v2\/tags?post=25893"}],"curies":[{"name":"wp","href":"https:\/\/api.w.org\/{rel}","templated":true}]}}