{"id":25890,"date":"2026-09-04T18:26:36","date_gmt":"2026-09-04T18:26:36","guid":{"rendered":"https:\/\/livingmultimediosde.net.ar\/INDEX\/?p=25890"},"modified":"2026-09-04T18:26:36","modified_gmt":"2026-09-04T18:26:36","slug":"las-adt-se-fortalecen-para-seguir-impulsando-la-produccion-del-interior","status":"publish","type":"post","link":"https:\/\/livingmultimediosde.net.ar\/INDEX\/2026\/09\/las-adt-se-fortalecen-para-seguir-impulsando-la-produccion-del-interior\/","title":{"rendered":"Las ADT se fortalecen para seguir impulsando la producci\u00f3n del interior"},"content":{"rendered":"<p>El Gobierno de Santiago del Estero, a trav\u00e9s del Ministerio de Producci\u00f3n, impulsa las Agencias de Desarrollo Territorial (ADT) como herramienta estrat\u00e9gica para descentralizar el Estado y acompa\u00f1ar a productores, emprendedores y empresas locales, fortaleciendo las econom\u00edas regionales.<\/p>\n<p>Distribuidas en distintos puntos del interior provincial, las ADT acercan asesoramiento t\u00e9cnico, tecnolog\u00eda, maquinaria, equipamiento y gesti\u00f3n de tr\u00e1mites vinculados al Ministerio de Producci\u00f3n, evitando que los productores deban trasladarse hasta la Capital para acceder a estas herramientas.<\/p>\n<p>Por instrucci\u00f3n del gobernador El\u00edas Su\u00e1rez, en una primera etapa, se habilitaron 12 agencias el 1\u00b0 de abril de 2026, en un acto que cont\u00f3 con la participaci\u00f3n de instituciones vinculadas al sector productivo y ahora est\u00e1 previsto ampliar ese n\u00famero en m\u00e1s localidades del interior.<\/p>\n<p>Las agencias cuentan con infraestructura propia, equipamiento inform\u00e1tico, conectividad, maquinaria agr\u00edcola y ganadera, camionetas para los equipos t\u00e9cnicos y tecnolog\u00eda de precisi\u00f3n \u2014entre ellas, drones agr\u00edcolas y estaciones meteorol\u00f3gicas\u2014 orientada a optimizar las decisiones productivas.<\/p>\n<p>La iniciativa se enmarca en una pol\u00edtica de Estado que busca reducir las asimetr\u00edas entre la Capital y el interior, fortalecer las econom\u00edas regionales y generar mejores condiciones para producir m\u00e1s y mejor, promoviendo el empleo genuino, el arraigo y la competitividad de los peque\u00f1os y medianos productores.<\/p>\n<p>En esa misma l\u00ednea, el Gobierno busca la industrializaci\u00f3n de la materia prima y la generaci\u00f3n de valor agregado en origen, con el objetivo de fortalecer las cadenas productivas, retener riqueza y empleo dentro de la provincia y abrir nuevas oportunidades de acceso a mercados nacionales e internacionales.<\/p>\n<p>De esta manera, las Agencias de Desarrollo Territorial se consolidan como una de las principales herramientas del Gobierno provincial para llevar el Estado al territorio, acompa\u00f1ar a quienes producen y construir un modelo de desarrollo basado en m\u00e1s producci\u00f3n, mayor valor agregado y m\u00e1s empleo genuino.<\/p>\n<p>&nbsp;<\/p>\n","protected":false},"excerpt":{"rendered":"<p>El Gobierno de Santiago del Estero, a trav\u00e9s del Ministerio de Producci\u00f3n, impulsa las Agencias de Desarrollo Territorial (ADT) como herramienta estrat\u00e9gica para descentralizar el Estado y acompa\u00f1ar a productores, emprendedores y empresas locales, fortaleciendo las econom\u00edas regionales. Distribuidas en distintos puntos del interior provincial, las ADT acercan asesoramiento t\u00e9cnico, tecnolog\u00eda, maquinaria, equipamiento y gesti\u00f3n de tr\u00e1mites vinculados al Ministerio de Producci\u00f3n, evitando que los productores deban trasladarse hasta la Capital para acceder a estas herramientas. Por instrucci\u00f3n del gobernador El\u00edas Su\u00e1rez, en una primera etapa, se habilitaron 12 agencias&hellip;<\/p>\n","protected":false},"author":1,"featured_media":25891,"comment_status":"closed","ping_status":"closed","sticky":false,"template":"","format":"standard","meta":{"footnotes":""},"categories":[9],"tags":[],"class_list":["post-25890","post","type-post","status-publish","format-standard","has-post-thumbnail","hentry","category-noticias"],"rttpg_featured_image_url":{"full":["https:\/\/livingmultimediosde.net.ar\/INDEX\/wp-content\/uploads\/2026\/09\/ADTS.jpeg",768,346,false],"landscape":["https:\/\/livingmultimediosde.net.ar\/INDEX\/wp-content\/uploads\/2026\/09\/ADTS.jpeg",768,346,false],"portraits":["https:\/\/livingmultimediosde.net.ar\/INDEX\/wp-content\/uploads\/2026\/09\/ADTS.jpeg",768,346,false],"thumbnail":["https:\/\/livingmultimediosde.net.ar\/INDEX\/wp-content\/uploads\/2026\/09\/ADTS-150x150.jpeg",150,150,true],"medium":["https:\/\/livingmultimediosde.net.ar\/INDEX\/wp-content\/uploads\/2026\/09\/ADTS-300x135.jpeg",300,135,true],"large":["https:\/\/livingmultimediosde.net.ar\/INDEX\/wp-content\/uploads\/2026\/09\/ADTS.jpeg",640,288,false],"1536x1536":["https:\/\/livingmultimediosde.net.ar\/INDEX\/wp-content\/uploads\/2026\/09\/ADTS.jpeg",768,346,false],"2048x2048":["https:\/\/livingmultimediosde.net.ar\/INDEX\/wp-content\/uploads\/2026\/09\/ADTS.jpeg",768,346,false],"post-thumbnail":["https:\/\/livingmultimediosde.net.ar\/INDEX\/wp-content\/uploads\/2026\/09\/ADTS-240x172.jpeg",240,172,true]},"rttpg_author":{"display_name":"rober","author_link":"https:\/\/livingmultimediosde.net.ar\/INDEX\/author\/rober\/"},"rttpg_comment":0,"rttpg_category":"<a href=\"https:\/\/livingmultimediosde.net.ar\/INDEX\/category\/noticias\/\" rel=\"category tag\">NOTICIAS<\/a>","rttpg_excerpt":"El Gobierno de Santiago del Estero, a trav\u00e9s del Ministerio de Producci\u00f3n, impulsa las Agencias de Desarrollo Territorial (ADT) como herramienta estrat\u00e9gica para descentralizar el Estado y acompa\u00f1ar a productores, emprendedores y empresas locales, fortaleciendo las econom\u00edas regionales. Distribuidas en distintos puntos del interior provincial, las ADT acercan asesoramiento t\u00e9cnico, tecnolog\u00eda, maquinaria, equipamiento y gesti\u00f3n&hellip;","_links":{"self":[{"href":"https:\/\/livingmultimediosde.net.ar\/INDEX\/wp-json\/wp\/v2\/posts\/25890","targetHints":{"allow":["GET"]}}],"collection":[{"href":"https:\/\/livingmultimediosde.net.ar\/INDEX\/wp-json\/wp\/v2\/posts"}],"about":[{"href":"https:\/\/livingmultimediosde.net.ar\/INDEX\/wp-json\/wp\/v2\/types\/post"}],"author":[{"embeddable":true,"href":"https:\/\/livingmultimediosde.net.ar\/INDEX\/wp-json\/wp\/v2\/users\/1"}],"replies":[{"embeddable":true,"href":"https:\/\/livingmultimediosde.net.ar\/INDEX\/wp-json\/wp\/v2\/comments?post=25890"}],"version-history":[{"count":1,"href":"https:\/\/livingmultimediosde.net.ar\/INDEX\/wp-json\/wp\/v2\/posts\/25890\/revisions"}],"predecessor-version":[{"id":25892,"href":"https:\/\/livingmultimediosde.net.ar\/INDEX\/wp-json\/wp\/v2\/posts\/25890\/revisions\/25892"}],"wp:featuredmedia":[{"embeddable":true,"href":"https:\/\/livingmultimediosde.net.ar\/INDEX\/wp-json\/wp\/v2\/media\/25891"}],"wp:attachment":[{"href":"https:\/\/livingmultimediosde.net.ar\/INDEX\/wp-json\/wp\/v2\/media?parent=25890"}],"wp:term":[{"taxonomy":"category","embeddable":true,"href":"https:\/\/livingmultimediosde.net.ar\/INDEX\/wp-json\/wp\/v2\/categories?post=25890"},{"taxonomy":"post_tag","embeddable":true,"href":"https:\/\/livingmultimediosde.net.ar\/INDEX\/wp-json\/wp\/v2\/tags?post=25890"}],"curies":[{"name":"wp","href":"https:\/\/api.w.org\/{rel}","templated":true}]}}