{"id":25884,"date":"2026-09-02T20:22:14","date_gmt":"2026-09-02T20:22:14","guid":{"rendered":"https:\/\/livingmultimediosde.net.ar\/INDEX\/?p=25884"},"modified":"2026-09-02T20:22:14","modified_gmt":"2026-09-02T20:22:14","slug":"el-gobierno-celebra-la-eliminacion-de-las-paso-en-chaco-y-se-esperanza-con-la-reforma-electoral","status":"publish","type":"post","link":"https:\/\/livingmultimediosde.net.ar\/INDEX\/2026\/09\/el-gobierno-celebra-la-eliminacion-de-las-paso-en-chaco-y-se-esperanza-con-la-reforma-electoral\/","title":{"rendered":"El Gobierno celebra la eliminaci\u00f3n de las PASO en Chaco y se esperanza con la reforma electoral"},"content":{"rendered":"<p>Tras la decisi\u00f3n de reflotar el debate por la reforma electoral completa, el Gobierno celebr\u00f3 la decisi\u00f3n del gobernador de Chaco, Leandro Zdero, de suspender las elecciones primarias, abiertas, simult\u00e1neas y obligatorias (PASO) en la provincia y se esperanza con la chance de poder replicar la l\u00f3gica a nivel nacional.<\/p>\n<p>Esta ma\u00f1ana, la Legislatura de Chaco aprob\u00f3 la suspensi\u00f3n de las primarias y en el oficialismo lo leyeron como un accionar positivo, lo que dio lugar a la posibilidad de avanzar en el mismo camino rumbo a las elecciones presidenciales de 2027.<\/p>\n<p>\u00abEl interior es previo a la Naci\u00f3n y se trata de uno de los puntos de la reforma que impulsamos\u00bb, precis\u00f3 un integrante de la mesa pol\u00edtica ante la Agencia Noticias Argentinas.<\/p>\n<p>Lo cierto es que la jugada de Zdero, luego de convertir a Chaco en la primera provincia en eliminar las PASO, configura un antecedente positivo para la Casa Rosada que se prepara para convocar a los senadores a una reuni\u00f3n de comisi\u00f3n en los pr\u00f3ximos d\u00edas con intenci\u00f3n de debatir la normativa.<\/p>\n<p>Quirno, sobre Malvinas: \u201cSiempre hay chance\u201d de recuperarlas<br \/>\nZdero impuls\u00f3 la suspensi\u00f3n de las primarias amparado en el alto costo en los gastos que conlleva la organizaci\u00f3n de un comicio provincial, el mismo argumento que sostienen en Balcarce 50.<\/p>\n<p>El chaque\u00f1o es adem\u00e1s uno de los gobernadores m\u00e1s cercanos al Poder Ejecutivo y de los pocos con los que los libertarios descuentan -hasta ahora- que cerrar\u00e1n acuerdos electorales rumbo a 2027. Incluso, en las legislativas de 2025, fue el primero en llegar a un entendimiento conjunto.<\/p>\n<p>Pese a no contar con los apoyos necesarios, la mesa pol\u00edtica resolvi\u00f3 motorizar el tratamiento del proyecto de reforma electoral, y aunque resta la convocatoria formal del Senado para habilitar el tratamiento en comisiones, en La Libertad Avanza ven chances de poder dar inicio a las primeras aproximaciones de una normativa que se presenta ambiciosa en las pr\u00f3ximas semanas.<\/p>\n<p>No obstante, algunos senadores del espacio se muestran m\u00e1s distantes y advierten que se trata de una tarea compleja para la bancada. \u00abEn la Rosada parecen creer que en el Senado vas al recinto y est\u00e1n los 72 senadores ah\u00ed sentados, de traje, esperando para votar\u00bb, se quej\u00f3 una fuente legislativa ante esta agencia.<\/p>\n<p>Esta tarde, se conocer\u00e1 la fecha oficial en la que la C\u00e1mara Alta dar\u00e1 inicio a uno de los principales desaf\u00edos en materia legislativa que traz\u00f3 el presidente Javier Milei.<\/p>\n<p>Agencia NA<\/p>\n","protected":false},"excerpt":{"rendered":"<p>Tras la decisi\u00f3n de reflotar el debate por la reforma electoral completa, el Gobierno celebr\u00f3 la decisi\u00f3n del gobernador de Chaco, Leandro Zdero, de suspender las elecciones primarias, abiertas, simult\u00e1neas y obligatorias (PASO) en la provincia y se esperanza con la chance de poder replicar la l\u00f3gica a nivel nacional. Esta ma\u00f1ana, la Legislatura de Chaco aprob\u00f3 la suspensi\u00f3n de las primarias y en el oficialismo lo leyeron como un accionar positivo, lo que dio lugar a la posibilidad de avanzar en el mismo camino rumbo a las elecciones presidenciales&hellip;<\/p>\n","protected":false},"author":1,"featured_media":25885,"comment_status":"closed","ping_status":"closed","sticky":false,"template":"","format":"standard","meta":{"footnotes":""},"categories":[9],"tags":[],"class_list":["post-25884","post","type-post","status-publish","format-standard","has-post-thumbnail","hentry","category-noticias"],"rttpg_featured_image_url":{"full":["https:\/\/livingmultimediosde.net.ar\/INDEX\/wp-content\/uploads\/2026\/09\/PASO.avif",965,720,false],"landscape":["https:\/\/livingmultimediosde.net.ar\/INDEX\/wp-content\/uploads\/2026\/09\/PASO.avif",965,720,false],"portraits":["https:\/\/livingmultimediosde.net.ar\/INDEX\/wp-content\/uploads\/2026\/09\/PASO.avif",965,720,false],"thumbnail":["https:\/\/livingmultimediosde.net.ar\/INDEX\/wp-content\/uploads\/2026\/09\/PASO-150x150.avif",150,150,true],"medium":["https:\/\/livingmultimediosde.net.ar\/INDEX\/wp-content\/uploads\/2026\/09\/PASO-300x224.avif",300,224,true],"large":["https:\/\/livingmultimediosde.net.ar\/INDEX\/wp-content\/uploads\/2026\/09\/PASO.avif",640,478,false],"1536x1536":["https:\/\/livingmultimediosde.net.ar\/INDEX\/wp-content\/uploads\/2026\/09\/PASO.avif",965,720,false],"2048x2048":["https:\/\/livingmultimediosde.net.ar\/INDEX\/wp-content\/uploads\/2026\/09\/PASO.avif",965,720,false],"post-thumbnail":["https:\/\/livingmultimediosde.net.ar\/INDEX\/wp-content\/uploads\/2026\/09\/PASO-240x172.avif",240,172,true]},"rttpg_author":{"display_name":"rober","author_link":"https:\/\/livingmultimediosde.net.ar\/INDEX\/author\/rober\/"},"rttpg_comment":0,"rttpg_category":"<a href=\"https:\/\/livingmultimediosde.net.ar\/INDEX\/category\/noticias\/\" rel=\"category tag\">NOTICIAS<\/a>","rttpg_excerpt":"Tras la decisi\u00f3n de reflotar el debate por la reforma electoral completa, el Gobierno celebr\u00f3 la decisi\u00f3n del gobernador de Chaco, Leandro Zdero, de suspender las elecciones primarias, abiertas, simult\u00e1neas y obligatorias (PASO) en la provincia y se esperanza con la chance de poder replicar la l\u00f3gica a nivel nacional. Esta ma\u00f1ana, la Legislatura de&hellip;","_links":{"self":[{"href":"https:\/\/livingmultimediosde.net.ar\/INDEX\/wp-json\/wp\/v2\/posts\/25884","targetHints":{"allow":["GET"]}}],"collection":[{"href":"https:\/\/livingmultimediosde.net.ar\/INDEX\/wp-json\/wp\/v2\/posts"}],"about":[{"href":"https:\/\/livingmultimediosde.net.ar\/INDEX\/wp-json\/wp\/v2\/types\/post"}],"author":[{"embeddable":true,"href":"https:\/\/livingmultimediosde.net.ar\/INDEX\/wp-json\/wp\/v2\/users\/1"}],"replies":[{"embeddable":true,"href":"https:\/\/livingmultimediosde.net.ar\/INDEX\/wp-json\/wp\/v2\/comments?post=25884"}],"version-history":[{"count":1,"href":"https:\/\/livingmultimediosde.net.ar\/INDEX\/wp-json\/wp\/v2\/posts\/25884\/revisions"}],"predecessor-version":[{"id":25886,"href":"https:\/\/livingmultimediosde.net.ar\/INDEX\/wp-json\/wp\/v2\/posts\/25884\/revisions\/25886"}],"wp:featuredmedia":[{"embeddable":true,"href":"https:\/\/livingmultimediosde.net.ar\/INDEX\/wp-json\/wp\/v2\/media\/25885"}],"wp:attachment":[{"href":"https:\/\/livingmultimediosde.net.ar\/INDEX\/wp-json\/wp\/v2\/media?parent=25884"}],"wp:term":[{"taxonomy":"category","embeddable":true,"href":"https:\/\/livingmultimediosde.net.ar\/INDEX\/wp-json\/wp\/v2\/categories?post=25884"},{"taxonomy":"post_tag","embeddable":true,"href":"https:\/\/livingmultimediosde.net.ar\/INDEX\/wp-json\/wp\/v2\/tags?post=25884"}],"curies":[{"name":"wp","href":"https:\/\/api.w.org\/{rel}","templated":true}]}}