{"id":25879,"date":"2026-09-02T19:33:28","date_gmt":"2026-09-02T19:33:28","guid":{"rendered":"https:\/\/livingmultimediosde.net.ar\/INDEX\/?p=25879"},"modified":"2026-09-02T19:33:28","modified_gmt":"2026-09-02T19:33:28","slug":"ucse-y-registro-civil-firmaron-convenio-para-desarrollar-una-jornada-de-capacitacion","status":"publish","type":"post","link":"https:\/\/livingmultimediosde.net.ar\/INDEX\/2026\/09\/ucse-y-registro-civil-firmaron-convenio-para-desarrollar-una-jornada-de-capacitacion\/","title":{"rendered":"UCSE y Registro Civil firmaron convenio para desarrollar una jornada de capacitaci\u00f3n"},"content":{"rendered":"<p>En el marco de las pol\u00edticas p\u00fablicas impulsadas por el Gobierno de la provincia para lograr mayor eficiencia en todos los \u00e1mbitos de la administraci\u00f3n p\u00fablica, la Direcci\u00f3n del Registro Civil dependiente del Ministerio de Justicia y Derechos Humanos, firm\u00f3 este mi\u00e9rcoles un protocolo con la facultad de Cs. Sociales, Jur\u00eddicas y Pol\u00edticas de la Universidad Cat\u00f3lica de Santiago del Estero, para el desarrollo de dos jornadas de capacitaci\u00f3n.<\/p>\n<p>&nbsp;<\/p>\n<p>El protocolo fue firmado por el decano de la facultad de la casa de altos estudios Dr. Gabriel Avila y el director del Registro Civil, Dr. Gonzalo Ach\u00e1val, acompa\u00f1ados por la directora de la carrera de Abogac\u00eda, Dra. Marcela Landriel Prieto; la asesora legal del Reg. Civil, Dra. Cintia Ruiz V\u00e9lez, y el rector de la UCSE Ing. Luis Lucena.<\/p>\n<p>El rector resalt\u00f3 que este acuerdo fortalece el v\u00ednculo entre el Estado y la universidad, a partir de nuevos desaf\u00edos; tambi\u00e9n promueve la modernizaci\u00f3n y el avance en la tecnolog\u00eda para el servicio de los ciudadanos, y una transformaci\u00f3n con impacto social a partir de la capacitaci\u00f3n y de la generaci\u00f3n de conocimientos.<\/p>\n<p>Por su parte, \u00c1vila se\u00f1al\u00f3: \u201cSi bien los destinatarios primeros son docentes, profesionales, alumnos de la facultad y de la universidad, la idea es que durante dos viernes por la tarde, el \u00faltimo viernes de septiembre y el primer viernes de octubre, en el sal\u00f3n auditorio se abran las puertas para recibir a toda la comunidad santiague\u00f1a\u201d.<\/p>\n<p>Finalmente, Ach\u00e1val agradeci\u00f3 \u201cestos espacios de intercambio de opiniones, de experiencias, de generar conocimientos, que se enmarca dentro de una pol\u00edtica provincial de modernizaci\u00f3n del Estado que viene impulsando el gobernador El\u00edas Su\u00e1rez\u201d.<\/p>\n<p>Ampli\u00f3: \u201cHemos transformado el registro de lo manual a lo digital con todo lo que eso implica: la trazabilidad, la autenticidad y las registraciones de todos los hechos y actos jur\u00eddicos que se realizan en forma digital. Esto representa un cambio que no solamente implica conectividad, insumos y equipamiento, sino tambi\u00e9n capacitaci\u00f3n al personal y un cambio sociocultural y de paradigma que implica pasar de lo manual a lo digital\u201d.<\/p>\n<p>&nbsp;<\/p>\n","protected":false},"excerpt":{"rendered":"<p>En el marco de las pol\u00edticas p\u00fablicas impulsadas por el Gobierno de la provincia para lograr mayor eficiencia en todos los \u00e1mbitos de la administraci\u00f3n p\u00fablica, la Direcci\u00f3n del Registro Civil dependiente del Ministerio de Justicia y Derechos Humanos, firm\u00f3 este mi\u00e9rcoles un protocolo con la facultad de Cs. Sociales, Jur\u00eddicas y Pol\u00edticas de la Universidad Cat\u00f3lica de Santiago del Estero, para el desarrollo de dos jornadas de capacitaci\u00f3n. &nbsp; El protocolo fue firmado por el decano de la facultad de la casa de altos estudios Dr. Gabriel Avila y&hellip;<\/p>\n","protected":false},"author":1,"featured_media":25870,"comment_status":"closed","ping_status":"closed","sticky":false,"template":"","format":"standard","meta":{"footnotes":""},"categories":[9],"tags":[],"class_list":["post-25879","post","type-post","status-publish","format-standard","has-post-thumbnail","hentry","category-noticias"],"rttpg_featured_image_url":{"full":["https:\/\/livingmultimediosde.net.ar\/INDEX\/wp-content\/uploads\/2026\/09\/WhatsApp-Image-2026-09-02-at-14.58.48-768x432-1.jpeg",768,432,false],"landscape":["https:\/\/livingmultimediosde.net.ar\/INDEX\/wp-content\/uploads\/2026\/09\/WhatsApp-Image-2026-09-02-at-14.58.48-768x432-1.jpeg",768,432,false],"portraits":["https:\/\/livingmultimediosde.net.ar\/INDEX\/wp-content\/uploads\/2026\/09\/WhatsApp-Image-2026-09-02-at-14.58.48-768x432-1.jpeg",768,432,false],"thumbnail":["https:\/\/livingmultimediosde.net.ar\/INDEX\/wp-content\/uploads\/2026\/09\/WhatsApp-Image-2026-09-02-at-14.58.48-768x432-1-150x150.jpeg",150,150,true],"medium":["https:\/\/livingmultimediosde.net.ar\/INDEX\/wp-content\/uploads\/2026\/09\/WhatsApp-Image-2026-09-02-at-14.58.48-768x432-1-300x169.jpeg",300,169,true],"large":["https:\/\/livingmultimediosde.net.ar\/INDEX\/wp-content\/uploads\/2026\/09\/WhatsApp-Image-2026-09-02-at-14.58.48-768x432-1.jpeg",640,360,false],"1536x1536":["https:\/\/livingmultimediosde.net.ar\/INDEX\/wp-content\/uploads\/2026\/09\/WhatsApp-Image-2026-09-02-at-14.58.48-768x432-1.jpeg",768,432,false],"2048x2048":["https:\/\/livingmultimediosde.net.ar\/INDEX\/wp-content\/uploads\/2026\/09\/WhatsApp-Image-2026-09-02-at-14.58.48-768x432-1.jpeg",768,432,false],"post-thumbnail":["https:\/\/livingmultimediosde.net.ar\/INDEX\/wp-content\/uploads\/2026\/09\/WhatsApp-Image-2026-09-02-at-14.58.48-768x432-1-240x172.jpeg",240,172,true]},"rttpg_author":{"display_name":"rober","author_link":"https:\/\/livingmultimediosde.net.ar\/INDEX\/author\/rober\/"},"rttpg_comment":0,"rttpg_category":"<a href=\"https:\/\/livingmultimediosde.net.ar\/INDEX\/category\/noticias\/\" rel=\"category tag\">NOTICIAS<\/a>","rttpg_excerpt":"En el marco de las pol\u00edticas p\u00fablicas impulsadas por el Gobierno de la provincia para lograr mayor eficiencia en todos los \u00e1mbitos de la administraci\u00f3n p\u00fablica, la Direcci\u00f3n del Registro Civil dependiente del Ministerio de Justicia y Derechos Humanos, firm\u00f3 este mi\u00e9rcoles un protocolo con la facultad de Cs. Sociales, Jur\u00eddicas y Pol\u00edticas de la&hellip;","_links":{"self":[{"href":"https:\/\/livingmultimediosde.net.ar\/INDEX\/wp-json\/wp\/v2\/posts\/25879","targetHints":{"allow":["GET"]}}],"collection":[{"href":"https:\/\/livingmultimediosde.net.ar\/INDEX\/wp-json\/wp\/v2\/posts"}],"about":[{"href":"https:\/\/livingmultimediosde.net.ar\/INDEX\/wp-json\/wp\/v2\/types\/post"}],"author":[{"embeddable":true,"href":"https:\/\/livingmultimediosde.net.ar\/INDEX\/wp-json\/wp\/v2\/users\/1"}],"replies":[{"embeddable":true,"href":"https:\/\/livingmultimediosde.net.ar\/INDEX\/wp-json\/wp\/v2\/comments?post=25879"}],"version-history":[{"count":1,"href":"https:\/\/livingmultimediosde.net.ar\/INDEX\/wp-json\/wp\/v2\/posts\/25879\/revisions"}],"predecessor-version":[{"id":25880,"href":"https:\/\/livingmultimediosde.net.ar\/INDEX\/wp-json\/wp\/v2\/posts\/25879\/revisions\/25880"}],"wp:featuredmedia":[{"embeddable":true,"href":"https:\/\/livingmultimediosde.net.ar\/INDEX\/wp-json\/wp\/v2\/media\/25870"}],"wp:attachment":[{"href":"https:\/\/livingmultimediosde.net.ar\/INDEX\/wp-json\/wp\/v2\/media?parent=25879"}],"wp:term":[{"taxonomy":"category","embeddable":true,"href":"https:\/\/livingmultimediosde.net.ar\/INDEX\/wp-json\/wp\/v2\/categories?post=25879"},{"taxonomy":"post_tag","embeddable":true,"href":"https:\/\/livingmultimediosde.net.ar\/INDEX\/wp-json\/wp\/v2\/tags?post=25879"}],"curies":[{"name":"wp","href":"https:\/\/api.w.org\/{rel}","templated":true}]}}