{"id":25876,"date":"2026-09-02T19:29:01","date_gmt":"2026-09-02T19:29:01","guid":{"rendered":"https:\/\/livingmultimediosde.net.ar\/INDEX\/?p=25876"},"modified":"2026-09-02T19:29:01","modified_gmt":"2026-09-02T19:29:01","slug":"la-provincia-lanzo-un-programa-de-formacion-en-gestion-deportiva-para-clubes","status":"publish","type":"post","link":"https:\/\/livingmultimediosde.net.ar\/INDEX\/2026\/09\/la-provincia-lanzo-un-programa-de-formacion-en-gestion-deportiva-para-clubes\/","title":{"rendered":"La provincia lanz\u00f3 un programa de formaci\u00f3n en gesti\u00f3n deportiva para clubes"},"content":{"rendered":"<p>En la sede de la Secretar\u00eda de Deportes se present\u00f3 el Programa de Formaci\u00f3n Inicial en Gesti\u00f3n Deportiva para Clubes y Organizaciones Deportivas, una propuesta que busca brindar herramientas para fortalecer la gesti\u00f3n y el desarrollo institucional de las entidades deportivas.<br \/>\nLa capacitaci\u00f3n ser\u00e1 gratuita, con cupos limitados y estar\u00e1 destinada a dirigentes, integrantes de comisiones directivas, referentes y personas vinculadas a la gesti\u00f3n de clubes y organizaciones deportivas.<\/p>\n<p>El programa se desarrollar\u00e1 en seis jornadas, los s\u00e1bados 5 y 26 de septiembre; 10 y 31 de octubre; 21 de noviembre y 5 de diciembre, de 8.30 a 15 horas, en distintos puntos de capacitaci\u00f3n.<\/p>\n<p>El recorrido formativo contempla siete dimensiones: el dirigente deportivo y el rol social de los clubes; gobierno y organizaci\u00f3n institucional; liderazgo y gesti\u00f3n de personas; gesti\u00f3n econ\u00f3mica y sostenibilidad; comunicaci\u00f3n, identidad y comunidad; planificaci\u00f3n estrat\u00e9gica y desarrollo institucional; e integraci\u00f3n del Proyecto Club.<\/p>\n<p>Durante la presentaci\u00f3n estuvieron el secretario de Deportes, Carlos Dapello; el vicepresidente de la Federaci\u00f3n Santiague\u00f1a de F\u00fatbol, Francisco Pece; el director general y coordinador del Proyecto Club 2026, Ariel Arias Molina, y el coordinador general de la Secretar\u00eda de Deportes, Guillermo R\u00edos.<\/p>\n<p>En este marco, Dapello anunci\u00f3 un curso de capacitaci\u00f3n en gesti\u00f3n deportiva e institucional como parte de la pol\u00edtica deportiva que lleva adelante el Gobierno.<\/p>\n<p>Pece, por su parte, remarc\u00f3: \u201cApostamos siempre a la capacitaci\u00f3n y formaci\u00f3n como una herramienta v\u00e1lida para el crecimiento y el desarrollo de nuestro deporte, siempre acompa\u00f1ado de un Estado presente a trav\u00e9s de la Secretar\u00eda de Deporte y de la Municipalidad Capital\u201d.<\/p>\n<p>En tanto, Arias Mollina destac\u00f3 el rol social de los clubes al se\u00f1alar: \u201cEstas instituciones requieren dirigentes cada vez m\u00e1s preparados en conducir procesos que hoy son complejos; fortalecer la participaci\u00f3n; administrar recursos escasos, con transparencia y proyectar una instituci\u00f3n sostenible\u201d.<\/p>\n<p>&nbsp;<\/p>\n","protected":false},"excerpt":{"rendered":"<p>En la sede de la Secretar\u00eda de Deportes se present\u00f3 el Programa de Formaci\u00f3n Inicial en Gesti\u00f3n Deportiva para Clubes y Organizaciones Deportivas, una propuesta que busca brindar herramientas para fortalecer la gesti\u00f3n y el desarrollo institucional de las entidades deportivas. La capacitaci\u00f3n ser\u00e1 gratuita, con cupos limitados y estar\u00e1 destinada a dirigentes, integrantes de comisiones directivas, referentes y personas vinculadas a la gesti\u00f3n de clubes y organizaciones deportivas. El programa se desarrollar\u00e1 en seis jornadas, los s\u00e1bados 5 y 26 de septiembre; 10 y 31 de octubre; 21 de&hellip;<\/p>\n","protected":false},"author":1,"featured_media":25877,"comment_status":"closed","ping_status":"closed","sticky":false,"template":"","format":"standard","meta":{"footnotes":""},"categories":[9],"tags":[],"class_list":["post-25876","post","type-post","status-publish","format-standard","has-post-thumbnail","hentry","category-noticias"],"rttpg_featured_image_url":{"full":["https:\/\/livingmultimediosde.net.ar\/INDEX\/wp-content\/uploads\/2026\/09\/WhatsApp-Image-2026-09-02-at-14.51.07-768x432-1.jpeg",768,432,false],"landscape":["https:\/\/livingmultimediosde.net.ar\/INDEX\/wp-content\/uploads\/2026\/09\/WhatsApp-Image-2026-09-02-at-14.51.07-768x432-1.jpeg",768,432,false],"portraits":["https:\/\/livingmultimediosde.net.ar\/INDEX\/wp-content\/uploads\/2026\/09\/WhatsApp-Image-2026-09-02-at-14.51.07-768x432-1.jpeg",768,432,false],"thumbnail":["https:\/\/livingmultimediosde.net.ar\/INDEX\/wp-content\/uploads\/2026\/09\/WhatsApp-Image-2026-09-02-at-14.51.07-768x432-1-150x150.jpeg",150,150,true],"medium":["https:\/\/livingmultimediosde.net.ar\/INDEX\/wp-content\/uploads\/2026\/09\/WhatsApp-Image-2026-09-02-at-14.51.07-768x432-1-300x169.jpeg",300,169,true],"large":["https:\/\/livingmultimediosde.net.ar\/INDEX\/wp-content\/uploads\/2026\/09\/WhatsApp-Image-2026-09-02-at-14.51.07-768x432-1.jpeg",640,360,false],"1536x1536":["https:\/\/livingmultimediosde.net.ar\/INDEX\/wp-content\/uploads\/2026\/09\/WhatsApp-Image-2026-09-02-at-14.51.07-768x432-1.jpeg",768,432,false],"2048x2048":["https:\/\/livingmultimediosde.net.ar\/INDEX\/wp-content\/uploads\/2026\/09\/WhatsApp-Image-2026-09-02-at-14.51.07-768x432-1.jpeg",768,432,false],"post-thumbnail":["https:\/\/livingmultimediosde.net.ar\/INDEX\/wp-content\/uploads\/2026\/09\/WhatsApp-Image-2026-09-02-at-14.51.07-768x432-1-240x172.jpeg",240,172,true]},"rttpg_author":{"display_name":"rober","author_link":"https:\/\/livingmultimediosde.net.ar\/INDEX\/author\/rober\/"},"rttpg_comment":0,"rttpg_category":"<a href=\"https:\/\/livingmultimediosde.net.ar\/INDEX\/category\/noticias\/\" rel=\"category tag\">NOTICIAS<\/a>","rttpg_excerpt":"En la sede de la Secretar\u00eda de Deportes se present\u00f3 el Programa de Formaci\u00f3n Inicial en Gesti\u00f3n Deportiva para Clubes y Organizaciones Deportivas, una propuesta que busca brindar herramientas para fortalecer la gesti\u00f3n y el desarrollo institucional de las entidades deportivas. La capacitaci\u00f3n ser\u00e1 gratuita, con cupos limitados y estar\u00e1 destinada a dirigentes, integrantes de&hellip;","_links":{"self":[{"href":"https:\/\/livingmultimediosde.net.ar\/INDEX\/wp-json\/wp\/v2\/posts\/25876","targetHints":{"allow":["GET"]}}],"collection":[{"href":"https:\/\/livingmultimediosde.net.ar\/INDEX\/wp-json\/wp\/v2\/posts"}],"about":[{"href":"https:\/\/livingmultimediosde.net.ar\/INDEX\/wp-json\/wp\/v2\/types\/post"}],"author":[{"embeddable":true,"href":"https:\/\/livingmultimediosde.net.ar\/INDEX\/wp-json\/wp\/v2\/users\/1"}],"replies":[{"embeddable":true,"href":"https:\/\/livingmultimediosde.net.ar\/INDEX\/wp-json\/wp\/v2\/comments?post=25876"}],"version-history":[{"count":1,"href":"https:\/\/livingmultimediosde.net.ar\/INDEX\/wp-json\/wp\/v2\/posts\/25876\/revisions"}],"predecessor-version":[{"id":25878,"href":"https:\/\/livingmultimediosde.net.ar\/INDEX\/wp-json\/wp\/v2\/posts\/25876\/revisions\/25878"}],"wp:featuredmedia":[{"embeddable":true,"href":"https:\/\/livingmultimediosde.net.ar\/INDEX\/wp-json\/wp\/v2\/media\/25877"}],"wp:attachment":[{"href":"https:\/\/livingmultimediosde.net.ar\/INDEX\/wp-json\/wp\/v2\/media?parent=25876"}],"wp:term":[{"taxonomy":"category","embeddable":true,"href":"https:\/\/livingmultimediosde.net.ar\/INDEX\/wp-json\/wp\/v2\/categories?post=25876"},{"taxonomy":"post_tag","embeddable":true,"href":"https:\/\/livingmultimediosde.net.ar\/INDEX\/wp-json\/wp\/v2\/tags?post=25876"}],"curies":[{"name":"wp","href":"https:\/\/api.w.org\/{rel}","templated":true}]}}