{"id":25873,"date":"2026-09-02T19:26:58","date_gmt":"2026-09-02T19:26:58","guid":{"rendered":"https:\/\/livingmultimediosde.net.ar\/INDEX\/?p=25873"},"modified":"2026-09-02T19:26:58","modified_gmt":"2026-09-02T19:26:58","slug":"el-gobernador-elias-suarez-participo-de-la-apertura-de-la-xxiii-feria-provincial-de-ciencia-y-tecnologia","status":"publish","type":"post","link":"https:\/\/livingmultimediosde.net.ar\/INDEX\/2026\/09\/el-gobernador-elias-suarez-participo-de-la-apertura-de-la-xxiii-feria-provincial-de-ciencia-y-tecnologia\/","title":{"rendered":"El gobernador El\u00edas Su\u00e1rez particip\u00f3 de la apertura de la XXIII Feria Provincial de Ciencia y Tecnolog\u00eda"},"content":{"rendered":"<div id=\"inner-wrap\" class=\"wrap hfeed kt-clear\">\n<div id=\"primary\" class=\"content-area\">\n<div class=\"content-container site-container\"><main id=\"main\" class=\"site-main\" role=\"main\"><\/p>\n<div class=\"content-wrap\">\n<article id=\"post-57853\" class=\"entry content-bg single-entry post-57853 post type-post status-publish format-standard has-post-thumbnail hentry category-educacion category-institucional category-portada category-tecnologia tag-elias-suarez-4 tag-santiago-del-estero tag-xxiii-feria-provincial-de-ciencia-y-tecnologia-en-el-nodo-tecnologico\">\n<div class=\"entry-content-wrap\">\n<div class=\"entry-content single-content\">\n<p>Con la presencia de cientos de alumnos y docentes de toda la provincia, el gobernador\u00a0<strong>El\u00edas Su\u00e1rez<\/strong>\u00a0particip\u00f3 este mi\u00e9rcoles la apertura oficial de la\u00a0<strong>XXIII Feria Provincial de Ciencia y Tecnolog\u00eda<\/strong>, que se desarroll\u00f3 en las instalaciones del\u00a0<strong>Nodo Tecnol\u00f3gico.<\/strong><\/p>\n<figure class=\"wp-block-image size-large\"><img decoding=\"async\" data-src=\"https:\/\/sde.gob.ar\/wp-content\/uploads\/2026\/09\/WhatsApp-Image-2026-09-02-at-13.47.33-1024x682.jpeg\" data-srcset=\"https:\/\/sde.gob.ar\/wp-content\/uploads\/2026\/09\/WhatsApp-Image-2026-09-02-at-13.47.33-1024x682.jpeg 1024w, https:\/\/sde.gob.ar\/wp-content\/uploads\/2026\/09\/WhatsApp-Image-2026-09-02-at-13.47.33-300x200.jpeg 300w, https:\/\/sde.gob.ar\/wp-content\/uploads\/2026\/09\/WhatsApp-Image-2026-09-02-at-13.47.33-768x512.jpeg 768w, https:\/\/sde.gob.ar\/wp-content\/uploads\/2026\/09\/WhatsApp-Image-2026-09-02-at-13.47.33-1536x1023.jpeg 1536w, https:\/\/sde.gob.ar\/wp-content\/uploads\/2026\/09\/WhatsApp-Image-2026-09-02-at-13.47.33.jpeg 1600w\" class=\"wp-image-57854 lazyload\" src=\"data:image\/gif;base64,R0lGODlhAQABAIAAAAAAAP\/\/\/yH5BAEAAAAALAAAAAABAAEAAAIBRAA7\" sizes=\"(max-width: 1024px) 100vw, 1024px\"  alt=\"\" width=\"1024\" height=\"682\" \/><noscript><img decoding=\"async\" class=\"wp-image-57854\" src=\"https:\/\/sde.gob.ar\/wp-content\/uploads\/2026\/09\/WhatsApp-Image-2026-09-02-at-13.47.33-1024x682.jpeg\" sizes=\"(max-width: 1024px) 100vw, 1024px\" srcset=\"https:\/\/sde.gob.ar\/wp-content\/uploads\/2026\/09\/WhatsApp-Image-2026-09-02-at-13.47.33-1024x682.jpeg 1024w, https:\/\/sde.gob.ar\/wp-content\/uploads\/2026\/09\/WhatsApp-Image-2026-09-02-at-13.47.33-300x200.jpeg 300w, https:\/\/sde.gob.ar\/wp-content\/uploads\/2026\/09\/WhatsApp-Image-2026-09-02-at-13.47.33-768x512.jpeg 768w, https:\/\/sde.gob.ar\/wp-content\/uploads\/2026\/09\/WhatsApp-Image-2026-09-02-at-13.47.33-1536x1023.jpeg 1536w, https:\/\/sde.gob.ar\/wp-content\/uploads\/2026\/09\/WhatsApp-Image-2026-09-02-at-13.47.33.jpeg 1600w\" alt=\"\" width=\"1024\" height=\"682\"><\/noscript><\/figure>\n<p>El mandatario estuvo acompa\u00f1ado por el vicegobernador\u00a0<strong>Carlos Silva Neder<\/strong>; el jefe de Gabinete,\u00a0<strong>V\u00edctor Araujo<\/strong>; la ministra de Educaci\u00f3n,\u00a0<strong>Mariela Nassif;<\/strong>\u00a0la presidenta del Consejo de Educaci\u00f3n,\u00a0<strong>Mar\u00eda Elena Herrera<\/strong>; el subsecretario de Educaci\u00f3n,\u00a0<strong>Alejandro P\u00edccoli<\/strong>, y el secretario de Ciencia y Tecnolog\u00eda,\u00a0<strong>Adri\u00e1n Su\u00e1rez<\/strong>. Tambi\u00e9n fueron parte de la ceremonia otros miembros del gabinete provincial y autoridades de las universidades Nacional y Cat\u00f3lica de Santiago del Estero.<\/p>\n<figure class=\"wp-block-image size-large\"><img decoding=\"async\" data-src=\"https:\/\/sde.gob.ar\/wp-content\/uploads\/2026\/09\/WhatsApp-Image-2026-09-02-at-13.47.34-1024x682.jpeg\" data-srcset=\"https:\/\/sde.gob.ar\/wp-content\/uploads\/2026\/09\/WhatsApp-Image-2026-09-02-at-13.47.34-1024x682.jpeg 1024w, https:\/\/sde.gob.ar\/wp-content\/uploads\/2026\/09\/WhatsApp-Image-2026-09-02-at-13.47.34-300x200.jpeg 300w, https:\/\/sde.gob.ar\/wp-content\/uploads\/2026\/09\/WhatsApp-Image-2026-09-02-at-13.47.34-768x512.jpeg 768w, https:\/\/sde.gob.ar\/wp-content\/uploads\/2026\/09\/WhatsApp-Image-2026-09-02-at-13.47.34.jpeg 1280w\" class=\"wp-image-57855 lazyload\" src=\"data:image\/gif;base64,R0lGODlhAQABAIAAAAAAAP\/\/\/yH5BAEAAAAALAAAAAABAAEAAAIBRAA7\" sizes=\"(max-width: 1024px) 100vw, 1024px\"  alt=\"\" width=\"1024\" height=\"682\" \/><noscript><img decoding=\"async\" class=\"wp-image-57855\" src=\"https:\/\/sde.gob.ar\/wp-content\/uploads\/2026\/09\/WhatsApp-Image-2026-09-02-at-13.47.34-1024x682.jpeg\" sizes=\"(max-width: 1024px) 100vw, 1024px\" srcset=\"https:\/\/sde.gob.ar\/wp-content\/uploads\/2026\/09\/WhatsApp-Image-2026-09-02-at-13.47.34-1024x682.jpeg 1024w, https:\/\/sde.gob.ar\/wp-content\/uploads\/2026\/09\/WhatsApp-Image-2026-09-02-at-13.47.34-300x200.jpeg 300w, https:\/\/sde.gob.ar\/wp-content\/uploads\/2026\/09\/WhatsApp-Image-2026-09-02-at-13.47.34-768x512.jpeg 768w, https:\/\/sde.gob.ar\/wp-content\/uploads\/2026\/09\/WhatsApp-Image-2026-09-02-at-13.47.34.jpeg 1280w\" alt=\"\" width=\"1024\" height=\"682\"><\/noscript><\/figure>\n<p>En este edici\u00f3n fueron presentados m\u00e1s de 250 trabajos de indagaci\u00f3n escolar, con el acompa\u00f1amiento de m\u00e1s de 130 profesores y referentes pedag\u00f3gicos a los m\u00e1s de 800 estudiantes que participan. Los proyectos se desarrollan bajo la innovadora modalidad con enfoque<strong>\u00a0STEAM (Ciencia, Tecnolog\u00eda, Ingenier\u00eda, Arte y Matem\u00e1ticas<\/strong>), promoviendo una educaci\u00f3n integral y transversal para resolver problem\u00e1ticas reales del entorno.<br \/>\nEn su mensaje de apertura, el gobernador valor\u00f3 el rol de las nuevas generaciones al se\u00f1alar: \u201c<strong>Yo vengo hoy a aprender de los m\u00e1s chicos, de los m\u00e1s j\u00f3venes, porque ellos son nuestro presente y en ellos est\u00e1 puesta nuestras esperanzas de futuro\u201d.<\/strong><\/p>\n<figure class=\"wp-block-image size-large\"><img decoding=\"async\" data-src=\"https:\/\/sde.gob.ar\/wp-content\/uploads\/2026\/09\/WhatsApp-Image-2026-09-02-at-13.47.34-1-1024x682.jpeg\" data-srcset=\"https:\/\/sde.gob.ar\/wp-content\/uploads\/2026\/09\/WhatsApp-Image-2026-09-02-at-13.47.34-1-1024x682.jpeg 1024w, https:\/\/sde.gob.ar\/wp-content\/uploads\/2026\/09\/WhatsApp-Image-2026-09-02-at-13.47.34-1-300x200.jpeg 300w, https:\/\/sde.gob.ar\/wp-content\/uploads\/2026\/09\/WhatsApp-Image-2026-09-02-at-13.47.34-1-768x512.jpeg 768w, https:\/\/sde.gob.ar\/wp-content\/uploads\/2026\/09\/WhatsApp-Image-2026-09-02-at-13.47.34-1-1536x1023.jpeg 1536w, https:\/\/sde.gob.ar\/wp-content\/uploads\/2026\/09\/WhatsApp-Image-2026-09-02-at-13.47.34-1.jpeg 1600w\" class=\"wp-image-57856 lazyload\" src=\"data:image\/gif;base64,R0lGODlhAQABAIAAAAAAAP\/\/\/yH5BAEAAAAALAAAAAABAAEAAAIBRAA7\" sizes=\"(max-width: 1024px) 100vw, 1024px\"  alt=\"\" width=\"1024\" height=\"682\" \/><noscript><img decoding=\"async\" class=\"wp-image-57856\" src=\"https:\/\/sde.gob.ar\/wp-content\/uploads\/2026\/09\/WhatsApp-Image-2026-09-02-at-13.47.34-1-1024x682.jpeg\" sizes=\"(max-width: 1024px) 100vw, 1024px\" srcset=\"https:\/\/sde.gob.ar\/wp-content\/uploads\/2026\/09\/WhatsApp-Image-2026-09-02-at-13.47.34-1-1024x682.jpeg 1024w, https:\/\/sde.gob.ar\/wp-content\/uploads\/2026\/09\/WhatsApp-Image-2026-09-02-at-13.47.34-1-300x200.jpeg 300w, https:\/\/sde.gob.ar\/wp-content\/uploads\/2026\/09\/WhatsApp-Image-2026-09-02-at-13.47.34-1-768x512.jpeg 768w, https:\/\/sde.gob.ar\/wp-content\/uploads\/2026\/09\/WhatsApp-Image-2026-09-02-at-13.47.34-1-1536x1023.jpeg 1536w, https:\/\/sde.gob.ar\/wp-content\/uploads\/2026\/09\/WhatsApp-Image-2026-09-02-at-13.47.34-1.jpeg 1600w\" alt=\"\" width=\"1024\" height=\"682\"><\/noscript><\/figure>\n<p>Asimismo, ratific\u00f3 el rumbo de la gesti\u00f3n en materia educativa.\u00a0<strong>\u201cSantiago del Estero tiene un rol fundamental en nuestra historia y en nuestro futuro como pa\u00eds. Por eso pensamos que la educaci\u00f3n debe ser la base del crecimiento y el desarrollo de nuestra provincia\u201d<\/strong>, remarc\u00f3.<br \/>\nDestac\u00f3 tambi\u00e9n el acompa\u00f1amiento docente y la vocaci\u00f3n de los ni\u00f1os y j\u00f3venes. \u201c<strong>Ellos son el objetivo de esta muestra, porque bien lo dicen ellos: \u2018todos los d\u00edas venimos a aprender y estudia<\/strong>r\u2019. Hoy es un ejemplo de ello\u201d.<\/p>\n<figure class=\"wp-block-image size-large\"><img decoding=\"async\" data-src=\"https:\/\/sde.gob.ar\/wp-content\/uploads\/2026\/09\/WhatsApp-Image-2026-09-02-at-13.47.34-2-1024x682.jpeg\" data-srcset=\"https:\/\/sde.gob.ar\/wp-content\/uploads\/2026\/09\/WhatsApp-Image-2026-09-02-at-13.47.34-2-1024x682.jpeg 1024w, https:\/\/sde.gob.ar\/wp-content\/uploads\/2026\/09\/WhatsApp-Image-2026-09-02-at-13.47.34-2-300x200.jpeg 300w, https:\/\/sde.gob.ar\/wp-content\/uploads\/2026\/09\/WhatsApp-Image-2026-09-02-at-13.47.34-2-768x512.jpeg 768w, https:\/\/sde.gob.ar\/wp-content\/uploads\/2026\/09\/WhatsApp-Image-2026-09-02-at-13.47.34-2-1536x1023.jpeg 1536w, https:\/\/sde.gob.ar\/wp-content\/uploads\/2026\/09\/WhatsApp-Image-2026-09-02-at-13.47.34-2.jpeg 1600w\" class=\"wp-image-57857 lazyload\" src=\"data:image\/gif;base64,R0lGODlhAQABAIAAAAAAAP\/\/\/yH5BAEAAAAALAAAAAABAAEAAAIBRAA7\" sizes=\"(max-width: 1024px) 100vw, 1024px\"  alt=\"\" width=\"1024\" height=\"682\" \/><noscript><img decoding=\"async\" class=\"wp-image-57857\" src=\"https:\/\/sde.gob.ar\/wp-content\/uploads\/2026\/09\/WhatsApp-Image-2026-09-02-at-13.47.34-2-1024x682.jpeg\" sizes=\"(max-width: 1024px) 100vw, 1024px\" srcset=\"https:\/\/sde.gob.ar\/wp-content\/uploads\/2026\/09\/WhatsApp-Image-2026-09-02-at-13.47.34-2-1024x682.jpeg 1024w, https:\/\/sde.gob.ar\/wp-content\/uploads\/2026\/09\/WhatsApp-Image-2026-09-02-at-13.47.34-2-300x200.jpeg 300w, https:\/\/sde.gob.ar\/wp-content\/uploads\/2026\/09\/WhatsApp-Image-2026-09-02-at-13.47.34-2-768x512.jpeg 768w, https:\/\/sde.gob.ar\/wp-content\/uploads\/2026\/09\/WhatsApp-Image-2026-09-02-at-13.47.34-2-1536x1023.jpeg 1536w, https:\/\/sde.gob.ar\/wp-content\/uploads\/2026\/09\/WhatsApp-Image-2026-09-02-at-13.47.34-2.jpeg 1600w\" alt=\"\" width=\"1024\" height=\"682\"><\/noscript><\/figure>\n<p>Tambi\u00e9n destac\u00f3 el trabajo articulado de todo el sistema educativo, que pudo apreciar en un recorrido por los stands. \u201cLos m\u00e1s chiquitos nos dec\u00edan que vienen a compartir, que no vienen a competir, sino a aprender lo que en las escuelas podemos transmitirles; y ese es un esfuerzo colectivo de todo el sistema educativo\u201d, expres\u00f3.<\/p>\n<figure class=\"wp-block-image size-large\"><img decoding=\"async\" data-src=\"https:\/\/sde.gob.ar\/wp-content\/uploads\/2026\/09\/WhatsApp-Image-2026-09-02-at-13.47.34-3-1024x682.jpeg\" data-srcset=\"https:\/\/sde.gob.ar\/wp-content\/uploads\/2026\/09\/WhatsApp-Image-2026-09-02-at-13.47.34-3-1024x682.jpeg 1024w, https:\/\/sde.gob.ar\/wp-content\/uploads\/2026\/09\/WhatsApp-Image-2026-09-02-at-13.47.34-3-300x200.jpeg 300w, https:\/\/sde.gob.ar\/wp-content\/uploads\/2026\/09\/WhatsApp-Image-2026-09-02-at-13.47.34-3-768x512.jpeg 768w, https:\/\/sde.gob.ar\/wp-content\/uploads\/2026\/09\/WhatsApp-Image-2026-09-02-at-13.47.34-3-1536x1023.jpeg 1536w, https:\/\/sde.gob.ar\/wp-content\/uploads\/2026\/09\/WhatsApp-Image-2026-09-02-at-13.47.34-3.jpeg 1600w\" class=\"wp-image-57858 lazyload\" src=\"data:image\/gif;base64,R0lGODlhAQABAIAAAAAAAP\/\/\/yH5BAEAAAAALAAAAAABAAEAAAIBRAA7\" sizes=\"(max-width: 1024px) 100vw, 1024px\"  alt=\"\" width=\"1024\" height=\"682\" \/><noscript><img decoding=\"async\" class=\"wp-image-57858\" src=\"https:\/\/sde.gob.ar\/wp-content\/uploads\/2026\/09\/WhatsApp-Image-2026-09-02-at-13.47.34-3-1024x682.jpeg\" sizes=\"(max-width: 1024px) 100vw, 1024px\" srcset=\"https:\/\/sde.gob.ar\/wp-content\/uploads\/2026\/09\/WhatsApp-Image-2026-09-02-at-13.47.34-3-1024x682.jpeg 1024w, https:\/\/sde.gob.ar\/wp-content\/uploads\/2026\/09\/WhatsApp-Image-2026-09-02-at-13.47.34-3-300x200.jpeg 300w, https:\/\/sde.gob.ar\/wp-content\/uploads\/2026\/09\/WhatsApp-Image-2026-09-02-at-13.47.34-3-768x512.jpeg 768w, https:\/\/sde.gob.ar\/wp-content\/uploads\/2026\/09\/WhatsApp-Image-2026-09-02-at-13.47.34-3-1536x1023.jpeg 1536w, https:\/\/sde.gob.ar\/wp-content\/uploads\/2026\/09\/WhatsApp-Image-2026-09-02-at-13.47.34-3.jpeg 1600w\" alt=\"\" width=\"1024\" height=\"682\"><\/noscript><\/figure>\n<p>En este sentido, asumi\u00f3 el compromiso de \u201c<strong>seguir trabajando con el mismo esfuerzo de los \u00faltimos 20 a\u00f1os, generando mejor infraestructura, equipamiento, conectividad, pensando en que el docente debe ser protagonista de la ense\u00f1anza de nuestros j\u00f3venes y nuestros ni\u00f1os\u201d.<\/strong><br \/>\nPor tal motivo celebr\u00f3 los testimonios de profesores del interior que hoy cumplen el sue\u00f1o de ense\u00f1ar en sus propias comunidades. Record\u00f3 adem\u00e1s que los cargos directivos en los establecimientos escolares se sustentan en concursos que garantizan igualdad de oportunidades para todos.<\/p>\n<figure class=\"wp-block-image size-large\"><img decoding=\"async\" data-src=\"https:\/\/sde.gob.ar\/wp-content\/uploads\/2026\/09\/WhatsApp-Image-2026-09-02-at-13.47.34-4-1024x682.jpeg\" data-srcset=\"https:\/\/sde.gob.ar\/wp-content\/uploads\/2026\/09\/WhatsApp-Image-2026-09-02-at-13.47.34-4-1024x682.jpeg 1024w, https:\/\/sde.gob.ar\/wp-content\/uploads\/2026\/09\/WhatsApp-Image-2026-09-02-at-13.47.34-4-300x200.jpeg 300w, https:\/\/sde.gob.ar\/wp-content\/uploads\/2026\/09\/WhatsApp-Image-2026-09-02-at-13.47.34-4-768x512.jpeg 768w, https:\/\/sde.gob.ar\/wp-content\/uploads\/2026\/09\/WhatsApp-Image-2026-09-02-at-13.47.34-4-1536x1023.jpeg 1536w, https:\/\/sde.gob.ar\/wp-content\/uploads\/2026\/09\/WhatsApp-Image-2026-09-02-at-13.47.34-4.jpeg 1600w\" class=\"wp-image-57859 lazyload\" src=\"data:image\/gif;base64,R0lGODlhAQABAIAAAAAAAP\/\/\/yH5BAEAAAAALAAAAAABAAEAAAIBRAA7\" sizes=\"(max-width: 1024px) 100vw, 1024px\"  alt=\"\" width=\"1024\" height=\"682\" \/><noscript><img decoding=\"async\" class=\"wp-image-57859\" src=\"https:\/\/sde.gob.ar\/wp-content\/uploads\/2026\/09\/WhatsApp-Image-2026-09-02-at-13.47.34-4-1024x682.jpeg\" sizes=\"(max-width: 1024px) 100vw, 1024px\" srcset=\"https:\/\/sde.gob.ar\/wp-content\/uploads\/2026\/09\/WhatsApp-Image-2026-09-02-at-13.47.34-4-1024x682.jpeg 1024w, https:\/\/sde.gob.ar\/wp-content\/uploads\/2026\/09\/WhatsApp-Image-2026-09-02-at-13.47.34-4-300x200.jpeg 300w, https:\/\/sde.gob.ar\/wp-content\/uploads\/2026\/09\/WhatsApp-Image-2026-09-02-at-13.47.34-4-768x512.jpeg 768w, https:\/\/sde.gob.ar\/wp-content\/uploads\/2026\/09\/WhatsApp-Image-2026-09-02-at-13.47.34-4-1536x1023.jpeg 1536w, https:\/\/sde.gob.ar\/wp-content\/uploads\/2026\/09\/WhatsApp-Image-2026-09-02-at-13.47.34-4.jpeg 1600w\" alt=\"\" width=\"1024\" height=\"682\"><\/noscript><\/figure>\n<p>Agreg\u00f3: \u201c<strong>Es imposible lograr una educaci\u00f3n de calidad sin el compromiso de la familia, de los docentes, de los \u00e1mbitos educativos, del Estado y, por supuesto, de la vocaci\u00f3n de nuestros j\u00f3venes. De otra forma no es posible encontrar ese camino que nos va a llevar a un verdadero crecimiento y desarrollo\u201d.<\/strong><\/p>\n<p>Tras el acto formal, las autoridades recorrieron los diferentes stands y compartieron las presentaciones de los proyectos elaborados por estudiantes de distintos niveles educativos, reflejando el esfuerzo pedag\u00f3gico, la creatividad y el talento de la juventud santiague\u00f1a.<\/p>\n<\/div>\n<\/div>\n<\/article>\n<\/div>\n<p><\/main><\/div>\n<\/div>\n<\/div>\n<footer id=\"colophon\" class=\"site-footer\" role=\"contentinfo\">\n<div class=\"site-footer-wrap\">\n<div class=\"site-top-footer-wrap site-footer-row-container site-footer-focus-item site-footer-row-layout-standard site-footer-row-tablet-layout-default site-footer-row-mobile-layout-default\" data-section=\"kadence_customizer_footer_top\">\n<div class=\"site-footer-row-container-inner\">\n<div class=\"site-container\">\n<div class=\"site-top-footer-inner-wrap site-footer-row site-footer-row-columns-3 site-footer-row-column-layout-equal site-footer-row-tablet-column-layout-default site-footer-row-mobile-column-layout-row ft-ro-dir-row ft-ro-collapse-normal ft-ro-t-dir-default ft-ro-m-dir-default ft-ro-lstyle-plain\">\n<div class=\"site-footer-top-section-1 site-footer-section footer-section-inner-items-1\">\n<div class=\"footer-widget-area widget-area site-footer-focus-item footer-widget1 content-align-default content-tablet-align-default content-mobile-align-default content-valign-default content-tablet-valign-default content-mobile-valign-default\" data-section=\"sidebar-widgets-footer1\">\n<div class=\"footer-widget-area-inner site-info-inner\"><\/div>\n<\/div>\n<\/div>\n<\/div>\n<\/div>\n<\/div>\n<\/div>\n<\/div>\n<\/footer>\n","protected":false},"excerpt":{"rendered":"<p>Con la presencia de cientos de alumnos y docentes de toda la provincia, el gobernador\u00a0El\u00edas Su\u00e1rez\u00a0particip\u00f3 este mi\u00e9rcoles la apertura oficial de la\u00a0XXIII Feria Provincial de Ciencia y Tecnolog\u00eda, que se desarroll\u00f3 en las instalaciones del\u00a0Nodo Tecnol\u00f3gico. El mandatario estuvo acompa\u00f1ado por el vicegobernador\u00a0Carlos Silva Neder; el jefe de Gabinete,\u00a0V\u00edctor Araujo; la ministra de Educaci\u00f3n,\u00a0Mariela Nassif;\u00a0la presidenta del Consejo de Educaci\u00f3n,\u00a0Mar\u00eda Elena Herrera; el subsecretario de Educaci\u00f3n,\u00a0Alejandro P\u00edccoli, y el secretario de Ciencia y Tecnolog\u00eda,\u00a0Adri\u00e1n Su\u00e1rez. Tambi\u00e9n fueron parte de la ceremonia otros miembros del gabinete provincial y autoridades de&hellip;<\/p>\n","protected":false},"author":1,"featured_media":25874,"comment_status":"closed","ping_status":"closed","sticky":false,"template":"","format":"standard","meta":{"footnotes":""},"categories":[9],"tags":[],"class_list":["post-25873","post","type-post","status-publish","format-standard","has-post-thumbnail","hentry","category-noticias"],"rttpg_featured_image_url":{"full":["https:\/\/livingmultimediosde.net.ar\/INDEX\/wp-content\/uploads\/2026\/09\/WhatsApp-Image-2026-09-02-at-13.47.33-1-768x432-1.jpeg",768,432,false],"landscape":["https:\/\/livingmultimediosde.net.ar\/INDEX\/wp-content\/uploads\/2026\/09\/WhatsApp-Image-2026-09-02-at-13.47.33-1-768x432-1.jpeg",768,432,false],"portraits":["https:\/\/livingmultimediosde.net.ar\/INDEX\/wp-content\/uploads\/2026\/09\/WhatsApp-Image-2026-09-02-at-13.47.33-1-768x432-1.jpeg",768,432,false],"thumbnail":["https:\/\/livingmultimediosde.net.ar\/INDEX\/wp-content\/uploads\/2026\/09\/WhatsApp-Image-2026-09-02-at-13.47.33-1-768x432-1-150x150.jpeg",150,150,true],"medium":["https:\/\/livingmultimediosde.net.ar\/INDEX\/wp-content\/uploads\/2026\/09\/WhatsApp-Image-2026-09-02-at-13.47.33-1-768x432-1-300x169.jpeg",300,169,true],"large":["https:\/\/livingmultimediosde.net.ar\/INDEX\/wp-content\/uploads\/2026\/09\/WhatsApp-Image-2026-09-02-at-13.47.33-1-768x432-1.jpeg",640,360,false],"1536x1536":["https:\/\/livingmultimediosde.net.ar\/INDEX\/wp-content\/uploads\/2026\/09\/WhatsApp-Image-2026-09-02-at-13.47.33-1-768x432-1.jpeg",768,432,false],"2048x2048":["https:\/\/livingmultimediosde.net.ar\/INDEX\/wp-content\/uploads\/2026\/09\/WhatsApp-Image-2026-09-02-at-13.47.33-1-768x432-1.jpeg",768,432,false],"post-thumbnail":["https:\/\/livingmultimediosde.net.ar\/INDEX\/wp-content\/uploads\/2026\/09\/WhatsApp-Image-2026-09-02-at-13.47.33-1-768x432-1-240x172.jpeg",240,172,true]},"rttpg_author":{"display_name":"rober","author_link":"https:\/\/livingmultimediosde.net.ar\/INDEX\/author\/rober\/"},"rttpg_comment":0,"rttpg_category":"<a href=\"https:\/\/livingmultimediosde.net.ar\/INDEX\/category\/noticias\/\" rel=\"category tag\">NOTICIAS<\/a>","rttpg_excerpt":"Con la presencia de cientos de alumnos y docentes de toda la provincia, el gobernador\u00a0El\u00edas Su\u00e1rez\u00a0particip\u00f3 este mi\u00e9rcoles la apertura oficial de la\u00a0XXIII Feria Provincial de Ciencia y Tecnolog\u00eda, que se desarroll\u00f3 en las instalaciones del\u00a0Nodo Tecnol\u00f3gico. El mandatario estuvo acompa\u00f1ado por el vicegobernador\u00a0Carlos Silva Neder; el jefe de Gabinete,\u00a0V\u00edctor Araujo; la ministra de Educaci\u00f3n,\u00a0Mariela&hellip;","_links":{"self":[{"href":"https:\/\/livingmultimediosde.net.ar\/INDEX\/wp-json\/wp\/v2\/posts\/25873","targetHints":{"allow":["GET"]}}],"collection":[{"href":"https:\/\/livingmultimediosde.net.ar\/INDEX\/wp-json\/wp\/v2\/posts"}],"about":[{"href":"https:\/\/livingmultimediosde.net.ar\/INDEX\/wp-json\/wp\/v2\/types\/post"}],"author":[{"embeddable":true,"href":"https:\/\/livingmultimediosde.net.ar\/INDEX\/wp-json\/wp\/v2\/users\/1"}],"replies":[{"embeddable":true,"href":"https:\/\/livingmultimediosde.net.ar\/INDEX\/wp-json\/wp\/v2\/comments?post=25873"}],"version-history":[{"count":1,"href":"https:\/\/livingmultimediosde.net.ar\/INDEX\/wp-json\/wp\/v2\/posts\/25873\/revisions"}],"predecessor-version":[{"id":25875,"href":"https:\/\/livingmultimediosde.net.ar\/INDEX\/wp-json\/wp\/v2\/posts\/25873\/revisions\/25875"}],"wp:featuredmedia":[{"embeddable":true,"href":"https:\/\/livingmultimediosde.net.ar\/INDEX\/wp-json\/wp\/v2\/media\/25874"}],"wp:attachment":[{"href":"https:\/\/livingmultimediosde.net.ar\/INDEX\/wp-json\/wp\/v2\/media?parent=25873"}],"wp:term":[{"taxonomy":"category","embeddable":true,"href":"https:\/\/livingmultimediosde.net.ar\/INDEX\/wp-json\/wp\/v2\/categories?post=25873"},{"taxonomy":"post_tag","embeddable":true,"href":"https:\/\/livingmultimediosde.net.ar\/INDEX\/wp-json\/wp\/v2\/tags?post=25873"}],"curies":[{"name":"wp","href":"https:\/\/api.w.org\/{rel}","templated":true}]}}