{"id":25869,"date":"2026-09-02T19:24:42","date_gmt":"2026-09-02T19:24:42","guid":{"rendered":"https:\/\/livingmultimediosde.net.ar\/INDEX\/?p=25869"},"modified":"2026-09-02T19:24:42","modified_gmt":"2026-09-02T19:24:42","slug":"la-provincia-y-el-colegio-de-psicopedagogos-buscan-fortalecer-el-acompanamiento-a-las-escuelas","status":"publish","type":"post","link":"https:\/\/livingmultimediosde.net.ar\/INDEX\/2026\/09\/la-provincia-y-el-colegio-de-psicopedagogos-buscan-fortalecer-el-acompanamiento-a-las-escuelas\/","title":{"rendered":"La Provincia y el Colegio de Psicopedagogos buscan fortalecer el acompa\u00f1amiento a las escuelas"},"content":{"rendered":"<div id=\"inner-wrap\" class=\"wrap hfeed kt-clear\">\n<div id=\"primary\" class=\"content-area\">\n<div class=\"content-container site-container\"><main id=\"main\" class=\"site-main\" role=\"main\"><\/p>\n<div class=\"content-wrap\">\n<article id=\"post-57848\" class=\"entry content-bg single-entry post-57848 post type-post status-publish format-standard has-post-thumbnail hentry category-educacion category-institucional category-portada tag-colegio-de-psicopedagogos-de-santiago-del-estero tag-consejo-economico-y-social tag-jefatura-de-gabinete tag-ministerio-de-educacion tag-santiago-del-estero\">\n<div class=\"entry-content-wrap\">\n<div class=\"entry-content single-content\">\n<p>El\u00a0<strong>Gobierno de la provincia<\/strong>, a trav\u00e9s del\u00a0<strong>Ministerio de Educaci\u00f3n, Ciencia y Tecnolog\u00eda<\/strong>, firm\u00f3 este mi\u00e9rcoles un\u00a0<strong>protocolo espec\u00edfico de asistencia t\u00e9cnica especializada<\/strong>\u00a0con el\u00a0<strong>Consejo Econ\u00f3mico Social<\/strong>\u00a0y el\u00a0<strong>Colegio Profesional de Psicopedagogos de Santiago del Estero<\/strong>.<\/p>\n<p>El acuerdo permitir\u00e1 implementar un dispositivo psicopedag\u00f3gico de car\u00e1cter institucional y territorial para identificar y disminuir barreras para el aprendizaje, fortalecer las capacidades de docentes y equipos directivos y acompa\u00f1ar las trayectorias educativas.<\/p>\n<figure class=\"wp-block-image size-large\"><img decoding=\"async\" data-src=\"https:\/\/sde.gob.ar\/wp-content\/uploads\/2026\/09\/WhatsApp-Image-2026-09-02-at-12.40.06-PM-1024x683.jpeg\" data-srcset=\"https:\/\/sde.gob.ar\/wp-content\/uploads\/2026\/09\/WhatsApp-Image-2026-09-02-at-12.40.06-PM-1024x683.jpeg 1024w, https:\/\/sde.gob.ar\/wp-content\/uploads\/2026\/09\/WhatsApp-Image-2026-09-02-at-12.40.06-PM-300x200.jpeg 300w, https:\/\/sde.gob.ar\/wp-content\/uploads\/2026\/09\/WhatsApp-Image-2026-09-02-at-12.40.06-PM-768x512.jpeg 768w, https:\/\/sde.gob.ar\/wp-content\/uploads\/2026\/09\/WhatsApp-Image-2026-09-02-at-12.40.06-PM.jpeg 1483w\" class=\"wp-image-57850 lazyload\" src=\"data:image\/gif;base64,R0lGODlhAQABAIAAAAAAAP\/\/\/yH5BAEAAAAALAAAAAABAAEAAAIBRAA7\" sizes=\"(max-width: 1024px) 100vw, 1024px\"  alt=\"\" width=\"1024\" height=\"683\" \/><noscript><img decoding=\"async\" class=\"wp-image-57850\" src=\"https:\/\/sde.gob.ar\/wp-content\/uploads\/2026\/09\/WhatsApp-Image-2026-09-02-at-12.40.06-PM-1024x683.jpeg\" sizes=\"(max-width: 1024px) 100vw, 1024px\" srcset=\"https:\/\/sde.gob.ar\/wp-content\/uploads\/2026\/09\/WhatsApp-Image-2026-09-02-at-12.40.06-PM-1024x683.jpeg 1024w, https:\/\/sde.gob.ar\/wp-content\/uploads\/2026\/09\/WhatsApp-Image-2026-09-02-at-12.40.06-PM-300x200.jpeg 300w, https:\/\/sde.gob.ar\/wp-content\/uploads\/2026\/09\/WhatsApp-Image-2026-09-02-at-12.40.06-PM-768x512.jpeg 768w, https:\/\/sde.gob.ar\/wp-content\/uploads\/2026\/09\/WhatsApp-Image-2026-09-02-at-12.40.06-PM.jpeg 1483w\" alt=\"\" width=\"1024\" height=\"683\"><\/noscript><\/figure>\n<p>La iniciativa se enmarca en el<strong>\u00a0Convenio Marco de Cooperaci\u00f3n y Fortalecimiento de Capacidades T\u00e9cnicas para la Gesti\u00f3n P\u00fablica<\/strong>, firmado el pasado 6 de julio, mediante el cual se busca articular el conocimiento especializado de los distintos colegios y consejos profesionales con las pol\u00edticas p\u00fablicas provinciales<\/p>\n<p>El acto se desarroll\u00f3 en la sede de la cartera educativa y fue suscripto por el\u00a0<strong>jefe de Gabinete, V\u00edctor Araujo<\/strong>; la\u00a0<strong>ministra de Educaci\u00f3n, Mariela Nassif<\/strong>; el\u00a0<strong>secretario del Consejo Econ\u00f3mico Social, Miguel Mandrille<\/strong>, y el\u00a0<strong>presidente del Colegio Profesional de Psicopedagogos de Santiago del Estero, Gustavo Ledesma Vallejo<\/strong>.<\/p>\n<p>Las acciones estar\u00e1n destinadas a instituciones educativas de gesti\u00f3n estatal de los niveles Primario y Secundario, que ser\u00e1n seleccionadas por la autoridad educativa provincial de acuerdo con criterios de prioridad, matr\u00edcula, complejidad institucional y localizaci\u00f3n territorial, entre otras variables. Asimismo, se contempla la detecci\u00f3n temprana de dificultades vinculadas con la alfabetizaci\u00f3n, lectura, escritura y razonamiento matem\u00e1tico, promoviendo respuestas educativas oportunas y evitando mecanismos de etiquetamiento o derivaciones autom\u00e1ticas.<\/p>\n<figure class=\"wp-block-image size-large\"><img decoding=\"async\" data-src=\"https:\/\/sde.gob.ar\/wp-content\/uploads\/2026\/09\/WhatsApp-Image-2026-09-02-at-12.40.10-PM-1024x682.jpeg\" data-srcset=\"https:\/\/sde.gob.ar\/wp-content\/uploads\/2026\/09\/WhatsApp-Image-2026-09-02-at-12.40.10-PM-1024x682.jpeg 1024w, https:\/\/sde.gob.ar\/wp-content\/uploads\/2026\/09\/WhatsApp-Image-2026-09-02-at-12.40.10-PM-300x200.jpeg 300w, https:\/\/sde.gob.ar\/wp-content\/uploads\/2026\/09\/WhatsApp-Image-2026-09-02-at-12.40.10-PM-768x512.jpeg 768w, https:\/\/sde.gob.ar\/wp-content\/uploads\/2026\/09\/WhatsApp-Image-2026-09-02-at-12.40.10-PM-1536x1023.jpeg 1536w, https:\/\/sde.gob.ar\/wp-content\/uploads\/2026\/09\/WhatsApp-Image-2026-09-02-at-12.40.10-PM.jpeg 1600w\" class=\"wp-image-57851 lazyload\" src=\"data:image\/gif;base64,R0lGODlhAQABAIAAAAAAAP\/\/\/yH5BAEAAAAALAAAAAABAAEAAAIBRAA7\" sizes=\"(max-width: 1024px) 100vw, 1024px\"  alt=\"\" width=\"1024\" height=\"682\" \/><noscript><img decoding=\"async\" class=\"wp-image-57851\" src=\"https:\/\/sde.gob.ar\/wp-content\/uploads\/2026\/09\/WhatsApp-Image-2026-09-02-at-12.40.10-PM-1024x682.jpeg\" sizes=\"(max-width: 1024px) 100vw, 1024px\" srcset=\"https:\/\/sde.gob.ar\/wp-content\/uploads\/2026\/09\/WhatsApp-Image-2026-09-02-at-12.40.10-PM-1024x682.jpeg 1024w, https:\/\/sde.gob.ar\/wp-content\/uploads\/2026\/09\/WhatsApp-Image-2026-09-02-at-12.40.10-PM-300x200.jpeg 300w, https:\/\/sde.gob.ar\/wp-content\/uploads\/2026\/09\/WhatsApp-Image-2026-09-02-at-12.40.10-PM-768x512.jpeg 768w, https:\/\/sde.gob.ar\/wp-content\/uploads\/2026\/09\/WhatsApp-Image-2026-09-02-at-12.40.10-PM-1536x1023.jpeg 1536w, https:\/\/sde.gob.ar\/wp-content\/uploads\/2026\/09\/WhatsApp-Image-2026-09-02-at-12.40.10-PM.jpeg 1600w\" alt=\"\" width=\"1024\" height=\"682\"><\/noscript><\/figure>\n<p>\u201cPara nosotros \u2013dijo la ministra Nassif- es una enorme alegr\u00eda poder generar este v\u00ednculo de confianza y de trabajo para llegar a nuestras instituciones, empezar a visibilizar a veces problem\u00e1ticas que son trascendentales y obstaculizan muchas veces este proceso en los ni\u00f1os y en los j\u00f3venes\u201d.<\/p>\n<p>Por su parte, el jefe de Gabinete resalt\u00f3 que este convenio \u201cpermitir\u00e1 la formaci\u00f3n y el dise\u00f1o de un dispositivo psicopedag\u00f3gico para un trabajo institucional y territorial en los distintos establecimientos del nivel Primario y Secundario de la provincia, y que permita tambi\u00e9n generar capacitaciones en los docentes y fortalecer las capacidades t\u00e9cnicas\u201d.<\/p>\n<p>Tambi\u00e9n remarc\u00f3 el mandato del gobernador El\u00edas Su\u00e1rez para seguir trabajando en conjunto con las instituciones civiles que representan a distintos sectores de la sociedad con la premisa de promover el di\u00e1logo y la participaci\u00f3n activa para llevar adelante acciones en beneficio de todos los santiague\u00f1os.<\/p>\n<\/div>\n<\/div>\n<\/article>\n<\/div>\n<p><\/main><\/div>\n<\/div>\n<\/div>\n<footer id=\"colophon\" class=\"site-footer\" role=\"contentinfo\">\n<div class=\"site-footer-wrap\">\n<div class=\"site-top-footer-wrap site-footer-row-container site-footer-focus-item site-footer-row-layout-standard site-footer-row-tablet-layout-default site-footer-row-mobile-layout-default\" data-section=\"kadence_customizer_footer_top\">\n<div class=\"site-footer-row-container-inner\">\n<div class=\"site-container\">\n<div class=\"site-top-footer-inner-wrap site-footer-row site-footer-row-columns-3 site-footer-row-column-layout-equal site-footer-row-tablet-column-layout-default site-footer-row-mobile-column-layout-row ft-ro-dir-row ft-ro-collapse-normal ft-ro-t-dir-default ft-ro-m-dir-default ft-ro-lstyle-plain\">\n<div class=\"site-footer-top-section-1 site-footer-section footer-section-inner-items-1\">\n<div class=\"footer-widget-area widget-area site-footer-focus-item footer-widget1 content-align-default content-tablet-align-default content-mobile-align-default content-valign-default content-tablet-valign-default content-mobile-valign-default\" data-section=\"sidebar-widgets-footer1\">\n<div class=\"footer-widget-area-inner site-info-inner\"><\/div>\n<\/div>\n<\/div>\n<\/div>\n<\/div>\n<\/div>\n<\/div>\n<\/div>\n<\/footer>\n","protected":false},"excerpt":{"rendered":"<p>El\u00a0Gobierno de la provincia, a trav\u00e9s del\u00a0Ministerio de Educaci\u00f3n, Ciencia y Tecnolog\u00eda, firm\u00f3 este mi\u00e9rcoles un\u00a0protocolo espec\u00edfico de asistencia t\u00e9cnica especializada\u00a0con el\u00a0Consejo Econ\u00f3mico Social\u00a0y el\u00a0Colegio Profesional de Psicopedagogos de Santiago del Estero. El acuerdo permitir\u00e1 implementar un dispositivo psicopedag\u00f3gico de car\u00e1cter institucional y territorial para identificar y disminuir barreras para el aprendizaje, fortalecer las capacidades de docentes y equipos directivos y acompa\u00f1ar las trayectorias educativas. La iniciativa se enmarca en el\u00a0Convenio Marco de Cooperaci\u00f3n y Fortalecimiento de Capacidades T\u00e9cnicas para la Gesti\u00f3n P\u00fablica, firmado el pasado 6 de julio, mediante&hellip;<\/p>\n","protected":false},"author":1,"featured_media":25871,"comment_status":"closed","ping_status":"closed","sticky":false,"template":"","format":"standard","meta":{"footnotes":""},"categories":[9],"tags":[],"class_list":["post-25869","post","type-post","status-publish","format-standard","has-post-thumbnail","hentry","category-noticias"],"rttpg_featured_image_url":{"full":["https:\/\/livingmultimediosde.net.ar\/INDEX\/wp-content\/uploads\/2026\/09\/WhatsApp-Image-2026-09-02-at-12.40.03-PM-768x512-1.jpeg",768,512,false],"landscape":["https:\/\/livingmultimediosde.net.ar\/INDEX\/wp-content\/uploads\/2026\/09\/WhatsApp-Image-2026-09-02-at-12.40.03-PM-768x512-1.jpeg",768,512,false],"portraits":["https:\/\/livingmultimediosde.net.ar\/INDEX\/wp-content\/uploads\/2026\/09\/WhatsApp-Image-2026-09-02-at-12.40.03-PM-768x512-1.jpeg",768,512,false],"thumbnail":["https:\/\/livingmultimediosde.net.ar\/INDEX\/wp-content\/uploads\/2026\/09\/WhatsApp-Image-2026-09-02-at-12.40.03-PM-768x512-1-150x150.jpeg",150,150,true],"medium":["https:\/\/livingmultimediosde.net.ar\/INDEX\/wp-content\/uploads\/2026\/09\/WhatsApp-Image-2026-09-02-at-12.40.03-PM-768x512-1-300x200.jpeg",300,200,true],"large":["https:\/\/livingmultimediosde.net.ar\/INDEX\/wp-content\/uploads\/2026\/09\/WhatsApp-Image-2026-09-02-at-12.40.03-PM-768x512-1.jpeg",640,427,false],"1536x1536":["https:\/\/livingmultimediosde.net.ar\/INDEX\/wp-content\/uploads\/2026\/09\/WhatsApp-Image-2026-09-02-at-12.40.03-PM-768x512-1.jpeg",768,512,false],"2048x2048":["https:\/\/livingmultimediosde.net.ar\/INDEX\/wp-content\/uploads\/2026\/09\/WhatsApp-Image-2026-09-02-at-12.40.03-PM-768x512-1.jpeg",768,512,false],"post-thumbnail":["https:\/\/livingmultimediosde.net.ar\/INDEX\/wp-content\/uploads\/2026\/09\/WhatsApp-Image-2026-09-02-at-12.40.03-PM-768x512-1-240x172.jpeg",240,172,true]},"rttpg_author":{"display_name":"rober","author_link":"https:\/\/livingmultimediosde.net.ar\/INDEX\/author\/rober\/"},"rttpg_comment":0,"rttpg_category":"<a href=\"https:\/\/livingmultimediosde.net.ar\/INDEX\/category\/noticias\/\" rel=\"category tag\">NOTICIAS<\/a>","rttpg_excerpt":"El\u00a0Gobierno de la provincia, a trav\u00e9s del\u00a0Ministerio de Educaci\u00f3n, Ciencia y Tecnolog\u00eda, firm\u00f3 este mi\u00e9rcoles un\u00a0protocolo espec\u00edfico de asistencia t\u00e9cnica especializada\u00a0con el\u00a0Consejo Econ\u00f3mico Social\u00a0y el\u00a0Colegio Profesional de Psicopedagogos de Santiago del Estero. El acuerdo permitir\u00e1 implementar un dispositivo psicopedag\u00f3gico de car\u00e1cter institucional y territorial para identificar y disminuir barreras para el aprendizaje, fortalecer las capacidades&hellip;","_links":{"self":[{"href":"https:\/\/livingmultimediosde.net.ar\/INDEX\/wp-json\/wp\/v2\/posts\/25869","targetHints":{"allow":["GET"]}}],"collection":[{"href":"https:\/\/livingmultimediosde.net.ar\/INDEX\/wp-json\/wp\/v2\/posts"}],"about":[{"href":"https:\/\/livingmultimediosde.net.ar\/INDEX\/wp-json\/wp\/v2\/types\/post"}],"author":[{"embeddable":true,"href":"https:\/\/livingmultimediosde.net.ar\/INDEX\/wp-json\/wp\/v2\/users\/1"}],"replies":[{"embeddable":true,"href":"https:\/\/livingmultimediosde.net.ar\/INDEX\/wp-json\/wp\/v2\/comments?post=25869"}],"version-history":[{"count":1,"href":"https:\/\/livingmultimediosde.net.ar\/INDEX\/wp-json\/wp\/v2\/posts\/25869\/revisions"}],"predecessor-version":[{"id":25872,"href":"https:\/\/livingmultimediosde.net.ar\/INDEX\/wp-json\/wp\/v2\/posts\/25869\/revisions\/25872"}],"wp:featuredmedia":[{"embeddable":true,"href":"https:\/\/livingmultimediosde.net.ar\/INDEX\/wp-json\/wp\/v2\/media\/25871"}],"wp:attachment":[{"href":"https:\/\/livingmultimediosde.net.ar\/INDEX\/wp-json\/wp\/v2\/media?parent=25869"}],"wp:term":[{"taxonomy":"category","embeddable":true,"href":"https:\/\/livingmultimediosde.net.ar\/INDEX\/wp-json\/wp\/v2\/categories?post=25869"},{"taxonomy":"post_tag","embeddable":true,"href":"https:\/\/livingmultimediosde.net.ar\/INDEX\/wp-json\/wp\/v2\/tags?post=25869"}],"curies":[{"name":"wp","href":"https:\/\/api.w.org\/{rel}","templated":true}]}}