{"id":23503,"date":"2026-01-20T14:20:18","date_gmt":"2026-01-20T14:20:18","guid":{"rendered":"https:\/\/livingmultimediosde.net.ar\/INDEX\/?p=23503"},"modified":"2026-01-20T14:20:18","modified_gmt":"2026-01-20T14:20:18","slug":"este-miercoles-comienza-el-pago-de-los-planes-de-emergencia","status":"publish","type":"post","link":"https:\/\/livingmultimediosde.net.ar\/INDEX\/2026\/01\/este-miercoles-comienza-el-pago-de-los-planes-de-emergencia\/","title":{"rendered":"Este mi\u00e9rcoles comienza el pago de los Planes de Emergencia"},"content":{"rendered":"<p>El Gobierno de la Provincia informa el inicio del pago de los Planes de Emergencia, que se realizar\u00e1 de manera presencial a partir del mi\u00e9rcoles 21 en Capital, La Banda y el interior provincial.<\/p>\n<p>En Capital y La Banda, el cronograma de pago se organizar\u00e1 seg\u00fan la terminaci\u00f3n del DNI de las personas beneficiarias. El mi\u00e9rcoles 21 cobrar\u00e1n quienes tengan documentos finalizados en 0, 1, 2 y 3; el jueves 22, los terminados en 4, 5 y 6; y el viernes 23, los correspondientes a 7, 8 y 9.<\/p>\n<p>En tanto, en las sucursales del interior de la provincia, el pago se efectuar\u00e1 sin cronograma, pudiendo concurrir las y los beneficiarios desde el mi\u00e9rcoles 21.<\/p>\n<p>Desde el Gobierno provincial se recuerda asistir con DNI y respetar las indicaciones en cada punto de pago para garantizar una atenci\u00f3n ordenada y \u00e1gil.<\/p>\n","protected":false},"excerpt":{"rendered":"<p>El Gobierno de la Provincia informa el inicio del pago de los Planes de Emergencia, que se realizar\u00e1 de manera presencial a partir del mi\u00e9rcoles 21 en Capital, La Banda y el interior provincial. En Capital y La Banda, el cronograma de pago se organizar\u00e1 seg\u00fan la terminaci\u00f3n del DNI de las personas beneficiarias. El mi\u00e9rcoles 21 cobrar\u00e1n quienes tengan documentos finalizados en 0, 1, 2 y 3; el jueves 22, los terminados en 4, 5 y 6; y el viernes 23, los correspondientes a 7, 8 y 9. En&hellip;<\/p>\n","protected":false},"author":1,"featured_media":23504,"comment_status":"closed","ping_status":"closed","sticky":false,"template":"","format":"standard","meta":{"footnotes":""},"categories":[9],"tags":[],"class_list":["post-23503","post","type-post","status-publish","format-standard","has-post-thumbnail","hentry","category-noticias"],"rttpg_featured_image_url":{"full":["https:\/\/livingmultimediosde.net.ar\/INDEX\/wp-content\/uploads\/2026\/01\/cajero.jpg",1024,576,false],"landscape":["https:\/\/livingmultimediosde.net.ar\/INDEX\/wp-content\/uploads\/2026\/01\/cajero.jpg",1024,576,false],"portraits":["https:\/\/livingmultimediosde.net.ar\/INDEX\/wp-content\/uploads\/2026\/01\/cajero.jpg",1024,576,false],"thumbnail":["https:\/\/livingmultimediosde.net.ar\/INDEX\/wp-content\/uploads\/2026\/01\/cajero-150x150.jpg",150,150,true],"medium":["https:\/\/livingmultimediosde.net.ar\/INDEX\/wp-content\/uploads\/2026\/01\/cajero-300x169.jpg",300,169,true],"large":["https:\/\/livingmultimediosde.net.ar\/INDEX\/wp-content\/uploads\/2026\/01\/cajero.jpg",640,360,false],"1536x1536":["https:\/\/livingmultimediosde.net.ar\/INDEX\/wp-content\/uploads\/2026\/01\/cajero.jpg",1024,576,false],"2048x2048":["https:\/\/livingmultimediosde.net.ar\/INDEX\/wp-content\/uploads\/2026\/01\/cajero.jpg",1024,576,false],"post-thumbnail":["https:\/\/livingmultimediosde.net.ar\/INDEX\/wp-content\/uploads\/2026\/01\/cajero-240x172.jpg",240,172,true]},"rttpg_author":{"display_name":"rober","author_link":"https:\/\/livingmultimediosde.net.ar\/INDEX\/author\/rober\/"},"rttpg_comment":0,"rttpg_category":"<a href=\"https:\/\/livingmultimediosde.net.ar\/INDEX\/category\/noticias\/\" rel=\"category tag\">NOTICIAS<\/a>","rttpg_excerpt":"El Gobierno de la Provincia informa el inicio del pago de los Planes de Emergencia, que se realizar\u00e1 de manera presencial a partir del mi\u00e9rcoles 21 en Capital, La Banda y el interior provincial. En Capital y La Banda, el cronograma de pago se organizar\u00e1 seg\u00fan la terminaci\u00f3n del DNI de las personas beneficiarias. El&hellip;","_links":{"self":[{"href":"https:\/\/livingmultimediosde.net.ar\/INDEX\/wp-json\/wp\/v2\/posts\/23503","targetHints":{"allow":["GET"]}}],"collection":[{"href":"https:\/\/livingmultimediosde.net.ar\/INDEX\/wp-json\/wp\/v2\/posts"}],"about":[{"href":"https:\/\/livingmultimediosde.net.ar\/INDEX\/wp-json\/wp\/v2\/types\/post"}],"author":[{"embeddable":true,"href":"https:\/\/livingmultimediosde.net.ar\/INDEX\/wp-json\/wp\/v2\/users\/1"}],"replies":[{"embeddable":true,"href":"https:\/\/livingmultimediosde.net.ar\/INDEX\/wp-json\/wp\/v2\/comments?post=23503"}],"version-history":[{"count":1,"href":"https:\/\/livingmultimediosde.net.ar\/INDEX\/wp-json\/wp\/v2\/posts\/23503\/revisions"}],"predecessor-version":[{"id":23505,"href":"https:\/\/livingmultimediosde.net.ar\/INDEX\/wp-json\/wp\/v2\/posts\/23503\/revisions\/23505"}],"wp:featuredmedia":[{"embeddable":true,"href":"https:\/\/livingmultimediosde.net.ar\/INDEX\/wp-json\/wp\/v2\/media\/23504"}],"wp:attachment":[{"href":"https:\/\/livingmultimediosde.net.ar\/INDEX\/wp-json\/wp\/v2\/media?parent=23503"}],"wp:term":[{"taxonomy":"category","embeddable":true,"href":"https:\/\/livingmultimediosde.net.ar\/INDEX\/wp-json\/wp\/v2\/categories?post=23503"},{"taxonomy":"post_tag","embeddable":true,"href":"https:\/\/livingmultimediosde.net.ar\/INDEX\/wp-json\/wp\/v2\/tags?post=23503"}],"curies":[{"name":"wp","href":"https:\/\/api.w.org\/{rel}","templated":true}]}}