{"id":23254,"date":"2026-01-19T04:42:08","date_gmt":"2026-01-19T04:42:08","guid":{"rendered":"https:\/\/livingmultimediosde.net.ar\/INDEX\/?p=23254"},"modified":"2026-01-19T04:42:08","modified_gmt":"2026-01-19T04:42:08","slug":"vacaciones-por-que-los-ronquidos-empeoran-cuando-viajamos-y-como-evitarlos","status":"publish","type":"post","link":"https:\/\/livingmultimediosde.net.ar\/INDEX\/2026\/01\/vacaciones-por-que-los-ronquidos-empeoran-cuando-viajamos-y-como-evitarlos\/","title":{"rendered":"Vacaciones: por qu\u00e9 los ronquidos empeoran cuando viajamos y c\u00f3mo evitarlos"},"content":{"rendered":"<p>Viajar suele asociarse al descanso, pero para muchas personas las vacaciones vienen acompa\u00f1adas de noches fragmentadas, quejas de la pareja, cansancio acumulado y, en ese escenario, los ronquidos aparecen o se intensifican y dejan de ser una molestia menor para convertirse en un verdadero problema de convivencia y salud.<\/p>\n<p>\u201cLos viajes re\u00fanen varios factores que inflaman las v\u00edas respiratorias y favorecen el ronquido, incluso en personas que habitualmente no roncan\u201d, advierte la Dra. Ana Cofr\u00e9 (M.P. 8.815), m\u00e9dica especialista en Otorrinolaringolog\u00eda y directora del Centro Patag\u00f3nico de Otorrinolaringolog\u00eda, en un informe al que tuvo acceso la Agencia Noticias Argentinas.<\/p>\n<p>Al hablar acerca de qu\u00e9 es lo que cambia en el cuerpo cuando viajamos, uno de los principales detonantes es el vuelo, ya que, el aire seco de la cabina produce deshidrataci\u00f3n de la mucosa nasal y de la garganta, lo que aumenta la resistencia al paso del aire durante el sue\u00f1o.<\/p>\n<p>\u201cCuando la mucosa est\u00e1 seca o inflamada, el aire no circula de manera fluida y se genera la vibraci\u00f3n que produce el ronquido\u201d, explica Cofr\u00e9.<\/p>\n<p>A eso se le suman otros cambios frecuentes en vacaciones: cenas m\u00e1s tard\u00edas, mayor consumo de alcohol, horarios irregulares y menos horas de sue\u00f1o.<\/p>\n<p>\u201cEl alcohol relaja en exceso los m\u00fasculos de la garganta y favorece el colapso parcial de la v\u00eda a\u00e9rea durante la noche\u201d, se\u00f1ala la especialista.<\/p>\n<p>El jet lag tambi\u00e9n cumple un rol clave, ya que, alterar el ritmo circadiano no solo afecta el descanso, sino que modifica las fases del sue\u00f1o. \u201cDormir mal hace que pasemos m\u00e1s tiempo en etapas profundas, donde los ronquidos suelen ser m\u00e1s intensos\u201d, agrega Cofr\u00e9.<\/p>\n<p>Cuando el ronquido impacta en la pareja<br \/>\nDurante el a\u00f1o, muchas parejas logran amortiguar el problema con rutinas laborales distintas o descansos fragmentados. En vacaciones, ese \u201cruido de fondo\u201d se vuelve imposible de ignorar.<\/p>\n<p>\u201cEl ronquido no solo afecta a quien lo padece: genera irritabilidad, discusiones y un desgaste emocional importante en la pareja\u201d, explica la m\u00e9dica.<\/p>\n<p>Dormir mal de manera sostenida altera el estado de \u00e1nimo, la tolerancia y la concentraci\u00f3n. \u201cMuchas personas consultan despu\u00e9s del verano, cuando el problema qued\u00f3 expuesto por la convivencia continua\u201d, afirma Cofr\u00e9.<\/p>\n<p>Aunque suele naturalizarse, el ronquido persistente no debe minimizarse porque, en algunos casos, puede ser la manifestaci\u00f3n inicial de una apnea obstructiva del sue\u00f1o, un trastorno en el que la respiraci\u00f3n se interrumpe repetidamente durante la noche.<\/p>\n<p>\u201cCuando el ronquido se acompa\u00f1a de pausas respiratorias, somnolencia diurna, dolor de cabeza matinal o cansancio extremo, es fundamental evaluarlo\u201d, advierte Cofr\u00e9. La apnea del sue\u00f1o se asocia a mayor riesgo cardiovascular, hipertensi\u00f3n, problemas metab\u00f3licos y deterioro cognitivo.<\/p>\n<p>Qu\u00e9 hacer para reducir los ronquidos al viajar<br \/>\nSi bien no existe una soluci\u00f3n \u00fanica, hay medidas simples que pueden marcar una diferencia, especialmente durante las vacaciones:<\/p>\n<p>Mantener una buena hidrataci\u00f3n, sobre todo despu\u00e9s de vuelos largos<br \/>\nEvitar el alcohol en las horas previas al descanso<br \/>\nCenar liviano y al menos dos horas antes de acostarse<br \/>\nDormir de costado, una posici\u00f3n que reduce el colapso de la v\u00eda a\u00e9rea<br \/>\nRespetar horarios de sue\u00f1o lo m\u00e1s regulares posible<br \/>\nCu\u00e1ndo consultar al m\u00e9dico<br \/>\n\u201cEl ronquido tiene m\u00faltiples causas y abordarlo a tiempo mejora no solo el descanso, sino la calidad de vida y los v\u00ednculos\u201d, resume Cofr\u00e9 y, si es frecuente, intenso o se acompa\u00f1a de otros s\u00edntomas, la consulta m\u00e9dica es clave.<\/p>\n<p>\u201cDetectar el origen del problema permite indicar tratamientos efectivos y personalizados\u201d, concluye la especialista.<\/p>\n<p>Dormir bien tambi\u00e9n es parte del descanso y entender por qu\u00e9 el cuerpo reacciona distinto cuando viajamos puede ser el primer paso para que las vacaciones no terminen con ojeras ni discusiones.<\/p>\n<p>#AgenciaNA<\/p>\n","protected":false},"excerpt":{"rendered":"<p>Viajar suele asociarse al descanso, pero para muchas personas las vacaciones vienen acompa\u00f1adas de noches fragmentadas, quejas de la pareja, cansancio acumulado y, en ese escenario, los ronquidos aparecen o se intensifican y dejan de ser una molestia menor para convertirse en un verdadero problema de convivencia y salud. \u201cLos viajes re\u00fanen varios factores que inflaman las v\u00edas respiratorias y favorecen el ronquido, incluso en personas que habitualmente no roncan\u201d, advierte la Dra. Ana Cofr\u00e9 (M.P. 8.815), m\u00e9dica especialista en Otorrinolaringolog\u00eda y directora del Centro Patag\u00f3nico de Otorrinolaringolog\u00eda, en un&hellip;<\/p>\n","protected":false},"author":1,"featured_media":23255,"comment_status":"closed","ping_status":"closed","sticky":false,"template":"","format":"standard","meta":{"footnotes":""},"categories":[9],"tags":[],"class_list":["post-23254","post","type-post","status-publish","format-standard","has-post-thumbnail","hentry","category-noticias"],"rttpg_featured_image_url":{"full":["https:\/\/livingmultimediosde.net.ar\/INDEX\/wp-content\/uploads\/2026\/01\/Vacaciones.webp",1079,720,false],"landscape":["https:\/\/livingmultimediosde.net.ar\/INDEX\/wp-content\/uploads\/2026\/01\/Vacaciones.webp",1079,720,false],"portraits":["https:\/\/livingmultimediosde.net.ar\/INDEX\/wp-content\/uploads\/2026\/01\/Vacaciones.webp",1079,720,false],"thumbnail":["https:\/\/livingmultimediosde.net.ar\/INDEX\/wp-content\/uploads\/2026\/01\/Vacaciones-150x150.webp",150,150,true],"medium":["https:\/\/livingmultimediosde.net.ar\/INDEX\/wp-content\/uploads\/2026\/01\/Vacaciones-300x200.webp",300,200,true],"large":["https:\/\/livingmultimediosde.net.ar\/INDEX\/wp-content\/uploads\/2026\/01\/Vacaciones-1024x683.webp",640,427,true],"1536x1536":["https:\/\/livingmultimediosde.net.ar\/INDEX\/wp-content\/uploads\/2026\/01\/Vacaciones.webp",1079,720,false],"2048x2048":["https:\/\/livingmultimediosde.net.ar\/INDEX\/wp-content\/uploads\/2026\/01\/Vacaciones.webp",1079,720,false],"post-thumbnail":["https:\/\/livingmultimediosde.net.ar\/INDEX\/wp-content\/uploads\/2026\/01\/Vacaciones-240x172.webp",240,172,true]},"rttpg_author":{"display_name":"rober","author_link":"https:\/\/livingmultimediosde.net.ar\/INDEX\/author\/rober\/"},"rttpg_comment":0,"rttpg_category":"<a href=\"https:\/\/livingmultimediosde.net.ar\/INDEX\/category\/noticias\/\" rel=\"category tag\">NOTICIAS<\/a>","rttpg_excerpt":"Viajar suele asociarse al descanso, pero para muchas personas las vacaciones vienen acompa\u00f1adas de noches fragmentadas, quejas de la pareja, cansancio acumulado y, en ese escenario, los ronquidos aparecen o se intensifican y dejan de ser una molestia menor para convertirse en un verdadero problema de convivencia y salud. \u201cLos viajes re\u00fanen varios factores que&hellip;","_links":{"self":[{"href":"https:\/\/livingmultimediosde.net.ar\/INDEX\/wp-json\/wp\/v2\/posts\/23254","targetHints":{"allow":["GET"]}}],"collection":[{"href":"https:\/\/livingmultimediosde.net.ar\/INDEX\/wp-json\/wp\/v2\/posts"}],"about":[{"href":"https:\/\/livingmultimediosde.net.ar\/INDEX\/wp-json\/wp\/v2\/types\/post"}],"author":[{"embeddable":true,"href":"https:\/\/livingmultimediosde.net.ar\/INDEX\/wp-json\/wp\/v2\/users\/1"}],"replies":[{"embeddable":true,"href":"https:\/\/livingmultimediosde.net.ar\/INDEX\/wp-json\/wp\/v2\/comments?post=23254"}],"version-history":[{"count":1,"href":"https:\/\/livingmultimediosde.net.ar\/INDEX\/wp-json\/wp\/v2\/posts\/23254\/revisions"}],"predecessor-version":[{"id":23256,"href":"https:\/\/livingmultimediosde.net.ar\/INDEX\/wp-json\/wp\/v2\/posts\/23254\/revisions\/23256"}],"wp:featuredmedia":[{"embeddable":true,"href":"https:\/\/livingmultimediosde.net.ar\/INDEX\/wp-json\/wp\/v2\/media\/23255"}],"wp:attachment":[{"href":"https:\/\/livingmultimediosde.net.ar\/INDEX\/wp-json\/wp\/v2\/media?parent=23254"}],"wp:term":[{"taxonomy":"category","embeddable":true,"href":"https:\/\/livingmultimediosde.net.ar\/INDEX\/wp-json\/wp\/v2\/categories?post=23254"},{"taxonomy":"post_tag","embeddable":true,"href":"https:\/\/livingmultimediosde.net.ar\/INDEX\/wp-json\/wp\/v2\/tags?post=23254"}],"curies":[{"name":"wp","href":"https:\/\/api.w.org\/{rel}","templated":true}]}}