{"id":23251,"date":"2026-01-19T04:38:56","date_gmt":"2026-01-19T04:38:56","guid":{"rendered":"https:\/\/livingmultimediosde.net.ar\/INDEX\/?p=23251"},"modified":"2026-01-19T04:38:56","modified_gmt":"2026-01-19T04:38:56","slug":"la-provincia-despliega-asistencia-y-contencion-ante-las-intensas-lluvias-en-el-interior","status":"publish","type":"post","link":"https:\/\/livingmultimediosde.net.ar\/INDEX\/2026\/01\/la-provincia-despliega-asistencia-y-contencion-ante-las-intensas-lluvias-en-el-interior\/","title":{"rendered":"La Provincia despliega asistencia y contenci\u00f3n ante las intensas lluvias en el interior"},"content":{"rendered":"<p>El Gobierno de la Provincia de Santiago del Estero inform\u00f3 que, a ra\u00edz de las fuertes precipitaciones registradas en las \u00faltimas horas, se puso en marcha un operativo de asistencia permanente destinado a las familias del interior provincial que resultaron afectadas por la situaci\u00f3n clim\u00e1tica.<\/p>\n<p>Seg\u00fan se detall\u00f3, a trav\u00e9s de distintas \u00e1reas del Ministerio de Desarrollo Social, se est\u00e1n desarrollando tareas de acompa\u00f1amiento, relevamiento y contenci\u00f3n, con el objetivo de brindar respuestas inmediatas y garantizar la seguridad de las personas, as\u00ed como el acceso a ayuda social y atenci\u00f3n de necesidades prioritarias.<\/p>\n<p>Los equipos t\u00e9cnicos y territoriales se encuentran trabajando de forma articulada con los municipios y comisiones municipales, reforzando la presencia en las zonas m\u00e1s comprometidas y monitoreando de manera constante la evoluci\u00f3n del clima.<\/p>\n<p>Desde el Ejecutivo provincial remarcaron que el operativo continuar\u00e1 activo mientras persistan las condiciones adversas, con el foco puesto en la prevenci\u00f3n, la asistencia directa y el acompa\u00f1amiento a las familias damnificadas.<\/p>\n<p>&nbsp;<\/p>\n","protected":false},"excerpt":{"rendered":"<p>El Gobierno de la Provincia de Santiago del Estero inform\u00f3 que, a ra\u00edz de las fuertes precipitaciones registradas en las \u00faltimas horas, se puso en marcha un operativo de asistencia permanente destinado a las familias del interior provincial que resultaron afectadas por la situaci\u00f3n clim\u00e1tica. Seg\u00fan se detall\u00f3, a trav\u00e9s de distintas \u00e1reas del Ministerio de Desarrollo Social, se est\u00e1n desarrollando tareas de acompa\u00f1amiento, relevamiento y contenci\u00f3n, con el objetivo de brindar respuestas inmediatas y garantizar la seguridad de las personas, as\u00ed como el acceso a ayuda social y atenci\u00f3n&hellip;<\/p>\n","protected":false},"author":1,"featured_media":23252,"comment_status":"closed","ping_status":"closed","sticky":false,"template":"","format":"standard","meta":{"footnotes":""},"categories":[9],"tags":[],"class_list":["post-23251","post","type-post","status-publish","format-standard","has-post-thumbnail","hentry","category-noticias"],"rttpg_featured_image_url":{"full":["https:\/\/livingmultimediosde.net.ar\/INDEX\/wp-content\/uploads\/2026\/01\/lluvias_intensas.jpg",900,600,false],"landscape":["https:\/\/livingmultimediosde.net.ar\/INDEX\/wp-content\/uploads\/2026\/01\/lluvias_intensas.jpg",900,600,false],"portraits":["https:\/\/livingmultimediosde.net.ar\/INDEX\/wp-content\/uploads\/2026\/01\/lluvias_intensas.jpg",900,600,false],"thumbnail":["https:\/\/livingmultimediosde.net.ar\/INDEX\/wp-content\/uploads\/2026\/01\/lluvias_intensas-150x150.jpg",150,150,true],"medium":["https:\/\/livingmultimediosde.net.ar\/INDEX\/wp-content\/uploads\/2026\/01\/lluvias_intensas-300x200.jpg",300,200,true],"large":["https:\/\/livingmultimediosde.net.ar\/INDEX\/wp-content\/uploads\/2026\/01\/lluvias_intensas.jpg",640,427,false],"1536x1536":["https:\/\/livingmultimediosde.net.ar\/INDEX\/wp-content\/uploads\/2026\/01\/lluvias_intensas.jpg",900,600,false],"2048x2048":["https:\/\/livingmultimediosde.net.ar\/INDEX\/wp-content\/uploads\/2026\/01\/lluvias_intensas.jpg",900,600,false],"post-thumbnail":["https:\/\/livingmultimediosde.net.ar\/INDEX\/wp-content\/uploads\/2026\/01\/lluvias_intensas-240x172.jpg",240,172,true]},"rttpg_author":{"display_name":"rober","author_link":"https:\/\/livingmultimediosde.net.ar\/INDEX\/author\/rober\/"},"rttpg_comment":0,"rttpg_category":"<a href=\"https:\/\/livingmultimediosde.net.ar\/INDEX\/category\/noticias\/\" rel=\"category tag\">NOTICIAS<\/a>","rttpg_excerpt":"El Gobierno de la Provincia de Santiago del Estero inform\u00f3 que, a ra\u00edz de las fuertes precipitaciones registradas en las \u00faltimas horas, se puso en marcha un operativo de asistencia permanente destinado a las familias del interior provincial que resultaron afectadas por la situaci\u00f3n clim\u00e1tica. Seg\u00fan se detall\u00f3, a trav\u00e9s de distintas \u00e1reas del Ministerio&hellip;","_links":{"self":[{"href":"https:\/\/livingmultimediosde.net.ar\/INDEX\/wp-json\/wp\/v2\/posts\/23251","targetHints":{"allow":["GET"]}}],"collection":[{"href":"https:\/\/livingmultimediosde.net.ar\/INDEX\/wp-json\/wp\/v2\/posts"}],"about":[{"href":"https:\/\/livingmultimediosde.net.ar\/INDEX\/wp-json\/wp\/v2\/types\/post"}],"author":[{"embeddable":true,"href":"https:\/\/livingmultimediosde.net.ar\/INDEX\/wp-json\/wp\/v2\/users\/1"}],"replies":[{"embeddable":true,"href":"https:\/\/livingmultimediosde.net.ar\/INDEX\/wp-json\/wp\/v2\/comments?post=23251"}],"version-history":[{"count":1,"href":"https:\/\/livingmultimediosde.net.ar\/INDEX\/wp-json\/wp\/v2\/posts\/23251\/revisions"}],"predecessor-version":[{"id":23253,"href":"https:\/\/livingmultimediosde.net.ar\/INDEX\/wp-json\/wp\/v2\/posts\/23251\/revisions\/23253"}],"wp:featuredmedia":[{"embeddable":true,"href":"https:\/\/livingmultimediosde.net.ar\/INDEX\/wp-json\/wp\/v2\/media\/23252"}],"wp:attachment":[{"href":"https:\/\/livingmultimediosde.net.ar\/INDEX\/wp-json\/wp\/v2\/media?parent=23251"}],"wp:term":[{"taxonomy":"category","embeddable":true,"href":"https:\/\/livingmultimediosde.net.ar\/INDEX\/wp-json\/wp\/v2\/categories?post=23251"},{"taxonomy":"post_tag","embeddable":true,"href":"https:\/\/livingmultimediosde.net.ar\/INDEX\/wp-json\/wp\/v2\/tags?post=23251"}],"curies":[{"name":"wp","href":"https:\/\/api.w.org\/{rel}","templated":true}]}}