{"id":23191,"date":"2026-01-18T22:38:00","date_gmt":"2026-01-18T22:38:00","guid":{"rendered":"https:\/\/livingmultimediosde.net.ar\/INDEX\/?p=23191"},"modified":"2026-01-18T22:38:00","modified_gmt":"2026-01-18T22:38:00","slug":"cronograma-de-la-municipalidad-de-las-fumigaciones-contra-el-dengue","status":"publish","type":"post","link":"https:\/\/livingmultimediosde.net.ar\/INDEX\/2026\/01\/cronograma-de-la-municipalidad-de-las-fumigaciones-contra-el-dengue\/","title":{"rendered":"CRONOGRAMA DE LA MUNICIPALIDAD DE LAS FUMIGACIONES CONTRA EL DENGUE"},"content":{"rendered":"<p>&nbsp;<\/p>\n<p>La Direcci\u00f3n de Calidad de Vida inform\u00f3 el cronograma de fumigaciones correspondiente a la semana que va desde el lunes 19 hasta el viernes 23, con el prop\u00f3sito de prevenir la reproducci\u00f3n de mosquitos y otros insectos.<\/p>\n<p>El lunes 19, los empleados trabajar\u00e1n en los barrios Alte. Brown, Islas Malvinas, Jard\u00edn, Los Flores, Virgen de Guadalupe, La Costa, Independencia (Ulluas, Amp. Independencia, Telef\u00f3nicos) y Parque del Rio I y II.<\/p>\n<p>El martes 20, fumigar\u00e1n en los barrios Cabildo (Ciudad del Ni\u00f1o), Belgrano (Palomar), 8 de Abril, C\u00e1ceres, Reconquista y La Cat\u00f3lica. El mi\u00e9rcoles 21, las tareas se desarrollar\u00e1n en los barrios Centro, Alberdi, Sargento Cabral, Lomas del Golf (sectores Rivera, Froil\u00e1n y Altos), Parque Aguirre, Juan XXIII (sector Tri\u00e1ngulo) y San Francisco.<\/p>\n<p>El jueves 22, continuar\u00e1n en los barrios Aeropuerto y todas sus ampliaciones, Borges (Villa Borges, 1\u00b0 y 2\u00b0 ampliaci\u00f3n, Coesa) y Huaico Hondo (sectores Tarapaya y Villa Tranquila). El viernes 23, el servicio se prestar\u00e1 en los barrios General Paz (Dr. Favaloro), Bel\u00e9n (Sta.Teresita), John Kennedy, Autonom\u00eda, Sta. Rosa de Lima y San Jos\u00e9 de Flores.<\/p>\n<p>Desde la repartici\u00f3n municipal solicitaron a los vecinos su colaboraci\u00f3n manteniendo la limpieza de las viviendas, eliminando los recipientes que puedan acumular agua y conservando el c\u00e9sped corto.<\/p>\n","protected":false},"excerpt":{"rendered":"<p>&nbsp; La Direcci\u00f3n de Calidad de Vida inform\u00f3 el cronograma de fumigaciones correspondiente a la semana que va desde el lunes 19 hasta el viernes 23, con el prop\u00f3sito de prevenir la reproducci\u00f3n de mosquitos y otros insectos. El lunes 19, los empleados trabajar\u00e1n en los barrios Alte. Brown, Islas Malvinas, Jard\u00edn, Los Flores, Virgen de Guadalupe, La Costa, Independencia (Ulluas, Amp. Independencia, Telef\u00f3nicos) y Parque del Rio I y II. El martes 20, fumigar\u00e1n en los barrios Cabildo (Ciudad del Ni\u00f1o), Belgrano (Palomar), 8 de Abril, C\u00e1ceres, Reconquista y&hellip;<\/p>\n","protected":false},"author":1,"featured_media":23192,"comment_status":"closed","ping_status":"closed","sticky":false,"template":"","format":"standard","meta":{"footnotes":""},"categories":[9],"tags":[],"class_list":["post-23191","post","type-post","status-publish","format-standard","has-post-thumbnail","hentry","category-noticias"],"rttpg_featured_image_url":{"full":["https:\/\/livingmultimediosde.net.ar\/INDEX\/wp-content\/uploads\/2026\/01\/FUMIGACIONES.jpeg",1280,853,false],"landscape":["https:\/\/livingmultimediosde.net.ar\/INDEX\/wp-content\/uploads\/2026\/01\/FUMIGACIONES.jpeg",1280,853,false],"portraits":["https:\/\/livingmultimediosde.net.ar\/INDEX\/wp-content\/uploads\/2026\/01\/FUMIGACIONES.jpeg",1280,853,false],"thumbnail":["https:\/\/livingmultimediosde.net.ar\/INDEX\/wp-content\/uploads\/2026\/01\/FUMIGACIONES-150x150.jpeg",150,150,true],"medium":["https:\/\/livingmultimediosde.net.ar\/INDEX\/wp-content\/uploads\/2026\/01\/FUMIGACIONES-300x200.jpeg",300,200,true],"large":["https:\/\/livingmultimediosde.net.ar\/INDEX\/wp-content\/uploads\/2026\/01\/FUMIGACIONES-1024x682.jpeg",640,426,true],"1536x1536":["https:\/\/livingmultimediosde.net.ar\/INDEX\/wp-content\/uploads\/2026\/01\/FUMIGACIONES.jpeg",1280,853,false],"2048x2048":["https:\/\/livingmultimediosde.net.ar\/INDEX\/wp-content\/uploads\/2026\/01\/FUMIGACIONES.jpeg",1280,853,false],"post-thumbnail":["https:\/\/livingmultimediosde.net.ar\/INDEX\/wp-content\/uploads\/2026\/01\/FUMIGACIONES-240x172.jpeg",240,172,true]},"rttpg_author":{"display_name":"rober","author_link":"https:\/\/livingmultimediosde.net.ar\/INDEX\/author\/rober\/"},"rttpg_comment":0,"rttpg_category":"<a href=\"https:\/\/livingmultimediosde.net.ar\/INDEX\/category\/noticias\/\" rel=\"category tag\">NOTICIAS<\/a>","rttpg_excerpt":"&nbsp; La Direcci\u00f3n de Calidad de Vida inform\u00f3 el cronograma de fumigaciones correspondiente a la semana que va desde el lunes 19 hasta el viernes 23, con el prop\u00f3sito de prevenir la reproducci\u00f3n de mosquitos y otros insectos. El lunes 19, los empleados trabajar\u00e1n en los barrios Alte. Brown, Islas Malvinas, Jard\u00edn, Los Flores, Virgen&hellip;","_links":{"self":[{"href":"https:\/\/livingmultimediosde.net.ar\/INDEX\/wp-json\/wp\/v2\/posts\/23191","targetHints":{"allow":["GET"]}}],"collection":[{"href":"https:\/\/livingmultimediosde.net.ar\/INDEX\/wp-json\/wp\/v2\/posts"}],"about":[{"href":"https:\/\/livingmultimediosde.net.ar\/INDEX\/wp-json\/wp\/v2\/types\/post"}],"author":[{"embeddable":true,"href":"https:\/\/livingmultimediosde.net.ar\/INDEX\/wp-json\/wp\/v2\/users\/1"}],"replies":[{"embeddable":true,"href":"https:\/\/livingmultimediosde.net.ar\/INDEX\/wp-json\/wp\/v2\/comments?post=23191"}],"version-history":[{"count":1,"href":"https:\/\/livingmultimediosde.net.ar\/INDEX\/wp-json\/wp\/v2\/posts\/23191\/revisions"}],"predecessor-version":[{"id":23193,"href":"https:\/\/livingmultimediosde.net.ar\/INDEX\/wp-json\/wp\/v2\/posts\/23191\/revisions\/23193"}],"wp:featuredmedia":[{"embeddable":true,"href":"https:\/\/livingmultimediosde.net.ar\/INDEX\/wp-json\/wp\/v2\/media\/23192"}],"wp:attachment":[{"href":"https:\/\/livingmultimediosde.net.ar\/INDEX\/wp-json\/wp\/v2\/media?parent=23191"}],"wp:term":[{"taxonomy":"category","embeddable":true,"href":"https:\/\/livingmultimediosde.net.ar\/INDEX\/wp-json\/wp\/v2\/categories?post=23191"},{"taxonomy":"post_tag","embeddable":true,"href":"https:\/\/livingmultimediosde.net.ar\/INDEX\/wp-json\/wp\/v2\/tags?post=23191"}],"curies":[{"name":"wp","href":"https:\/\/api.w.org\/{rel}","templated":true}]}}