{"id":22955,"date":"2026-01-16T14:14:44","date_gmt":"2026-01-16T14:14:44","guid":{"rendered":"https:\/\/livingmultimediosde.net.ar\/INDEX\/?p=22955"},"modified":"2026-01-16T14:14:44","modified_gmt":"2026-01-16T14:14:44","slug":"rugby-inclusivo-en-santiago-es-tu-rio","status":"publish","type":"post","link":"https:\/\/livingmultimediosde.net.ar\/INDEX\/2026\/01\/rugby-inclusivo-en-santiago-es-tu-rio\/","title":{"rendered":"RUGBY INCLUSIVO EN \u00abSANTIAGO ES TU R\u00cdO\u00bb"},"content":{"rendered":"<p>&nbsp;<\/p>\n<p>Este fin de semana, el predio de Santiago es tu R\u00edo volver\u00e1 a ser punto de encuentro para vecinos, vecinas y visitantes, con una propuesta deportiva diversa e inclusiva que incluir\u00e1 la participaci\u00f3n de Los Tat\u00fa, el equipo de rugby inclusivo de Santiago del Estero.<\/p>\n<p>A la presencia de Los Tat\u00fa, se sumar\u00e1 a una agenda cargada de disciplinas, entre las que se destacan beach f\u00fatbol infantil, f\u00fatbol femenino, beach v\u00f3ley, cesto beach, beach handball juvenil e infantil y tenis de mesa, consolidando al predio como uno de los espacios deportivos de verano m\u00e1s completos de la regi\u00f3n.<\/p>\n<p>En cada presentaci\u00f3n, Los Tat\u00fa demuestran que el deporte es una poderosa herramienta de inclusi\u00f3n social, promoviendo valores como el compa\u00f1erismo, el respeto, la solidaridad y la igualdad de oportunidades, dentro y fuera de la cancha.<\/p>\n","protected":false},"excerpt":{"rendered":"<p>&nbsp; Este fin de semana, el predio de Santiago es tu R\u00edo volver\u00e1 a ser punto de encuentro para vecinos, vecinas y visitantes, con una propuesta deportiva diversa e inclusiva que incluir\u00e1 la participaci\u00f3n de Los Tat\u00fa, el equipo de rugby inclusivo de Santiago del Estero. A la presencia de Los Tat\u00fa, se sumar\u00e1 a una agenda cargada de disciplinas, entre las que se destacan beach f\u00fatbol infantil, f\u00fatbol femenino, beach v\u00f3ley, cesto beach, beach handball juvenil e infantil y tenis de mesa, consolidando al predio como uno de los&hellip;<\/p>\n","protected":false},"author":1,"featured_media":22956,"comment_status":"closed","ping_status":"closed","sticky":false,"template":"","format":"standard","meta":{"footnotes":""},"categories":[9],"tags":[],"class_list":["post-22955","post","type-post","status-publish","format-standard","has-post-thumbnail","hentry","category-noticias"],"rttpg_featured_image_url":{"full":["https:\/\/livingmultimediosde.net.ar\/INDEX\/wp-content\/uploads\/2026\/01\/rugby-inclusivo-.jpeg",750,600,false],"landscape":["https:\/\/livingmultimediosde.net.ar\/INDEX\/wp-content\/uploads\/2026\/01\/rugby-inclusivo-.jpeg",750,600,false],"portraits":["https:\/\/livingmultimediosde.net.ar\/INDEX\/wp-content\/uploads\/2026\/01\/rugby-inclusivo-.jpeg",750,600,false],"thumbnail":["https:\/\/livingmultimediosde.net.ar\/INDEX\/wp-content\/uploads\/2026\/01\/rugby-inclusivo--150x150.jpeg",150,150,true],"medium":["https:\/\/livingmultimediosde.net.ar\/INDEX\/wp-content\/uploads\/2026\/01\/rugby-inclusivo--300x240.jpeg",300,240,true],"large":["https:\/\/livingmultimediosde.net.ar\/INDEX\/wp-content\/uploads\/2026\/01\/rugby-inclusivo-.jpeg",640,512,false],"1536x1536":["https:\/\/livingmultimediosde.net.ar\/INDEX\/wp-content\/uploads\/2026\/01\/rugby-inclusivo-.jpeg",750,600,false],"2048x2048":["https:\/\/livingmultimediosde.net.ar\/INDEX\/wp-content\/uploads\/2026\/01\/rugby-inclusivo-.jpeg",750,600,false],"post-thumbnail":["https:\/\/livingmultimediosde.net.ar\/INDEX\/wp-content\/uploads\/2026\/01\/rugby-inclusivo--240x172.jpeg",240,172,true]},"rttpg_author":{"display_name":"rober","author_link":"https:\/\/livingmultimediosde.net.ar\/INDEX\/author\/rober\/"},"rttpg_comment":0,"rttpg_category":"<a href=\"https:\/\/livingmultimediosde.net.ar\/INDEX\/category\/noticias\/\" rel=\"category tag\">NOTICIAS<\/a>","rttpg_excerpt":"&nbsp; Este fin de semana, el predio de Santiago es tu R\u00edo volver\u00e1 a ser punto de encuentro para vecinos, vecinas y visitantes, con una propuesta deportiva diversa e inclusiva que incluir\u00e1 la participaci\u00f3n de Los Tat\u00fa, el equipo de rugby inclusivo de Santiago del Estero. A la presencia de Los Tat\u00fa, se sumar\u00e1 a&hellip;","_links":{"self":[{"href":"https:\/\/livingmultimediosde.net.ar\/INDEX\/wp-json\/wp\/v2\/posts\/22955","targetHints":{"allow":["GET"]}}],"collection":[{"href":"https:\/\/livingmultimediosde.net.ar\/INDEX\/wp-json\/wp\/v2\/posts"}],"about":[{"href":"https:\/\/livingmultimediosde.net.ar\/INDEX\/wp-json\/wp\/v2\/types\/post"}],"author":[{"embeddable":true,"href":"https:\/\/livingmultimediosde.net.ar\/INDEX\/wp-json\/wp\/v2\/users\/1"}],"replies":[{"embeddable":true,"href":"https:\/\/livingmultimediosde.net.ar\/INDEX\/wp-json\/wp\/v2\/comments?post=22955"}],"version-history":[{"count":1,"href":"https:\/\/livingmultimediosde.net.ar\/INDEX\/wp-json\/wp\/v2\/posts\/22955\/revisions"}],"predecessor-version":[{"id":22957,"href":"https:\/\/livingmultimediosde.net.ar\/INDEX\/wp-json\/wp\/v2\/posts\/22955\/revisions\/22957"}],"wp:featuredmedia":[{"embeddable":true,"href":"https:\/\/livingmultimediosde.net.ar\/INDEX\/wp-json\/wp\/v2\/media\/22956"}],"wp:attachment":[{"href":"https:\/\/livingmultimediosde.net.ar\/INDEX\/wp-json\/wp\/v2\/media?parent=22955"}],"wp:term":[{"taxonomy":"category","embeddable":true,"href":"https:\/\/livingmultimediosde.net.ar\/INDEX\/wp-json\/wp\/v2\/categories?post=22955"},{"taxonomy":"post_tag","embeddable":true,"href":"https:\/\/livingmultimediosde.net.ar\/INDEX\/wp-json\/wp\/v2\/tags?post=22955"}],"curies":[{"name":"wp","href":"https:\/\/api.w.org\/{rel}","templated":true}]}}