{"id":22717,"date":"2026-01-13T13:13:11","date_gmt":"2026-01-13T13:13:11","guid":{"rendered":"https:\/\/livingmultimediosde.net.ar\/INDEX\/?p=22717"},"modified":"2026-01-13T13:13:11","modified_gmt":"2026-01-13T13:13:11","slug":"el-parque-del-encuentro-sera-escenario-de-la-edicion-de-verano-del-festival-sustentable","status":"publish","type":"post","link":"https:\/\/livingmultimediosde.net.ar\/INDEX\/2026\/01\/el-parque-del-encuentro-sera-escenario-de-la-edicion-de-verano-del-festival-sustentable\/","title":{"rendered":"El Parque del Encuentro ser\u00e1 escenario de la edici\u00f3n de verano del Festival Sustentable"},"content":{"rendered":"<p>El pr\u00f3ximo fin de semana, s\u00e1bado 17 y domingo 18, de 15 a 22 horas, el Parque del Encuentro ser\u00e1 sede de una nueva edici\u00f3n del \u00abFestival Sustentable: Encuentro en el Parque\u00bb, una propuesta de acceso libre y gratuito pensada para toda la familia que combina entretenimiento, educaci\u00f3n y conciencia ambiental.<br \/>\nDurante ambas jornadas, vecinos y visitantes podr\u00e1n recorrer una feria de emprendedores con productos locales y artesanales y disfrutar de presentaciones de bandas, DJs y academias de danzas en vivo.<br \/>\nEl festival busca promover pr\u00e1cticas responsables con el medio ambiente y fortalecer el compromiso colectivo con la sustentabilidad, consolidando a los eventos p\u00fablicos como espacios de aprendizaje y transformaci\u00f3n social.<\/p>\n","protected":false},"excerpt":{"rendered":"<p>El pr\u00f3ximo fin de semana, s\u00e1bado 17 y domingo 18, de 15 a 22 horas, el Parque del Encuentro ser\u00e1 sede de una nueva edici\u00f3n del \u00abFestival Sustentable: Encuentro en el Parque\u00bb, una propuesta de acceso libre y gratuito pensada para toda la familia que combina entretenimiento, educaci\u00f3n y conciencia ambiental. Durante ambas jornadas, vecinos y visitantes podr\u00e1n recorrer una feria de emprendedores con productos locales y artesanales y disfrutar de presentaciones de bandas, DJs y academias de danzas en vivo. El festival busca promover pr\u00e1cticas responsables con el medio&hellip;<\/p>\n","protected":false},"author":1,"featured_media":22718,"comment_status":"closed","ping_status":"closed","sticky":false,"template":"","format":"standard","meta":{"footnotes":""},"categories":[9],"tags":[],"class_list":["post-22717","post","type-post","status-publish","format-standard","has-post-thumbnail","hentry","category-noticias"],"rttpg_featured_image_url":{"full":["https:\/\/livingmultimediosde.net.ar\/INDEX\/wp-content\/uploads\/2026\/01\/festi-sustentable.jpeg",1600,1066,false],"landscape":["https:\/\/livingmultimediosde.net.ar\/INDEX\/wp-content\/uploads\/2026\/01\/festi-sustentable.jpeg",1600,1066,false],"portraits":["https:\/\/livingmultimediosde.net.ar\/INDEX\/wp-content\/uploads\/2026\/01\/festi-sustentable.jpeg",1600,1066,false],"thumbnail":["https:\/\/livingmultimediosde.net.ar\/INDEX\/wp-content\/uploads\/2026\/01\/festi-sustentable-150x150.jpeg",150,150,true],"medium":["https:\/\/livingmultimediosde.net.ar\/INDEX\/wp-content\/uploads\/2026\/01\/festi-sustentable-300x200.jpeg",300,200,true],"large":["https:\/\/livingmultimediosde.net.ar\/INDEX\/wp-content\/uploads\/2026\/01\/festi-sustentable-1024x682.jpeg",640,426,true],"1536x1536":["https:\/\/livingmultimediosde.net.ar\/INDEX\/wp-content\/uploads\/2026\/01\/festi-sustentable-1536x1023.jpeg",1536,1023,true],"2048x2048":["https:\/\/livingmultimediosde.net.ar\/INDEX\/wp-content\/uploads\/2026\/01\/festi-sustentable.jpeg",1600,1066,false],"post-thumbnail":["https:\/\/livingmultimediosde.net.ar\/INDEX\/wp-content\/uploads\/2026\/01\/festi-sustentable-240x172.jpeg",240,172,true]},"rttpg_author":{"display_name":"rober","author_link":"https:\/\/livingmultimediosde.net.ar\/INDEX\/author\/rober\/"},"rttpg_comment":0,"rttpg_category":"<a href=\"https:\/\/livingmultimediosde.net.ar\/INDEX\/category\/noticias\/\" rel=\"category tag\">NOTICIAS<\/a>","rttpg_excerpt":"El pr\u00f3ximo fin de semana, s\u00e1bado 17 y domingo 18, de 15 a 22 horas, el Parque del Encuentro ser\u00e1 sede de una nueva edici\u00f3n del \u00abFestival Sustentable: Encuentro en el Parque\u00bb, una propuesta de acceso libre y gratuito pensada para toda la familia que combina entretenimiento, educaci\u00f3n y conciencia ambiental. Durante ambas jornadas, vecinos&hellip;","_links":{"self":[{"href":"https:\/\/livingmultimediosde.net.ar\/INDEX\/wp-json\/wp\/v2\/posts\/22717","targetHints":{"allow":["GET"]}}],"collection":[{"href":"https:\/\/livingmultimediosde.net.ar\/INDEX\/wp-json\/wp\/v2\/posts"}],"about":[{"href":"https:\/\/livingmultimediosde.net.ar\/INDEX\/wp-json\/wp\/v2\/types\/post"}],"author":[{"embeddable":true,"href":"https:\/\/livingmultimediosde.net.ar\/INDEX\/wp-json\/wp\/v2\/users\/1"}],"replies":[{"embeddable":true,"href":"https:\/\/livingmultimediosde.net.ar\/INDEX\/wp-json\/wp\/v2\/comments?post=22717"}],"version-history":[{"count":1,"href":"https:\/\/livingmultimediosde.net.ar\/INDEX\/wp-json\/wp\/v2\/posts\/22717\/revisions"}],"predecessor-version":[{"id":22719,"href":"https:\/\/livingmultimediosde.net.ar\/INDEX\/wp-json\/wp\/v2\/posts\/22717\/revisions\/22719"}],"wp:featuredmedia":[{"embeddable":true,"href":"https:\/\/livingmultimediosde.net.ar\/INDEX\/wp-json\/wp\/v2\/media\/22718"}],"wp:attachment":[{"href":"https:\/\/livingmultimediosde.net.ar\/INDEX\/wp-json\/wp\/v2\/media?parent=22717"}],"wp:term":[{"taxonomy":"category","embeddable":true,"href":"https:\/\/livingmultimediosde.net.ar\/INDEX\/wp-json\/wp\/v2\/categories?post=22717"},{"taxonomy":"post_tag","embeddable":true,"href":"https:\/\/livingmultimediosde.net.ar\/INDEX\/wp-json\/wp\/v2\/tags?post=22717"}],"curies":[{"name":"wp","href":"https:\/\/api.w.org\/{rel}","templated":true}]}}