{"id":22630,"date":"2026-01-12T15:27:20","date_gmt":"2026-01-12T15:27:20","guid":{"rendered":"https:\/\/livingmultimediosde.net.ar\/INDEX\/?p=22630"},"modified":"2026-01-12T15:27:20","modified_gmt":"2026-01-12T15:27:20","slug":"torre-saint-un-gran-exponente-del-art-deco-en-buenos-aires","status":"publish","type":"post","link":"https:\/\/livingmultimediosde.net.ar\/INDEX\/2026\/01\/torre-saint-un-gran-exponente-del-art-deco-en-buenos-aires\/","title":{"rendered":"Torre Saint, un gran exponente del art dec\u00f3 en Buenos Aires"},"content":{"rendered":"<p>En medio del entramado comercial del barrio de Balvanera, una de las zonas m\u00e1s densas y menos observadas de la ciudad de Buenos Aires, se levanta uno de los edificios m\u00e1s singulares de la arquitectura urbana del siglo XX: la Torre Saint. Construido entre 1925 y 1928, esta obra emblem\u00e1tica del art dec\u00f3 porte\u00f1o constituye un testimonio de la ambici\u00f3n est\u00e9tica y t\u00e9cnica de una ciudad que, en aquellos a\u00f1os, se proyectaba como una metr\u00f3polis moderna a escala internacional.<\/p>\n<p>El edificio fue concebido por encargo del empresario Emilio Saint, heredero de la tradicional f\u00e1brica de chocolates \u00c1guila, quien impuls\u00f3 el desarrollo de una construcci\u00f3n residencial de alta calidad en la entonces calle Cangallo \u2014hoy Juan Domingo Per\u00f3n\u2014 casi esquina Paso. Para materializar el proyecto convoc\u00f3 al arquitecto franc\u00e9s Robert Charles Tiphaine y al ingeniero \u00cdtalo Galli, responsables de interpretar las corrientes arquitect\u00f3nicas m\u00e1s innovadoras del momento en una estructura de hormig\u00f3n armado de gran complejidad para su \u00e9poca.<\/p>\n<p>La Torre Saint se inaugur\u00f3 en 1928 y r\u00e1pidamente se convirti\u00f3 en un hito urbano. Su lenguaje formal se inscribe dentro del art dec\u00f3, movimiento que emergi\u00f3 entre las dos guerras mundiales y que encontr\u00f3 en Buenos Aires un terreno f\u00e9rtil para su desarrollo. La est\u00e9tica del edificio refleja, adem\u00e1s, la fuerte influencia que ejercieron los descubrimientos arqueol\u00f3gicos en Egipto a comienzos del siglo XX, un fen\u00f3meno cultural que impregn\u00f3 al arte, el dise\u00f1o y la arquitectura de esos a\u00f1os.<\/p>\n<p>El ojo del arte: la Torre Saint, un gran exponente del art dec\u00f3 en Buenos Aires<br \/>\nEsa impronta se expresa en una profusa y ecl\u00e9ctica ornamentaci\u00f3n, donde conviven pilastras de inspiraci\u00f3n egipcia, columnas de ra\u00edz cl\u00e1sica, contrafuertes g\u00f3ticos, urnas griegas y templetes de tradici\u00f3n sajona, integrados con l\u00edneas geom\u00e9tricas propias del dec\u00f3. El conjunto remata en dos c\u00fapulas gemelas que se orientan hacia el interior de la manzana y que, por su ubicaci\u00f3n, resultan dif\u00edciles de percibir desde la vereda. Una de ellas sufri\u00f3 da\u00f1os a ra\u00edz de un incendio ocurrido d\u00e9cadas atr\u00e1s y permaneci\u00f3 sin restaurar durante largos a\u00f1os.<\/p>\n<p>M\u00e1s all\u00e1 de su valor est\u00e9tico, la Torre Saint se destac\u00f3 desde su origen por la calidad de sus materiales y soluciones constructivas. M\u00e1rmol, carpinter\u00edas y herrer\u00edas de origen europeo, junto con detalles poco frecuentes en la vivienda colectiva de la \u00e9poca \u2014como c\u00e1maras de aire entre las paredes divisorias para mejorar el aislamiento ac\u00fastico\u2014 daban cuenta de una concepci\u00f3n avanzada del confort residencial y de la vida en consorcio.<\/p>\n<p>El ojo del arte: la Torre Saint, un gran exponente del art dec\u00f3 en Buenos Aires<br \/>\nEn 2018, el edificio fue objeto de una puesta en valor en el marco del plan \u201cOnce Peatonal\u201d, impulsado por el Gobierno de la Ciudad de Buenos Aires con el objetivo de recuperar el patrimonio arquitect\u00f3nico de un \u00e1rea hist\u00f3ricamente asociada al comercio mayorista. La intervenci\u00f3n incluy\u00f3 la restauraci\u00f3n de las fachadas y de las torres, devolvi\u00e9ndole al conjunto parte del brillo perdido por el paso del tiempo y la falta de mantenimiento. Actualmente, cuenta con protecci\u00f3n patrimonial a trav\u00e9s de la Ley Anchorena (N\u00b0 3056), que resguarda a las edificaciones construidas antes de 1941.<\/p>\n<p>El ojo del arte: la Torre Saint, un gran exponente del art dec\u00f3 en Buenos Aires<br \/>\nA casi un siglo de su inauguraci\u00f3n, la Torre Saint contin\u00faa habitada y se mantiene como una pieza clave del patrimonio arquitect\u00f3nico porte\u00f1o. En un entorno marcado por el ritmo incesante del comercio, el edificio recuerda una Buenos Aires que apost\u00f3 a la arquitectura como s\u00edmbolo de progreso, identidad y proyecci\u00f3n cultural. #AgenciaNA<\/p>\n","protected":false},"excerpt":{"rendered":"<p>En medio del entramado comercial del barrio de Balvanera, una de las zonas m\u00e1s densas y menos observadas de la ciudad de Buenos Aires, se levanta uno de los edificios m\u00e1s singulares de la arquitectura urbana del siglo XX: la Torre Saint. Construido entre 1925 y 1928, esta obra emblem\u00e1tica del art dec\u00f3 porte\u00f1o constituye un testimonio de la ambici\u00f3n est\u00e9tica y t\u00e9cnica de una ciudad que, en aquellos a\u00f1os, se proyectaba como una metr\u00f3polis moderna a escala internacional. El edificio fue concebido por encargo del empresario Emilio Saint, heredero&hellip;<\/p>\n","protected":false},"author":1,"featured_media":22631,"comment_status":"closed","ping_status":"closed","sticky":false,"template":"","format":"standard","meta":{"footnotes":""},"categories":[4],"tags":[],"class_list":["post-22630","post","type-post","status-publish","format-standard","has-post-thumbnail","hentry","category-interes-general"],"rttpg_featured_image_url":{"full":["https:\/\/livingmultimediosde.net.ar\/INDEX\/wp-content\/uploads\/2026\/01\/Torre.webp",1193,720,false],"landscape":["https:\/\/livingmultimediosde.net.ar\/INDEX\/wp-content\/uploads\/2026\/01\/Torre.webp",1193,720,false],"portraits":["https:\/\/livingmultimediosde.net.ar\/INDEX\/wp-content\/uploads\/2026\/01\/Torre.webp",1193,720,false],"thumbnail":["https:\/\/livingmultimediosde.net.ar\/INDEX\/wp-content\/uploads\/2026\/01\/Torre-150x150.webp",150,150,true],"medium":["https:\/\/livingmultimediosde.net.ar\/INDEX\/wp-content\/uploads\/2026\/01\/Torre-300x181.webp",300,181,true],"large":["https:\/\/livingmultimediosde.net.ar\/INDEX\/wp-content\/uploads\/2026\/01\/Torre-1024x618.webp",640,386,true],"1536x1536":["https:\/\/livingmultimediosde.net.ar\/INDEX\/wp-content\/uploads\/2026\/01\/Torre.webp",1193,720,false],"2048x2048":["https:\/\/livingmultimediosde.net.ar\/INDEX\/wp-content\/uploads\/2026\/01\/Torre.webp",1193,720,false],"post-thumbnail":["https:\/\/livingmultimediosde.net.ar\/INDEX\/wp-content\/uploads\/2026\/01\/Torre-240x172.webp",240,172,true]},"rttpg_author":{"display_name":"rober","author_link":"https:\/\/livingmultimediosde.net.ar\/INDEX\/author\/rober\/"},"rttpg_comment":0,"rttpg_category":"<a href=\"https:\/\/livingmultimediosde.net.ar\/INDEX\/category\/interes-general\/\" rel=\"category tag\">INTERES GENERAL<\/a>","rttpg_excerpt":"En medio del entramado comercial del barrio de Balvanera, una de las zonas m\u00e1s densas y menos observadas de la ciudad de Buenos Aires, se levanta uno de los edificios m\u00e1s singulares de la arquitectura urbana del siglo XX: la Torre Saint. Construido entre 1925 y 1928, esta obra emblem\u00e1tica del art dec\u00f3 porte\u00f1o constituye&hellip;","_links":{"self":[{"href":"https:\/\/livingmultimediosde.net.ar\/INDEX\/wp-json\/wp\/v2\/posts\/22630","targetHints":{"allow":["GET"]}}],"collection":[{"href":"https:\/\/livingmultimediosde.net.ar\/INDEX\/wp-json\/wp\/v2\/posts"}],"about":[{"href":"https:\/\/livingmultimediosde.net.ar\/INDEX\/wp-json\/wp\/v2\/types\/post"}],"author":[{"embeddable":true,"href":"https:\/\/livingmultimediosde.net.ar\/INDEX\/wp-json\/wp\/v2\/users\/1"}],"replies":[{"embeddable":true,"href":"https:\/\/livingmultimediosde.net.ar\/INDEX\/wp-json\/wp\/v2\/comments?post=22630"}],"version-history":[{"count":1,"href":"https:\/\/livingmultimediosde.net.ar\/INDEX\/wp-json\/wp\/v2\/posts\/22630\/revisions"}],"predecessor-version":[{"id":22632,"href":"https:\/\/livingmultimediosde.net.ar\/INDEX\/wp-json\/wp\/v2\/posts\/22630\/revisions\/22632"}],"wp:featuredmedia":[{"embeddable":true,"href":"https:\/\/livingmultimediosde.net.ar\/INDEX\/wp-json\/wp\/v2\/media\/22631"}],"wp:attachment":[{"href":"https:\/\/livingmultimediosde.net.ar\/INDEX\/wp-json\/wp\/v2\/media?parent=22630"}],"wp:term":[{"taxonomy":"category","embeddable":true,"href":"https:\/\/livingmultimediosde.net.ar\/INDEX\/wp-json\/wp\/v2\/categories?post=22630"},{"taxonomy":"post_tag","embeddable":true,"href":"https:\/\/livingmultimediosde.net.ar\/INDEX\/wp-json\/wp\/v2\/tags?post=22630"}],"curies":[{"name":"wp","href":"https:\/\/api.w.org\/{rel}","templated":true}]}}