{"id":22172,"date":"2026-01-07T23:07:17","date_gmt":"2026-01-07T23:07:17","guid":{"rendered":"https:\/\/livingmultimediosde.net.ar\/INDEX\/?p=22172"},"modified":"2026-01-07T23:07:17","modified_gmt":"2026-01-07T23:07:17","slug":"las-termas-sera-sede-de-una-nueva-fecha-del-triatlon-regional","status":"publish","type":"post","link":"https:\/\/livingmultimediosde.net.ar\/INDEX\/2026\/01\/las-termas-sera-sede-de-una-nueva-fecha-del-triatlon-regional\/","title":{"rendered":"Las Termas ser\u00e1 sede de una nueva fecha del Triatl\u00f3n Regional"},"content":{"rendered":"<p>La ciudad de Las Termas de R\u00edo Hondo ser\u00e1 escenario el domingo 11 de enero de la tercera fecha del Campeonato Santiague\u00f1o de Triatl\u00f3n \u201cMiguel Fonseca\u201d y del Campeonato Regional del NOA.<br \/>\nLa prueba se desarrollar\u00e1 en Eco Playa del Lago, a partir de las 8.30.<br \/>\nLa invitaci\u00f3n oficial fue realizada por el secretario de Deportes de la provincia, Carlos Dapello, junto con el presidente de la Asociaci\u00f3n Santiague\u00f1a de Triatl\u00f3n y Duatl\u00f3n, Jorge T\u00e9vez, quienes resaltaron que la ciudad tambi\u00e9n ser\u00e1 sede de una fecha del Campeonato Argentino de Triatl\u00f3n, programada para el 8 de febrero, ratificando la relevancia de la provincia dentro del calendario nacional de la disciplina.<br \/>\nEl evento contar\u00e1 con la participaci\u00f3n de atletas de Jujuy, Salta, Catamarca y La Rioja, fortaleciendo el posicionamiento de Las Termas de R\u00edo Hondo como sede de importantes competencias deportivas.<\/p>\n","protected":false},"excerpt":{"rendered":"<p>La ciudad de Las Termas de R\u00edo Hondo ser\u00e1 escenario el domingo 11 de enero de la tercera fecha del Campeonato Santiague\u00f1o de Triatl\u00f3n \u201cMiguel Fonseca\u201d y del Campeonato Regional del NOA. La prueba se desarrollar\u00e1 en Eco Playa del Lago, a partir de las 8.30. La invitaci\u00f3n oficial fue realizada por el secretario de Deportes de la provincia, Carlos Dapello, junto con el presidente de la Asociaci\u00f3n Santiague\u00f1a de Triatl\u00f3n y Duatl\u00f3n, Jorge T\u00e9vez, quienes resaltaron que la ciudad tambi\u00e9n ser\u00e1 sede de una fecha del Campeonato Argentino de&hellip;<\/p>\n","protected":false},"author":1,"featured_media":22173,"comment_status":"closed","ping_status":"closed","sticky":false,"template":"","format":"standard","meta":{"footnotes":""},"categories":[9],"tags":[],"class_list":["post-22172","post","type-post","status-publish","format-standard","has-post-thumbnail","hentry","category-noticias"],"rttpg_featured_image_url":{"full":["https:\/\/livingmultimediosde.net.ar\/INDEX\/wp-content\/uploads\/2026\/01\/entermas.jpeg",1466,977,false],"landscape":["https:\/\/livingmultimediosde.net.ar\/INDEX\/wp-content\/uploads\/2026\/01\/entermas.jpeg",1466,977,false],"portraits":["https:\/\/livingmultimediosde.net.ar\/INDEX\/wp-content\/uploads\/2026\/01\/entermas.jpeg",1466,977,false],"thumbnail":["https:\/\/livingmultimediosde.net.ar\/INDEX\/wp-content\/uploads\/2026\/01\/entermas-150x150.jpeg",150,150,true],"medium":["https:\/\/livingmultimediosde.net.ar\/INDEX\/wp-content\/uploads\/2026\/01\/entermas-300x200.jpeg",300,200,true],"large":["https:\/\/livingmultimediosde.net.ar\/INDEX\/wp-content\/uploads\/2026\/01\/entermas-1024x682.jpeg",640,426,true],"1536x1536":["https:\/\/livingmultimediosde.net.ar\/INDEX\/wp-content\/uploads\/2026\/01\/entermas.jpeg",1466,977,false],"2048x2048":["https:\/\/livingmultimediosde.net.ar\/INDEX\/wp-content\/uploads\/2026\/01\/entermas.jpeg",1466,977,false],"post-thumbnail":["https:\/\/livingmultimediosde.net.ar\/INDEX\/wp-content\/uploads\/2026\/01\/entermas-240x172.jpeg",240,172,true]},"rttpg_author":{"display_name":"rober","author_link":"https:\/\/livingmultimediosde.net.ar\/INDEX\/author\/rober\/"},"rttpg_comment":0,"rttpg_category":"<a href=\"https:\/\/livingmultimediosde.net.ar\/INDEX\/category\/noticias\/\" rel=\"category tag\">NOTICIAS<\/a>","rttpg_excerpt":"La ciudad de Las Termas de R\u00edo Hondo ser\u00e1 escenario el domingo 11 de enero de la tercera fecha del Campeonato Santiague\u00f1o de Triatl\u00f3n \u201cMiguel Fonseca\u201d y del Campeonato Regional del NOA. La prueba se desarrollar\u00e1 en Eco Playa del Lago, a partir de las 8.30. La invitaci\u00f3n oficial fue realizada por el secretario de&hellip;","_links":{"self":[{"href":"https:\/\/livingmultimediosde.net.ar\/INDEX\/wp-json\/wp\/v2\/posts\/22172","targetHints":{"allow":["GET"]}}],"collection":[{"href":"https:\/\/livingmultimediosde.net.ar\/INDEX\/wp-json\/wp\/v2\/posts"}],"about":[{"href":"https:\/\/livingmultimediosde.net.ar\/INDEX\/wp-json\/wp\/v2\/types\/post"}],"author":[{"embeddable":true,"href":"https:\/\/livingmultimediosde.net.ar\/INDEX\/wp-json\/wp\/v2\/users\/1"}],"replies":[{"embeddable":true,"href":"https:\/\/livingmultimediosde.net.ar\/INDEX\/wp-json\/wp\/v2\/comments?post=22172"}],"version-history":[{"count":1,"href":"https:\/\/livingmultimediosde.net.ar\/INDEX\/wp-json\/wp\/v2\/posts\/22172\/revisions"}],"predecessor-version":[{"id":22174,"href":"https:\/\/livingmultimediosde.net.ar\/INDEX\/wp-json\/wp\/v2\/posts\/22172\/revisions\/22174"}],"wp:featuredmedia":[{"embeddable":true,"href":"https:\/\/livingmultimediosde.net.ar\/INDEX\/wp-json\/wp\/v2\/media\/22173"}],"wp:attachment":[{"href":"https:\/\/livingmultimediosde.net.ar\/INDEX\/wp-json\/wp\/v2\/media?parent=22172"}],"wp:term":[{"taxonomy":"category","embeddable":true,"href":"https:\/\/livingmultimediosde.net.ar\/INDEX\/wp-json\/wp\/v2\/categories?post=22172"},{"taxonomy":"post_tag","embeddable":true,"href":"https:\/\/livingmultimediosde.net.ar\/INDEX\/wp-json\/wp\/v2\/tags?post=22172"}],"curies":[{"name":"wp","href":"https:\/\/api.w.org\/{rel}","templated":true}]}}