{"id":20780,"date":"2025-12-23T19:35:22","date_gmt":"2025-12-23T19:35:22","guid":{"rendered":"https:\/\/livingmultimediosde.net.ar\/INDEX\/?p=20780"},"modified":"2025-12-23T19:35:22","modified_gmt":"2025-12-23T19:35:22","slug":"malbran-celebro-sus-136-aniversario-con-inauguracion-de-obras","status":"publish","type":"post","link":"https:\/\/livingmultimediosde.net.ar\/INDEX\/2025\/12\/malbran-celebro-sus-136-aniversario-con-inauguracion-de-obras\/","title":{"rendered":"Malbr\u00e1n celebr\u00f3 sus 136\u00b0 aniversario con inauguraci\u00f3n de obras"},"content":{"rendered":"<div id=\"inner-wrap\" class=\"wrap hfeed kt-clear\">\n<div id=\"primary\" class=\"content-area\">\n<div class=\"content-container site-container\"><main id=\"main\" class=\"site-main\" role=\"main\"><\/p>\n<div class=\"content-wrap\">\n<article id=\"post-53998\" class=\"entry content-bg single-entry post-53998 post type-post status-publish format-standard has-post-thumbnail hentry category-interior category-obras-publicas category-portada tag-interior tag-malbran tag-santiago-del-estero\">\n<div class=\"entry-content-wrap\">\n<div class=\"entry-content single-content\">\n<p>Con un emotivo acto que convoc\u00f3 a gran cantidad de vecinos y la inauguraci\u00f3n de obras, la comunidad de\u00a0<strong>Malbr\u00e1n, ubicada en el departamento Aguirre, celebr\u00f3 su 136\u00b0 aniversario<\/strong>.<\/p>\n<figure class=\"wp-block-image size-large\"><img decoding=\"async\" data-src=\"https:\/\/sde.gob.ar\/wp-content\/uploads\/2025\/12\/IMG-20251223-WA0020-1024x623.jpg\" data-srcset=\"https:\/\/sde.gob.ar\/wp-content\/uploads\/2025\/12\/IMG-20251223-WA0020-1024x623.jpg 1024w, https:\/\/sde.gob.ar\/wp-content\/uploads\/2025\/12\/IMG-20251223-WA0020-300x182.jpg 300w, https:\/\/sde.gob.ar\/wp-content\/uploads\/2025\/12\/IMG-20251223-WA0020-768x467.jpg 768w, https:\/\/sde.gob.ar\/wp-content\/uploads\/2025\/12\/IMG-20251223-WA0020-1536x934.jpg 1536w, https:\/\/sde.gob.ar\/wp-content\/uploads\/2025\/12\/IMG-20251223-WA0020-2048x1246.jpg 2048w\" class=\"wp-image-53999 lazyload\" src=\"data:image\/gif;base64,R0lGODlhAQABAIAAAAAAAP\/\/\/yH5BAEAAAAALAAAAAABAAEAAAIBRAA7\" sizes=\"(max-width: 1024px) 100vw, 1024px\"  alt=\"\" width=\"1024\" height=\"623\" \/><noscript><img decoding=\"async\" class=\"wp-image-53999\" src=\"https:\/\/sde.gob.ar\/wp-content\/uploads\/2025\/12\/IMG-20251223-WA0020-1024x623.jpg\" sizes=\"(max-width: 1024px) 100vw, 1024px\" srcset=\"https:\/\/sde.gob.ar\/wp-content\/uploads\/2025\/12\/IMG-20251223-WA0020-1024x623.jpg 1024w, https:\/\/sde.gob.ar\/wp-content\/uploads\/2025\/12\/IMG-20251223-WA0020-300x182.jpg 300w, https:\/\/sde.gob.ar\/wp-content\/uploads\/2025\/12\/IMG-20251223-WA0020-768x467.jpg 768w, https:\/\/sde.gob.ar\/wp-content\/uploads\/2025\/12\/IMG-20251223-WA0020-1536x934.jpg 1536w, https:\/\/sde.gob.ar\/wp-content\/uploads\/2025\/12\/IMG-20251223-WA0020-2048x1246.jpg 2048w\" alt=\"\" width=\"1024\" height=\"623\"><\/noscript><\/figure>\n<p>.<br \/>\nLa ceremonia cont\u00f3 con la presencia del ministro de Desarrollo Social,\u00a0<strong>\u00c1ngel Niccolai<\/strong>, y la presidenta provisional de la C\u00e1mara de Diputados,\u00a0<strong>Norma Abdala de Matarazzo,<\/strong>\u00a0entre otros invitados que recibieron la bienvenida del comisionado municipal\u00a0<strong>Julio Eduardo Dom\u00ednguez.<\/strong><\/p>\n<p>En este marco, quedaron formalmente inauguradas nuevas viviendas sociales y\u00a0<strong>8.000 metros cuadrados de pavimentaci\u00f3n en la calle Chacabuco.<\/strong><\/p>\n<figure class=\"wp-block-image size-large\"><img decoding=\"async\" data-src=\"https:\/\/sde.gob.ar\/wp-content\/uploads\/2025\/12\/IMG-20251223-WA0018-1024x682.jpg\" data-srcset=\"https:\/\/sde.gob.ar\/wp-content\/uploads\/2025\/12\/IMG-20251223-WA0018-1024x682.jpg 1024w, https:\/\/sde.gob.ar\/wp-content\/uploads\/2025\/12\/IMG-20251223-WA0018-300x200.jpg 300w, https:\/\/sde.gob.ar\/wp-content\/uploads\/2025\/12\/IMG-20251223-WA0018-768x512.jpg 768w, https:\/\/sde.gob.ar\/wp-content\/uploads\/2025\/12\/IMG-20251223-WA0018-1536x1024.jpg 1536w, https:\/\/sde.gob.ar\/wp-content\/uploads\/2025\/12\/IMG-20251223-WA0018-2048x1365.jpg 2048w\" class=\"wp-image-54001 lazyload\" src=\"data:image\/gif;base64,R0lGODlhAQABAIAAAAAAAP\/\/\/yH5BAEAAAAALAAAAAABAAEAAAIBRAA7\" sizes=\"(max-width: 1024px) 100vw, 1024px\"  alt=\"\" width=\"1024\" height=\"682\" \/><noscript><img decoding=\"async\" class=\"wp-image-54001\" src=\"https:\/\/sde.gob.ar\/wp-content\/uploads\/2025\/12\/IMG-20251223-WA0018-1024x682.jpg\" sizes=\"(max-width: 1024px) 100vw, 1024px\" srcset=\"https:\/\/sde.gob.ar\/wp-content\/uploads\/2025\/12\/IMG-20251223-WA0018-1024x682.jpg 1024w, https:\/\/sde.gob.ar\/wp-content\/uploads\/2025\/12\/IMG-20251223-WA0018-300x200.jpg 300w, https:\/\/sde.gob.ar\/wp-content\/uploads\/2025\/12\/IMG-20251223-WA0018-768x512.jpg 768w, https:\/\/sde.gob.ar\/wp-content\/uploads\/2025\/12\/IMG-20251223-WA0018-1536x1024.jpg 1536w, https:\/\/sde.gob.ar\/wp-content\/uploads\/2025\/12\/IMG-20251223-WA0018-2048x1365.jpg 2048w\" alt=\"\" width=\"1024\" height=\"682\"><\/noscript><\/figure>\n<p>Tambi\u00e9n se entregaron distinciones y reconocimientos a vecinos y vecinas destacados por su labor en los \u00e1mbitos art\u00edstico, cultural y de seguridad, valorando su aporte a la identidad comunitaria.<\/p>\n<p>En sus palabras de bienvenida,\u00a0<strong>el comisionado Dom\u00ednguez resalt\u00f3 la importancia de las obras viales y habitacionales, y agradeci\u00f3 el respaldo permanente del Gobierno provincial.\u00a0<\/strong>Asimismo, reconoci\u00f3 el esfuerzo de los empleados municipales y reafirm\u00f3 su compromiso de seguir trabajando con responsabilidad y cercan\u00eda para brindar respuestas concretas a Malbr\u00e1n.<\/p>\n<p>Por su parte,<strong>\u00a0el ministro \u00c1ngel Niccolai transmiti\u00f3 los saludos del gobernador El\u00edas Su\u00e1rez y manifest\u00f3: \u201cEs un honor acompa\u00f1ar a Malbr\u00e1n en un nuevo aniversario. Es fundamental recordar el esfuerzo de los pioneros y las corrientes inmigratorias que sentaron las bases de este desarrollo<\/strong>. Estas obras son el s\u00edmbolo de un a\u00f1o de realizaciones para la localidad y la provincia\u201d.<\/p>\n<p>Tambi\u00e9n destac\u00f3 el liderazgo del senador Gerardo Zamora, en defensa de los intereses provinciales desde el Congreso de la Naci\u00f3n y reafirm\u00f3 la voluntad de seguir trabajando de manera conjunta por el bienestar del interior santiague\u00f1o.<\/p>\n<p>A su turno,\u00a0<strong>Abdala de Matarazzo valor\u00f3\u201d las obras que mejoran la calidad de vida, como las viviendas que erradican ranchos y las pol\u00edticas de conectividad y educaci\u00f3n impulsadas desde 2005<\/strong>\u201c. \u201cTodo esto refleja un mensaje de igualdad e inclusi\u00f3n\u201d, dijo.<\/p>\n<p>El acto protocolar concluy\u00f3 con el tradicional canto del \u201cFeliz Cumplea\u00f1os\u201d, cerrando una jornada de celebraci\u00f3n y compromiso para toda la comunidad.<\/p>\n<\/div>\n<\/div>\n<\/article>\n<\/div>\n<p><\/main><\/div>\n<\/div>\n<\/div>\n<footer id=\"colophon\" class=\"site-footer\" role=\"contentinfo\">\n<div class=\"site-footer-wrap\">\n<div class=\"site-top-footer-wrap site-footer-row-container site-footer-focus-item site-footer-row-layout-standard site-footer-row-tablet-layout-default site-footer-row-mobile-layout-default\" data-section=\"kadence_customizer_footer_top\">\n<div class=\"site-footer-row-container-inner\">\n<div class=\"site-container\">\n<div class=\"site-top-footer-inner-wrap site-footer-row site-footer-row-columns-3 site-footer-row-column-layout-equal site-footer-row-tablet-column-layout-default site-footer-row-mobile-column-layout-row ft-ro-dir-row ft-ro-collapse-normal ft-ro-t-dir-default ft-ro-m-dir-default ft-ro-lstyle-plain\">\n<div class=\"site-footer-top-section-1 site-footer-section footer-section-inner-items-1\">\n<div class=\"footer-widget-area widget-area site-footer-focus-item footer-widget1 content-align-default content-tablet-align-default content-mobile-align-default content-valign-default content-tablet-valign-default content-mobile-valign-default\" data-section=\"sidebar-widgets-footer1\">\n<div class=\"footer-widget-area-inner site-info-inner\"><\/div>\n<\/div>\n<\/div>\n<\/div>\n<\/div>\n<\/div>\n<\/div>\n<\/div>\n<\/footer>\n","protected":false},"excerpt":{"rendered":"<p>Con un emotivo acto que convoc\u00f3 a gran cantidad de vecinos y la inauguraci\u00f3n de obras, la comunidad de\u00a0Malbr\u00e1n, ubicada en el departamento Aguirre, celebr\u00f3 su 136\u00b0 aniversario. . La ceremonia cont\u00f3 con la presencia del ministro de Desarrollo Social,\u00a0\u00c1ngel Niccolai, y la presidenta provisional de la C\u00e1mara de Diputados,\u00a0Norma Abdala de Matarazzo,\u00a0entre otros invitados que recibieron la bienvenida del comisionado municipal\u00a0Julio Eduardo Dom\u00ednguez. En este marco, quedaron formalmente inauguradas nuevas viviendas sociales y\u00a08.000 metros cuadrados de pavimentaci\u00f3n en la calle Chacabuco. Tambi\u00e9n se entregaron distinciones y reconocimientos a vecinos&hellip;<\/p>\n","protected":false},"author":1,"featured_media":20781,"comment_status":"closed","ping_status":"closed","sticky":false,"template":"","format":"standard","meta":{"footnotes":""},"categories":[9],"tags":[],"class_list":["post-20780","post","type-post","status-publish","format-standard","has-post-thumbnail","hentry","category-noticias"],"rttpg_featured_image_url":{"full":["https:\/\/livingmultimediosde.net.ar\/INDEX\/wp-content\/uploads\/2025\/12\/malbran.jpg",768,468,false],"landscape":["https:\/\/livingmultimediosde.net.ar\/INDEX\/wp-content\/uploads\/2025\/12\/malbran.jpg",768,468,false],"portraits":["https:\/\/livingmultimediosde.net.ar\/INDEX\/wp-content\/uploads\/2025\/12\/malbran.jpg",768,468,false],"thumbnail":["https:\/\/livingmultimediosde.net.ar\/INDEX\/wp-content\/uploads\/2025\/12\/malbran-150x150.jpg",150,150,true],"medium":["https:\/\/livingmultimediosde.net.ar\/INDEX\/wp-content\/uploads\/2025\/12\/malbran-300x183.jpg",300,183,true],"large":["https:\/\/livingmultimediosde.net.ar\/INDEX\/wp-content\/uploads\/2025\/12\/malbran.jpg",640,390,false],"1536x1536":["https:\/\/livingmultimediosde.net.ar\/INDEX\/wp-content\/uploads\/2025\/12\/malbran.jpg",768,468,false],"2048x2048":["https:\/\/livingmultimediosde.net.ar\/INDEX\/wp-content\/uploads\/2025\/12\/malbran.jpg",768,468,false],"post-thumbnail":["https:\/\/livingmultimediosde.net.ar\/INDEX\/wp-content\/uploads\/2025\/12\/malbran-240x172.jpg",240,172,true]},"rttpg_author":{"display_name":"rober","author_link":"https:\/\/livingmultimediosde.net.ar\/INDEX\/author\/rober\/"},"rttpg_comment":0,"rttpg_category":"<a href=\"https:\/\/livingmultimediosde.net.ar\/INDEX\/category\/noticias\/\" rel=\"category tag\">NOTICIAS<\/a>","rttpg_excerpt":"Con un emotivo acto que convoc\u00f3 a gran cantidad de vecinos y la inauguraci\u00f3n de obras, la comunidad de\u00a0Malbr\u00e1n, ubicada en el departamento Aguirre, celebr\u00f3 su 136\u00b0 aniversario. . La ceremonia cont\u00f3 con la presencia del ministro de Desarrollo Social,\u00a0\u00c1ngel Niccolai, y la presidenta provisional de la C\u00e1mara de Diputados,\u00a0Norma Abdala de Matarazzo,\u00a0entre otros invitados&hellip;","_links":{"self":[{"href":"https:\/\/livingmultimediosde.net.ar\/INDEX\/wp-json\/wp\/v2\/posts\/20780","targetHints":{"allow":["GET"]}}],"collection":[{"href":"https:\/\/livingmultimediosde.net.ar\/INDEX\/wp-json\/wp\/v2\/posts"}],"about":[{"href":"https:\/\/livingmultimediosde.net.ar\/INDEX\/wp-json\/wp\/v2\/types\/post"}],"author":[{"embeddable":true,"href":"https:\/\/livingmultimediosde.net.ar\/INDEX\/wp-json\/wp\/v2\/users\/1"}],"replies":[{"embeddable":true,"href":"https:\/\/livingmultimediosde.net.ar\/INDEX\/wp-json\/wp\/v2\/comments?post=20780"}],"version-history":[{"count":1,"href":"https:\/\/livingmultimediosde.net.ar\/INDEX\/wp-json\/wp\/v2\/posts\/20780\/revisions"}],"predecessor-version":[{"id":20782,"href":"https:\/\/livingmultimediosde.net.ar\/INDEX\/wp-json\/wp\/v2\/posts\/20780\/revisions\/20782"}],"wp:featuredmedia":[{"embeddable":true,"href":"https:\/\/livingmultimediosde.net.ar\/INDEX\/wp-json\/wp\/v2\/media\/20781"}],"wp:attachment":[{"href":"https:\/\/livingmultimediosde.net.ar\/INDEX\/wp-json\/wp\/v2\/media?parent=20780"}],"wp:term":[{"taxonomy":"category","embeddable":true,"href":"https:\/\/livingmultimediosde.net.ar\/INDEX\/wp-json\/wp\/v2\/categories?post=20780"},{"taxonomy":"post_tag","embeddable":true,"href":"https:\/\/livingmultimediosde.net.ar\/INDEX\/wp-json\/wp\/v2\/tags?post=20780"}],"curies":[{"name":"wp","href":"https:\/\/api.w.org\/{rel}","templated":true}]}}