{"id":16324,"date":"2025-11-10T11:41:39","date_gmt":"2025-11-10T11:41:39","guid":{"rendered":"https:\/\/livingmultimediosde.net.ar\/INDEX\/?p=16324"},"modified":"2025-11-10T11:42:08","modified_gmt":"2025-11-10T11:42:08","slug":"mauricio-macri-llevara-adelante-una-nueva-reunion-con-el-pro","status":"publish","type":"post","link":"https:\/\/livingmultimediosde.net.ar\/INDEX\/2025\/11\/mauricio-macri-llevara-adelante-una-nueva-reunion-con-el-pro\/","title":{"rendered":"Mauricio Macri llevar\u00e1 adelante una nueva reuni\u00f3n con el PRO"},"content":{"rendered":"\n<p class=\"wp-block-paragraph\">El ex presidente de la Naci\u00f3n y titular del PRO, Mauricio Macri, convoc\u00f3 a una reuni\u00f3n con los miembros del espacio por la despedida del a\u00f1o del Consejo Nacional, con el objetivo de analizar los sucesos acontecidos durante este a\u00f1o.<\/p>\n\n\n\n<p class=\"wp-block-paragraph\">El encuentro se producir\u00e1 este mi\u00e9rcoles 12 a las 10hs. en la sede central de la calle Balcarce en el barrio de San Telmo; uno de los puntos fundamentales que debatir\u00e1n ser\u00e1n los resultados de las \u00faltimas legislativas nacionales y de las adhesiones que absorbi\u00f3 La Libertad Avanza (LLA).<\/p>\n\n\n\n<p class=\"wp-block-paragraph\">Esta reuni\u00f3n se da en un marco de un nuevo episodio de tensi\u00f3n entre LLA y el PRO, que se reflot\u00f3 en el \u00faltimo encuentro entre Macri y el presidente Javier Milei d\u00f3nde \u00abno lograron ponerse de acuerdo\u00bb en ciertos puntos, como confirm\u00f3 el ex mandatario, quien tambi\u00e9n calific\u00f3 de \u00abnegativa\u00bb la aceptaci\u00f3n de la renuncia del ex jefe de gabinete Guillermo Francos y de poner en su lugar a alguien \u00absin experiencia\u00bb como Manuel Adorni.<\/p>\n\n\n\n<p class=\"wp-block-paragraph\">Estas diferencias, que hoy resurgen, se empezaron a visibilizar durante las legislativas porte\u00f1as, el pasado 18 de mayo, d\u00f3nde una de las figuras m\u00e1s importantes del espacio macrista, Silvia Lospennato, se enfrent\u00f3 a Milei por la ca\u00edda del proyecto de &#8216;Ficha Limpia&#8217;, quien asegur\u00f3 que el Presidente la defraud\u00f3 \u00abdespu\u00e9s de leer el infame comunicado, d\u00f3nde se lavaron las manos\u00bb y la acusaron de ser la responsable de que la iniciativa no tuviera los votos necesarios para promulgarse, cuando ni siquiera era senadora.<\/p>\n\n\n\n<p class=\"wp-block-paragraph\">Esa situaci\u00f3n hizo tambalear la posible unidad entre ambos espacios, sin embargo, se oficializ\u00f3 una lista \u00fanica en las elecciones de septiembre en la provincia de Buenos Aires e, incluso, se extendi\u00f3 a las legislativas nacionales.<\/p>\n\n\n\n<p class=\"wp-block-paragraph\">A pesar de que muchos integrantes del PRO est\u00e1n conformes con la alianza, hay ciertas personalidades, como Mar\u00eda Eugenia Vidal, que no est\u00e1n de acuerdo con el escenario que enfrenta el partido liderado por Macri, m\u00e1s a\u00fan cuando una de las figuras que m\u00e1s ha recobrado fuerza dentro de LLA es el nuevo ministro del Interior, Diego Santilli (PRO).<\/p>\n\n\n\n<p class=\"wp-block-paragraph\">Por el momento, no trascendieron los nombres de los posibles asistentes a la reuni\u00f3n que propuso Macri para este mi\u00e9rcoles, aunque hay probabilidades de que est\u00e9n presentes el presidente del bloque de Diputados, Cristian Ritondo, y el jefe de Gobierno de la Ciudad de Buenos Aires, Jorge Macri.<\/p>\n","protected":false},"excerpt":{"rendered":"<p>El ex presidente de la Naci\u00f3n y titular del PRO, Mauricio Macri, convoc\u00f3 a una reuni\u00f3n con los miembros del espacio por la despedida del a\u00f1o del Consejo Nacional, con el objetivo de analizar los sucesos acontecidos durante este a\u00f1o. El encuentro se producir\u00e1 este mi\u00e9rcoles 12 a las 10hs. en la sede central de la calle Balcarce en el barrio de San Telmo; uno de los puntos fundamentales que debatir\u00e1n ser\u00e1n los resultados de las \u00faltimas legislativas nacionales y de las adhesiones que absorbi\u00f3 La Libertad Avanza (LLA). Esta&hellip;<\/p>\n","protected":false},"author":1,"featured_media":16325,"comment_status":"closed","ping_status":"closed","sticky":false,"template":"","format":"standard","meta":{"footnotes":""},"categories":[4],"tags":[],"class_list":["post-16324","post","type-post","status-publish","format-standard","has-post-thumbnail","hentry","category-interes-general"],"rttpg_featured_image_url":{"full":["https:\/\/livingmultimediosde.net.ar\/INDEX\/wp-content\/uploads\/2025\/11\/gfdere.webp",1080,720,false],"landscape":["https:\/\/livingmultimediosde.net.ar\/INDEX\/wp-content\/uploads\/2025\/11\/gfdere.webp",1080,720,false],"portraits":["https:\/\/livingmultimediosde.net.ar\/INDEX\/wp-content\/uploads\/2025\/11\/gfdere.webp",1080,720,false],"thumbnail":["https:\/\/livingmultimediosde.net.ar\/INDEX\/wp-content\/uploads\/2025\/11\/gfdere-150x150.webp",150,150,true],"medium":["https:\/\/livingmultimediosde.net.ar\/INDEX\/wp-content\/uploads\/2025\/11\/gfdere-300x200.webp",300,200,true],"large":["https:\/\/livingmultimediosde.net.ar\/INDEX\/wp-content\/uploads\/2025\/11\/gfdere-1024x683.webp",640,427,true],"1536x1536":["https:\/\/livingmultimediosde.net.ar\/INDEX\/wp-content\/uploads\/2025\/11\/gfdere.webp",1080,720,false],"2048x2048":["https:\/\/livingmultimediosde.net.ar\/INDEX\/wp-content\/uploads\/2025\/11\/gfdere.webp",1080,720,false],"post-thumbnail":["https:\/\/livingmultimediosde.net.ar\/INDEX\/wp-content\/uploads\/2025\/11\/gfdere-240x172.webp",240,172,true]},"rttpg_author":{"display_name":"rober","author_link":"https:\/\/livingmultimediosde.net.ar\/INDEX\/author\/rober\/"},"rttpg_comment":0,"rttpg_category":"<a href=\"https:\/\/livingmultimediosde.net.ar\/INDEX\/category\/interes-general\/\" rel=\"category tag\">INTERES GENERAL<\/a>","rttpg_excerpt":"El ex presidente de la Naci\u00f3n y titular del PRO, Mauricio Macri, convoc\u00f3 a una reuni\u00f3n con los miembros del espacio por la despedida del a\u00f1o del Consejo Nacional, con el objetivo de analizar los sucesos acontecidos durante este a\u00f1o. El encuentro se producir\u00e1 este mi\u00e9rcoles 12 a las 10hs. en la sede central de&hellip;","_links":{"self":[{"href":"https:\/\/livingmultimediosde.net.ar\/INDEX\/wp-json\/wp\/v2\/posts\/16324","targetHints":{"allow":["GET"]}}],"collection":[{"href":"https:\/\/livingmultimediosde.net.ar\/INDEX\/wp-json\/wp\/v2\/posts"}],"about":[{"href":"https:\/\/livingmultimediosde.net.ar\/INDEX\/wp-json\/wp\/v2\/types\/post"}],"author":[{"embeddable":true,"href":"https:\/\/livingmultimediosde.net.ar\/INDEX\/wp-json\/wp\/v2\/users\/1"}],"replies":[{"embeddable":true,"href":"https:\/\/livingmultimediosde.net.ar\/INDEX\/wp-json\/wp\/v2\/comments?post=16324"}],"version-history":[{"count":1,"href":"https:\/\/livingmultimediosde.net.ar\/INDEX\/wp-json\/wp\/v2\/posts\/16324\/revisions"}],"predecessor-version":[{"id":16326,"href":"https:\/\/livingmultimediosde.net.ar\/INDEX\/wp-json\/wp\/v2\/posts\/16324\/revisions\/16326"}],"wp:featuredmedia":[{"embeddable":true,"href":"https:\/\/livingmultimediosde.net.ar\/INDEX\/wp-json\/wp\/v2\/media\/16325"}],"wp:attachment":[{"href":"https:\/\/livingmultimediosde.net.ar\/INDEX\/wp-json\/wp\/v2\/media?parent=16324"}],"wp:term":[{"taxonomy":"category","embeddable":true,"href":"https:\/\/livingmultimediosde.net.ar\/INDEX\/wp-json\/wp\/v2\/categories?post=16324"},{"taxonomy":"post_tag","embeddable":true,"href":"https:\/\/livingmultimediosde.net.ar\/INDEX\/wp-json\/wp\/v2\/tags?post=16324"}],"curies":[{"name":"wp","href":"https:\/\/api.w.org\/{rel}","templated":true}]}}