{"id":16321,"date":"2025-11-10T11:16:22","date_gmt":"2025-11-10T11:16:22","guid":{"rendered":"https:\/\/livingmultimediosde.net.ar\/INDEX\/?p=16321"},"modified":"2025-11-10T11:17:42","modified_gmt":"2025-11-10T11:17:42","slug":"catamarca-dos-jovenes-fueron-apunalados-y-uno-de-ellos-esta-grave","status":"publish","type":"post","link":"https:\/\/livingmultimediosde.net.ar\/INDEX\/2025\/11\/catamarca-dos-jovenes-fueron-apunalados-y-uno-de-ellos-esta-grave\/","title":{"rendered":"Catamarca: dos j\u00f3venes fueron apu\u00f1alados y uno de ellos est\u00e1 grave"},"content":{"rendered":"\n<p class=\"wp-block-paragraph\">Dos j\u00f3venes fueron brutalmente atacados por al menos cuatro personas que los agredieron con armas blancas en la localidad catamarque\u00f1a de San Antonio y uno de ellos se encuentra en grave estado.<\/p>\n\n\n\n<p class=\"wp-block-paragraph\">El hecho ocurri\u00f3 alrededor de las 5 de la madrugada del domingo en la citada localidad del departamento de Fray Mamerto Esqui\u00fa, seg\u00fan fuentes policiales que indicaron que las v\u00edctimas son dos j\u00f3venes de de 24 y 25 a\u00f1os, identificados como Agust\u00edn Elizalde y \u00c1ngel Jos\u00e9 Vizcarra.<\/p>\n\n\n\n<p class=\"wp-block-paragraph\">De acuerdo con las primeras informaciones, ambos fueron atacados por personas con las que, presumiblemente, habr\u00edan mantenido alg\u00fan tipo de discusi\u00f3n o altercado previo y, seg\u00fan indic\u00f3 El Esqui\u00fa de Catamarca la confrontaci\u00f3n escal\u00f3 r\u00e1pidamente cuando los agresores sacaron armas blancas, tras lo cual apu\u00f1alaron a los dos j\u00f3venes.<\/p>\n\n\n\n<p class=\"wp-block-paragraph\">Tras la agresi\u00f3n, las v\u00edctimas fueron auxiliadas y trasladadas de urgencia al Hospital San Juan Bautista, mientras que se indic\u00f3 que es prepcupante el estado de salud de Elizalde debido a que sufri\u00f3 heridas de gravedad que comprometieron \u00f3rganos vitales.<\/p>\n\n\n\n<p class=\"wp-block-paragraph\">En tanto, Vizcarra tambi\u00e9n recibi\u00f3 heridas cortantes y punzantes, pero su pron\u00f3stico ser\u00eda m\u00e1s estable y ambos j\u00f3venes se encuentran bajo estricta observaci\u00f3n m\u00e9dica, seg\u00fan supo la Agencia Noticias Argentinas.<\/p>\n\n\n\n<p class=\"wp-block-paragraph\">Efectivos policiales de la Comisar\u00eda Tercera y de la Divisi\u00f3n Investigaciones intervinieron en el hecho, mientras que la Justicia, a trav\u00e9s de la Fiscal\u00eda de Instrucci\u00f3n del distrito este en turno, inici\u00f3 las diligencias para identificar y capturar a los responsables del violento ataque.<\/p>\n\n\n\n<p class=\"wp-block-paragraph\">Por su parte, los investigadores revisaron las c\u00e1maras de seguridad de la zona para determinar la secuencia del hecho e identificar a los agresores.<\/p>\n","protected":false},"excerpt":{"rendered":"<p>Dos j\u00f3venes fueron brutalmente atacados por al menos cuatro personas que los agredieron con armas blancas en la localidad catamarque\u00f1a de San Antonio y uno de ellos se encuentra en grave estado. El hecho ocurri\u00f3 alrededor de las 5 de la madrugada del domingo en la citada localidad del departamento de Fray Mamerto Esqui\u00fa, seg\u00fan fuentes policiales que indicaron que las v\u00edctimas son dos j\u00f3venes de de 24 y 25 a\u00f1os, identificados como Agust\u00edn Elizalde y \u00c1ngel Jos\u00e9 Vizcarra. De acuerdo con las primeras informaciones, ambos fueron atacados por personas&hellip;<\/p>\n","protected":false},"author":1,"featured_media":16322,"comment_status":"closed","ping_status":"closed","sticky":false,"template":"","format":"standard","meta":{"footnotes":""},"categories":[4],"tags":[],"class_list":["post-16321","post","type-post","status-publish","format-standard","has-post-thumbnail","hentry","category-interes-general"],"rttpg_featured_image_url":{"full":["https:\/\/livingmultimediosde.net.ar\/INDEX\/wp-content\/uploads\/2025\/11\/Catamarca.webp",1280,720,false],"landscape":["https:\/\/livingmultimediosde.net.ar\/INDEX\/wp-content\/uploads\/2025\/11\/Catamarca.webp",1280,720,false],"portraits":["https:\/\/livingmultimediosde.net.ar\/INDEX\/wp-content\/uploads\/2025\/11\/Catamarca.webp",1280,720,false],"thumbnail":["https:\/\/livingmultimediosde.net.ar\/INDEX\/wp-content\/uploads\/2025\/11\/Catamarca-150x150.webp",150,150,true],"medium":["https:\/\/livingmultimediosde.net.ar\/INDEX\/wp-content\/uploads\/2025\/11\/Catamarca-300x169.webp",300,169,true],"large":["https:\/\/livingmultimediosde.net.ar\/INDEX\/wp-content\/uploads\/2025\/11\/Catamarca-1024x576.webp",640,360,true],"1536x1536":["https:\/\/livingmultimediosde.net.ar\/INDEX\/wp-content\/uploads\/2025\/11\/Catamarca.webp",1280,720,false],"2048x2048":["https:\/\/livingmultimediosde.net.ar\/INDEX\/wp-content\/uploads\/2025\/11\/Catamarca.webp",1280,720,false],"post-thumbnail":["https:\/\/livingmultimediosde.net.ar\/INDEX\/wp-content\/uploads\/2025\/11\/Catamarca-240x172.webp",240,172,true]},"rttpg_author":{"display_name":"rober","author_link":"https:\/\/livingmultimediosde.net.ar\/INDEX\/author\/rober\/"},"rttpg_comment":0,"rttpg_category":"<a href=\"https:\/\/livingmultimediosde.net.ar\/INDEX\/category\/interes-general\/\" rel=\"category tag\">INTERES GENERAL<\/a>","rttpg_excerpt":"Dos j\u00f3venes fueron brutalmente atacados por al menos cuatro personas que los agredieron con armas blancas en la localidad catamarque\u00f1a de San Antonio y uno de ellos se encuentra en grave estado. El hecho ocurri\u00f3 alrededor de las 5 de la madrugada del domingo en la citada localidad del departamento de Fray Mamerto Esqui\u00fa, seg\u00fan&hellip;","_links":{"self":[{"href":"https:\/\/livingmultimediosde.net.ar\/INDEX\/wp-json\/wp\/v2\/posts\/16321","targetHints":{"allow":["GET"]}}],"collection":[{"href":"https:\/\/livingmultimediosde.net.ar\/INDEX\/wp-json\/wp\/v2\/posts"}],"about":[{"href":"https:\/\/livingmultimediosde.net.ar\/INDEX\/wp-json\/wp\/v2\/types\/post"}],"author":[{"embeddable":true,"href":"https:\/\/livingmultimediosde.net.ar\/INDEX\/wp-json\/wp\/v2\/users\/1"}],"replies":[{"embeddable":true,"href":"https:\/\/livingmultimediosde.net.ar\/INDEX\/wp-json\/wp\/v2\/comments?post=16321"}],"version-history":[{"count":1,"href":"https:\/\/livingmultimediosde.net.ar\/INDEX\/wp-json\/wp\/v2\/posts\/16321\/revisions"}],"predecessor-version":[{"id":16323,"href":"https:\/\/livingmultimediosde.net.ar\/INDEX\/wp-json\/wp\/v2\/posts\/16321\/revisions\/16323"}],"wp:featuredmedia":[{"embeddable":true,"href":"https:\/\/livingmultimediosde.net.ar\/INDEX\/wp-json\/wp\/v2\/media\/16322"}],"wp:attachment":[{"href":"https:\/\/livingmultimediosde.net.ar\/INDEX\/wp-json\/wp\/v2\/media?parent=16321"}],"wp:term":[{"taxonomy":"category","embeddable":true,"href":"https:\/\/livingmultimediosde.net.ar\/INDEX\/wp-json\/wp\/v2\/categories?post=16321"},{"taxonomy":"post_tag","embeddable":true,"href":"https:\/\/livingmultimediosde.net.ar\/INDEX\/wp-json\/wp\/v2\/tags?post=16321"}],"curies":[{"name":"wp","href":"https:\/\/api.w.org\/{rel}","templated":true}]}}