{"id":16303,"date":"2025-11-08T14:03:50","date_gmt":"2025-11-08T14:03:50","guid":{"rendered":"https:\/\/livingmultimediosde.net.ar\/INDEX\/?p=16303"},"modified":"2025-11-08T14:03:54","modified_gmt":"2025-11-08T14:03:54","slug":"el-cic-campo-contreras-trabajo-en-un-taller-sobre-las-emociones-con-alumnos-del-jardin-municipal-n24","status":"publish","type":"post","link":"https:\/\/livingmultimediosde.net.ar\/INDEX\/2025\/11\/el-cic-campo-contreras-trabajo-en-un-taller-sobre-las-emociones-con-alumnos-del-jardin-municipal-n24\/","title":{"rendered":"El CIC Campo Contreras trabaj\u00f3 en un taller sobre las emociones con alumnos del Jard\u00edn Municipal N\u00b024"},"content":{"rendered":"\n<p class=\"wp-block-paragraph\">El CIC Campo Contreras brind\u00f3 un taller sobre las emociones a los alumnos de las salas de 4 y 5 a\u00f1os del Jard\u00edn de Infantes municipal N\u00b024 \u201cHilda J. D\u00edaz de Rocha\u201d.<br>Formaron parte tambi\u00e9n de ese espacio, estudiantes del 1\u00b0 a\u00f1o de la carrera de Enfermer\u00eda del Instituto \u201cMonse\u00f1or Gottau\u201d, quienes colaboraron con las tareas, juegos y diferentes actividades desplegadas para ense\u00f1ar a los peque\u00f1os.<br>En el cierre, los profesionales del CIC, que depende de la Municipalidad, a cargo del taller, expresaron: \u201cFue una experiencia enriquecedora que promovi\u00f3 el aprendizaje emocional, el trabajo en equipo y la empat\u00eda\u201d.<\/p>\n","protected":false},"excerpt":{"rendered":"<p>El CIC Campo Contreras brind\u00f3 un taller sobre las emociones a los alumnos de las salas de 4 y 5 a\u00f1os del Jard\u00edn de Infantes municipal N\u00b024 \u201cHilda J. D\u00edaz de Rocha\u201d.Formaron parte tambi\u00e9n de ese espacio, estudiantes del 1\u00b0 a\u00f1o de la carrera de Enfermer\u00eda del Instituto \u201cMonse\u00f1or Gottau\u201d, quienes colaboraron con las tareas, juegos y diferentes actividades desplegadas para ense\u00f1ar a los peque\u00f1os.En el cierre, los profesionales del CIC, que depende de la Municipalidad, a cargo del taller, expresaron: \u201cFue una experiencia enriquecedora que promovi\u00f3 el aprendizaje emocional,&hellip;<\/p>\n","protected":false},"author":1,"featured_media":16304,"comment_status":"closed","ping_status":"closed","sticky":false,"template":"","format":"standard","meta":{"footnotes":""},"categories":[9],"tags":[],"class_list":["post-16303","post","type-post","status-publish","format-standard","has-post-thumbnail","hentry","category-noticias"],"rttpg_featured_image_url":{"full":["https:\/\/livingmultimediosde.net.ar\/INDEX\/wp-content\/uploads\/2025\/11\/Electricidad-calle-Islas-Malvinas.jpg",1280,853,false],"landscape":["https:\/\/livingmultimediosde.net.ar\/INDEX\/wp-content\/uploads\/2025\/11\/Electricidad-calle-Islas-Malvinas.jpg",1280,853,false],"portraits":["https:\/\/livingmultimediosde.net.ar\/INDEX\/wp-content\/uploads\/2025\/11\/Electricidad-calle-Islas-Malvinas.jpg",1280,853,false],"thumbnail":["https:\/\/livingmultimediosde.net.ar\/INDEX\/wp-content\/uploads\/2025\/11\/Electricidad-calle-Islas-Malvinas-150x150.jpg",150,150,true],"medium":["https:\/\/livingmultimediosde.net.ar\/INDEX\/wp-content\/uploads\/2025\/11\/Electricidad-calle-Islas-Malvinas-300x200.jpg",300,200,true],"large":["https:\/\/livingmultimediosde.net.ar\/INDEX\/wp-content\/uploads\/2025\/11\/Electricidad-calle-Islas-Malvinas-1024x682.jpg",640,426,true],"1536x1536":["https:\/\/livingmultimediosde.net.ar\/INDEX\/wp-content\/uploads\/2025\/11\/Electricidad-calle-Islas-Malvinas.jpg",1280,853,false],"2048x2048":["https:\/\/livingmultimediosde.net.ar\/INDEX\/wp-content\/uploads\/2025\/11\/Electricidad-calle-Islas-Malvinas.jpg",1280,853,false],"post-thumbnail":["https:\/\/livingmultimediosde.net.ar\/INDEX\/wp-content\/uploads\/2025\/11\/Electricidad-calle-Islas-Malvinas-240x172.jpg",240,172,true]},"rttpg_author":{"display_name":"rober","author_link":"https:\/\/livingmultimediosde.net.ar\/INDEX\/author\/rober\/"},"rttpg_comment":0,"rttpg_category":"<a href=\"https:\/\/livingmultimediosde.net.ar\/INDEX\/category\/noticias\/\" rel=\"category tag\">NOTICIAS<\/a>","rttpg_excerpt":"El CIC Campo Contreras brind\u00f3 un taller sobre las emociones a los alumnos de las salas de 4 y 5 a\u00f1os del Jard\u00edn de Infantes municipal N\u00b024 \u201cHilda J. D\u00edaz de Rocha\u201d.Formaron parte tambi\u00e9n de ese espacio, estudiantes del 1\u00b0 a\u00f1o de la carrera de Enfermer\u00eda del Instituto \u201cMonse\u00f1or Gottau\u201d, quienes colaboraron con las tareas,&hellip;","_links":{"self":[{"href":"https:\/\/livingmultimediosde.net.ar\/INDEX\/wp-json\/wp\/v2\/posts\/16303","targetHints":{"allow":["GET"]}}],"collection":[{"href":"https:\/\/livingmultimediosde.net.ar\/INDEX\/wp-json\/wp\/v2\/posts"}],"about":[{"href":"https:\/\/livingmultimediosde.net.ar\/INDEX\/wp-json\/wp\/v2\/types\/post"}],"author":[{"embeddable":true,"href":"https:\/\/livingmultimediosde.net.ar\/INDEX\/wp-json\/wp\/v2\/users\/1"}],"replies":[{"embeddable":true,"href":"https:\/\/livingmultimediosde.net.ar\/INDEX\/wp-json\/wp\/v2\/comments?post=16303"}],"version-history":[{"count":1,"href":"https:\/\/livingmultimediosde.net.ar\/INDEX\/wp-json\/wp\/v2\/posts\/16303\/revisions"}],"predecessor-version":[{"id":16305,"href":"https:\/\/livingmultimediosde.net.ar\/INDEX\/wp-json\/wp\/v2\/posts\/16303\/revisions\/16305"}],"wp:featuredmedia":[{"embeddable":true,"href":"https:\/\/livingmultimediosde.net.ar\/INDEX\/wp-json\/wp\/v2\/media\/16304"}],"wp:attachment":[{"href":"https:\/\/livingmultimediosde.net.ar\/INDEX\/wp-json\/wp\/v2\/media?parent=16303"}],"wp:term":[{"taxonomy":"category","embeddable":true,"href":"https:\/\/livingmultimediosde.net.ar\/INDEX\/wp-json\/wp\/v2\/categories?post=16303"},{"taxonomy":"post_tag","embeddable":true,"href":"https:\/\/livingmultimediosde.net.ar\/INDEX\/wp-json\/wp\/v2\/tags?post=16303"}],"curies":[{"name":"wp","href":"https:\/\/api.w.org\/{rel}","templated":true}]}}