{"id":16300,"date":"2025-11-08T14:00:27","date_gmt":"2025-11-08T14:00:27","guid":{"rendered":"https:\/\/livingmultimediosde.net.ar\/INDEX\/?p=16300"},"modified":"2025-11-08T14:00:58","modified_gmt":"2025-11-08T14:00:58","slug":"marcelino-ledesma-fue-declarado-rectorelecto-de-la-unse-con-una-historica-victoria","status":"publish","type":"post","link":"https:\/\/livingmultimediosde.net.ar\/INDEX\/2025\/11\/marcelino-ledesma-fue-declarado-rectorelecto-de-la-unse-con-una-historica-victoria\/","title":{"rendered":"Marcelino Ledesma fue declarado rectorelecto de la UNSE con una hist\u00f3rica victoria"},"content":{"rendered":"\n<p class=\"wp-block-paragraph\">La Junta Electoral Superior de la Universidad Nacional de Santiago del Estero (UNSE) declar\u00f3 a Marcelino Ledesma como rector electo y a Fernanda Mellano como vicerrectora electa, tras finalizar el escrutinio definitivo de las elecciones universitarias realizadas el 5 de noviembre.<\/p>\n\n\n\n<p class=\"wp-block-paragraph\">De acuerdo con los resultados oficiales, la f\u00f3rmula de Gesti\u00f3n y Compromiso obtuvo una hist\u00f3rica victoria por la contundencia de los n\u00fameros que reflejan 46 unidades de sufragio de las 56 en juego.<\/p>\n\n\n\n<p class=\"wp-block-paragraph\">En ese sentido, desde la Junta Electoral Superior, se detalla que Ledesma y Mellano se impusieron en todas las facultades y en el claustro no docente. En la Facultad de Agronom\u00eda y Agroindustrias el resultado fue 9 a 4; en la Facultad de Ciencias Exactas y Tecnolog\u00edas, 11 a 2; en la Facultad de Ciencias Forestales, 11 a 2; en la Facultad de Humanidades, Ciencias Sociales y de la Salud, 12 a 1; y entre los nodocentes, 3 a 1.<\/p>\n\n\n\n<p class=\"wp-block-paragraph\">Seg\u00fan los datos oficiales del escrutinio definitivo, la f\u00f3rmula obtuvo 217 votos en el claustro de profesores, 158 entre los auxiliares docentes, 1.738 votos en el claustro estudiantil, 958 entre los egresados y 270 votos de los nodocentes.<\/p>\n\n\n\n<p class=\"wp-block-paragraph\">En t\u00e9rminos de unidades de sufragio, los resultados fueron los siguientes: 19 unidades entre profesores, 7 entre auxiliares docentes, 13 entre estudiantes, 4 entre egresados y 3 entre nodocentes, alcanzando un total de 46 unidades.<\/p>\n\n\n\n<p class=\"wp-block-paragraph\">El elevado nivel de participaci\u00f3n en todos los claustros fue destacado por las autoridades como una muestra de madurez democr\u00e1tica y compromiso con la vida institucional de la universidad.<\/p>\n\n\n\n<p class=\"wp-block-paragraph\">Ledesma, quien se desempe\u00f1a desde hace ocho a\u00f1os como decano de la Facultad de Humanidades, y Mellano, actual decana de la Facultad de Ciencias Exactas y Tecnolog\u00edas, asumen esta nueva etapa con una amplia experiencia en gesti\u00f3n universitaria y una visi\u00f3n estrat\u00e9gica orientada al fortalecimiento institucional, la investigaci\u00f3n, la extensi\u00f3n y el bienestar estudiantil.<\/p>\n\n\n\n<p class=\"wp-block-paragraph\">Con la declaraci\u00f3n oficial, la f\u00f3rmula de Gesti\u00f3n y Compromiso se prepara para iniciar una nueva etapa de trabajo al frente del rectorado de la UNSE, con el desaf\u00edo de consolidar una universidad participativa, plural y comprometida con el desarrollo provincial y regional.<\/p>\n","protected":false},"excerpt":{"rendered":"<p>La Junta Electoral Superior de la Universidad Nacional de Santiago del Estero (UNSE) declar\u00f3 a Marcelino Ledesma como rector electo y a Fernanda Mellano como vicerrectora electa, tras finalizar el escrutinio definitivo de las elecciones universitarias realizadas el 5 de noviembre. De acuerdo con los resultados oficiales, la f\u00f3rmula de Gesti\u00f3n y Compromiso obtuvo una hist\u00f3rica victoria por la contundencia de los n\u00fameros que reflejan 46 unidades de sufragio de las 56 en juego. En ese sentido, desde la Junta Electoral Superior, se detalla que Ledesma y Mellano se impusieron&hellip;<\/p>\n","protected":false},"author":1,"featured_media":16301,"comment_status":"closed","ping_status":"closed","sticky":false,"template":"","format":"standard","meta":{"footnotes":""},"categories":[9],"tags":[],"class_list":["post-16300","post","type-post","status-publish","format-standard","has-post-thumbnail","hentry","category-noticias"],"rttpg_featured_image_url":{"full":["https:\/\/livingmultimediosde.net.ar\/INDEX\/wp-content\/uploads\/2025\/11\/LedesmaMellano1.jpg",1280,800,false],"landscape":["https:\/\/livingmultimediosde.net.ar\/INDEX\/wp-content\/uploads\/2025\/11\/LedesmaMellano1.jpg",1280,800,false],"portraits":["https:\/\/livingmultimediosde.net.ar\/INDEX\/wp-content\/uploads\/2025\/11\/LedesmaMellano1.jpg",1280,800,false],"thumbnail":["https:\/\/livingmultimediosde.net.ar\/INDEX\/wp-content\/uploads\/2025\/11\/LedesmaMellano1-150x150.jpg",150,150,true],"medium":["https:\/\/livingmultimediosde.net.ar\/INDEX\/wp-content\/uploads\/2025\/11\/LedesmaMellano1-300x188.jpg",300,188,true],"large":["https:\/\/livingmultimediosde.net.ar\/INDEX\/wp-content\/uploads\/2025\/11\/LedesmaMellano1-1024x640.jpg",640,400,true],"1536x1536":["https:\/\/livingmultimediosde.net.ar\/INDEX\/wp-content\/uploads\/2025\/11\/LedesmaMellano1.jpg",1280,800,false],"2048x2048":["https:\/\/livingmultimediosde.net.ar\/INDEX\/wp-content\/uploads\/2025\/11\/LedesmaMellano1.jpg",1280,800,false],"post-thumbnail":["https:\/\/livingmultimediosde.net.ar\/INDEX\/wp-content\/uploads\/2025\/11\/LedesmaMellano1-240x172.jpg",240,172,true]},"rttpg_author":{"display_name":"rober","author_link":"https:\/\/livingmultimediosde.net.ar\/INDEX\/author\/rober\/"},"rttpg_comment":0,"rttpg_category":"<a href=\"https:\/\/livingmultimediosde.net.ar\/INDEX\/category\/noticias\/\" rel=\"category tag\">NOTICIAS<\/a>","rttpg_excerpt":"La Junta Electoral Superior de la Universidad Nacional de Santiago del Estero (UNSE) declar\u00f3 a Marcelino Ledesma como rector electo y a Fernanda Mellano como vicerrectora electa, tras finalizar el escrutinio definitivo de las elecciones universitarias realizadas el 5 de noviembre. De acuerdo con los resultados oficiales, la f\u00f3rmula de Gesti\u00f3n y Compromiso obtuvo una&hellip;","_links":{"self":[{"href":"https:\/\/livingmultimediosde.net.ar\/INDEX\/wp-json\/wp\/v2\/posts\/16300","targetHints":{"allow":["GET"]}}],"collection":[{"href":"https:\/\/livingmultimediosde.net.ar\/INDEX\/wp-json\/wp\/v2\/posts"}],"about":[{"href":"https:\/\/livingmultimediosde.net.ar\/INDEX\/wp-json\/wp\/v2\/types\/post"}],"author":[{"embeddable":true,"href":"https:\/\/livingmultimediosde.net.ar\/INDEX\/wp-json\/wp\/v2\/users\/1"}],"replies":[{"embeddable":true,"href":"https:\/\/livingmultimediosde.net.ar\/INDEX\/wp-json\/wp\/v2\/comments?post=16300"}],"version-history":[{"count":1,"href":"https:\/\/livingmultimediosde.net.ar\/INDEX\/wp-json\/wp\/v2\/posts\/16300\/revisions"}],"predecessor-version":[{"id":16302,"href":"https:\/\/livingmultimediosde.net.ar\/INDEX\/wp-json\/wp\/v2\/posts\/16300\/revisions\/16302"}],"wp:featuredmedia":[{"embeddable":true,"href":"https:\/\/livingmultimediosde.net.ar\/INDEX\/wp-json\/wp\/v2\/media\/16301"}],"wp:attachment":[{"href":"https:\/\/livingmultimediosde.net.ar\/INDEX\/wp-json\/wp\/v2\/media?parent=16300"}],"wp:term":[{"taxonomy":"category","embeddable":true,"href":"https:\/\/livingmultimediosde.net.ar\/INDEX\/wp-json\/wp\/v2\/categories?post=16300"},{"taxonomy":"post_tag","embeddable":true,"href":"https:\/\/livingmultimediosde.net.ar\/INDEX\/wp-json\/wp\/v2\/tags?post=16300"}],"curies":[{"name":"wp","href":"https:\/\/api.w.org\/{rel}","templated":true}]}}