{"id":16294,"date":"2025-11-07T18:30:31","date_gmt":"2025-11-07T18:30:31","guid":{"rendered":"https:\/\/livingmultimediosde.net.ar\/INDEX\/?p=16294"},"modified":"2025-11-07T18:30:35","modified_gmt":"2025-11-07T18:30:35","slug":"alumnos-de-taco-pujio-visitaron-casa-de-gobierno","status":"publish","type":"post","link":"https:\/\/livingmultimediosde.net.ar\/INDEX\/2025\/11\/alumnos-de-taco-pujio-visitaron-casa-de-gobierno\/","title":{"rendered":"ALUMNOS DE TACO PUJIO VISITARON CASA DE GOBIERNO"},"content":{"rendered":"\n<p class=\"wp-block-paragraph\">En representaci\u00f3n del gobernador Gerardo Zamora, el ministro de Gobierno Seguridad y Culto, Marcelo Barbur, recibi\u00f3 este viernes por la ma\u00f1ana la visita de los alumnos de la Escuela N\u00b0 99 \u201cLorenzo Goncebat\u201d de la localidad de Taco Pujio, departamento Robles.<br>El encuentro se llev\u00f3 a cabo en el Sal\u00f3n de Acuerdos de Casa de Gobierno.<br>La delegaci\u00f3n de 45 alumnos, de 1\u00b0 a 7\u00b0 grado, estuvo acompa\u00f1ada por la directora Marilyn de Las Mercedes \u00c1vila y el equipo docente. La visita se realiz\u00f3 en el marco de un proyecto institucional \u201cConociendo las ciudades Capital y Las Termas de Rio Hondo\u201d.<br>Durante el encuentro Barbur, transmiti\u00f3 el saludo del gobernador y felicit\u00f3 a los docentes por la iniciativa para que los alumnos puedan aprender m\u00e1s sobre la provincia y todo su potencial.<\/p>\n","protected":false},"excerpt":{"rendered":"<p>En representaci\u00f3n del gobernador Gerardo Zamora, el ministro de Gobierno Seguridad y Culto, Marcelo Barbur, recibi\u00f3 este viernes por la ma\u00f1ana la visita de los alumnos de la Escuela N\u00b0 99 \u201cLorenzo Goncebat\u201d de la localidad de Taco Pujio, departamento Robles.El encuentro se llev\u00f3 a cabo en el Sal\u00f3n de Acuerdos de Casa de Gobierno.La delegaci\u00f3n de 45 alumnos, de 1\u00b0 a 7\u00b0 grado, estuvo acompa\u00f1ada por la directora Marilyn de Las Mercedes \u00c1vila y el equipo docente. La visita se realiz\u00f3 en el marco de un proyecto institucional \u201cConociendo&hellip;<\/p>\n","protected":false},"author":1,"featured_media":16295,"comment_status":"closed","ping_status":"closed","sticky":false,"template":"","format":"standard","meta":{"footnotes":""},"categories":[9],"tags":[],"class_list":["post-16294","post","type-post","status-publish","format-standard","has-post-thumbnail","hentry","category-noticias"],"rttpg_featured_image_url":{"full":["https:\/\/livingmultimediosde.net.ar\/INDEX\/wp-content\/uploads\/2025\/11\/kjiuhh.jpeg",1280,853,false],"landscape":["https:\/\/livingmultimediosde.net.ar\/INDEX\/wp-content\/uploads\/2025\/11\/kjiuhh.jpeg",1280,853,false],"portraits":["https:\/\/livingmultimediosde.net.ar\/INDEX\/wp-content\/uploads\/2025\/11\/kjiuhh.jpeg",1280,853,false],"thumbnail":["https:\/\/livingmultimediosde.net.ar\/INDEX\/wp-content\/uploads\/2025\/11\/kjiuhh-150x150.jpeg",150,150,true],"medium":["https:\/\/livingmultimediosde.net.ar\/INDEX\/wp-content\/uploads\/2025\/11\/kjiuhh-300x200.jpeg",300,200,true],"large":["https:\/\/livingmultimediosde.net.ar\/INDEX\/wp-content\/uploads\/2025\/11\/kjiuhh-1024x682.jpeg",640,426,true],"1536x1536":["https:\/\/livingmultimediosde.net.ar\/INDEX\/wp-content\/uploads\/2025\/11\/kjiuhh.jpeg",1280,853,false],"2048x2048":["https:\/\/livingmultimediosde.net.ar\/INDEX\/wp-content\/uploads\/2025\/11\/kjiuhh.jpeg",1280,853,false],"post-thumbnail":["https:\/\/livingmultimediosde.net.ar\/INDEX\/wp-content\/uploads\/2025\/11\/kjiuhh-240x172.jpeg",240,172,true]},"rttpg_author":{"display_name":"rober","author_link":"https:\/\/livingmultimediosde.net.ar\/INDEX\/author\/rober\/"},"rttpg_comment":0,"rttpg_category":"<a href=\"https:\/\/livingmultimediosde.net.ar\/INDEX\/category\/noticias\/\" rel=\"category tag\">NOTICIAS<\/a>","rttpg_excerpt":"En representaci\u00f3n del gobernador Gerardo Zamora, el ministro de Gobierno Seguridad y Culto, Marcelo Barbur, recibi\u00f3 este viernes por la ma\u00f1ana la visita de los alumnos de la Escuela N\u00b0 99 \u201cLorenzo Goncebat\u201d de la localidad de Taco Pujio, departamento Robles.El encuentro se llev\u00f3 a cabo en el Sal\u00f3n de Acuerdos de Casa de Gobierno.La&hellip;","_links":{"self":[{"href":"https:\/\/livingmultimediosde.net.ar\/INDEX\/wp-json\/wp\/v2\/posts\/16294","targetHints":{"allow":["GET"]}}],"collection":[{"href":"https:\/\/livingmultimediosde.net.ar\/INDEX\/wp-json\/wp\/v2\/posts"}],"about":[{"href":"https:\/\/livingmultimediosde.net.ar\/INDEX\/wp-json\/wp\/v2\/types\/post"}],"author":[{"embeddable":true,"href":"https:\/\/livingmultimediosde.net.ar\/INDEX\/wp-json\/wp\/v2\/users\/1"}],"replies":[{"embeddable":true,"href":"https:\/\/livingmultimediosde.net.ar\/INDEX\/wp-json\/wp\/v2\/comments?post=16294"}],"version-history":[{"count":1,"href":"https:\/\/livingmultimediosde.net.ar\/INDEX\/wp-json\/wp\/v2\/posts\/16294\/revisions"}],"predecessor-version":[{"id":16296,"href":"https:\/\/livingmultimediosde.net.ar\/INDEX\/wp-json\/wp\/v2\/posts\/16294\/revisions\/16296"}],"wp:featuredmedia":[{"embeddable":true,"href":"https:\/\/livingmultimediosde.net.ar\/INDEX\/wp-json\/wp\/v2\/media\/16295"}],"wp:attachment":[{"href":"https:\/\/livingmultimediosde.net.ar\/INDEX\/wp-json\/wp\/v2\/media?parent=16294"}],"wp:term":[{"taxonomy":"category","embeddable":true,"href":"https:\/\/livingmultimediosde.net.ar\/INDEX\/wp-json\/wp\/v2\/categories?post=16294"},{"taxonomy":"post_tag","embeddable":true,"href":"https:\/\/livingmultimediosde.net.ar\/INDEX\/wp-json\/wp\/v2\/tags?post=16294"}],"curies":[{"name":"wp","href":"https:\/\/api.w.org\/{rel}","templated":true}]}}