{"id":16283,"date":"2025-11-07T11:02:09","date_gmt":"2025-11-07T11:02:09","guid":{"rendered":"https:\/\/livingmultimediosde.net.ar\/INDEX\/?p=16283"},"modified":"2025-11-07T11:02:20","modified_gmt":"2025-11-07T11:02:20","slug":"la-municipalidad-renueva-las-luminarias-del-sector-sur-de-la-avenida-colon","status":"publish","type":"post","link":"https:\/\/livingmultimediosde.net.ar\/INDEX\/2025\/11\/la-municipalidad-renueva-las-luminarias-del-sector-sur-de-la-avenida-colon\/","title":{"rendered":"La Municipalidad renueva las luminarias del sector sur de la avenida Col\u00f3n"},"content":{"rendered":"\n<p class=\"wp-block-paragraph\">Dando continuidad al plan de mantenimiento y mejoras del alumbrado p\u00fablico, empleados de la Municipalidad de la Capital llevan adelante trabajos de renovaci\u00f3n integral de las luminarias del Paseo Col\u00f3n, en el tramo comprendido entre Sol\u00eds y Su\u00e1rez.<br>Personal del \u00e1rea de Electricidad de la Direcci\u00f3n de Parques y Paseos coloc\u00f3 75 nuevas columnas e instal\u00f3 nuevo cableado subterr\u00e1neo para el funcionamiento artefactos de tecnolog\u00eda led de 100 watts.<br>Se trata de la primera etapa de la obra de acondicionamiento del alumbrado del Paseo Col\u00f3n de un kil\u00f3metro de extensi\u00f3n que, posteriormente, avanzar\u00e1 hacia la segunda parte, comprendida entre Su\u00e1rez y Lavalle.<br>Similares operativos se vienen desarrollando en otras plazas, paseos y espacios verdes ubicados en los diferentes barrios de la ciudad.<\/p>\n","protected":false},"excerpt":{"rendered":"<p>Dando continuidad al plan de mantenimiento y mejoras del alumbrado p\u00fablico, empleados de la Municipalidad de la Capital llevan adelante trabajos de renovaci\u00f3n integral de las luminarias del Paseo Col\u00f3n, en el tramo comprendido entre Sol\u00eds y Su\u00e1rez.Personal del \u00e1rea de Electricidad de la Direcci\u00f3n de Parques y Paseos coloc\u00f3 75 nuevas columnas e instal\u00f3 nuevo cableado subterr\u00e1neo para el funcionamiento artefactos de tecnolog\u00eda led de 100 watts.Se trata de la primera etapa de la obra de acondicionamiento del alumbrado del Paseo Col\u00f3n de un kil\u00f3metro de extensi\u00f3n que, posteriormente,&hellip;<\/p>\n","protected":false},"author":1,"featured_media":16284,"comment_status":"closed","ping_status":"closed","sticky":false,"template":"","format":"standard","meta":{"footnotes":""},"categories":[9],"tags":[],"class_list":["post-16283","post","type-post","status-publish","format-standard","has-post-thumbnail","hentry","category-noticias"],"rttpg_featured_image_url":{"full":["https:\/\/livingmultimediosde.net.ar\/INDEX\/wp-content\/uploads\/2025\/11\/iluminacion-avenida-Colon.jpg",1600,1066,false],"landscape":["https:\/\/livingmultimediosde.net.ar\/INDEX\/wp-content\/uploads\/2025\/11\/iluminacion-avenida-Colon.jpg",1600,1066,false],"portraits":["https:\/\/livingmultimediosde.net.ar\/INDEX\/wp-content\/uploads\/2025\/11\/iluminacion-avenida-Colon.jpg",1600,1066,false],"thumbnail":["https:\/\/livingmultimediosde.net.ar\/INDEX\/wp-content\/uploads\/2025\/11\/iluminacion-avenida-Colon-150x150.jpg",150,150,true],"medium":["https:\/\/livingmultimediosde.net.ar\/INDEX\/wp-content\/uploads\/2025\/11\/iluminacion-avenida-Colon-300x200.jpg",300,200,true],"large":["https:\/\/livingmultimediosde.net.ar\/INDEX\/wp-content\/uploads\/2025\/11\/iluminacion-avenida-Colon-1024x682.jpg",640,426,true],"1536x1536":["https:\/\/livingmultimediosde.net.ar\/INDEX\/wp-content\/uploads\/2025\/11\/iluminacion-avenida-Colon-1536x1023.jpg",1536,1023,true],"2048x2048":["https:\/\/livingmultimediosde.net.ar\/INDEX\/wp-content\/uploads\/2025\/11\/iluminacion-avenida-Colon.jpg",1600,1066,false],"post-thumbnail":["https:\/\/livingmultimediosde.net.ar\/INDEX\/wp-content\/uploads\/2025\/11\/iluminacion-avenida-Colon-240x172.jpg",240,172,true]},"rttpg_author":{"display_name":"rober","author_link":"https:\/\/livingmultimediosde.net.ar\/INDEX\/author\/rober\/"},"rttpg_comment":0,"rttpg_category":"<a href=\"https:\/\/livingmultimediosde.net.ar\/INDEX\/category\/noticias\/\" rel=\"category tag\">NOTICIAS<\/a>","rttpg_excerpt":"Dando continuidad al plan de mantenimiento y mejoras del alumbrado p\u00fablico, empleados de la Municipalidad de la Capital llevan adelante trabajos de renovaci\u00f3n integral de las luminarias del Paseo Col\u00f3n, en el tramo comprendido entre Sol\u00eds y Su\u00e1rez.Personal del \u00e1rea de Electricidad de la Direcci\u00f3n de Parques y Paseos coloc\u00f3 75 nuevas columnas e instal\u00f3&hellip;","_links":{"self":[{"href":"https:\/\/livingmultimediosde.net.ar\/INDEX\/wp-json\/wp\/v2\/posts\/16283","targetHints":{"allow":["GET"]}}],"collection":[{"href":"https:\/\/livingmultimediosde.net.ar\/INDEX\/wp-json\/wp\/v2\/posts"}],"about":[{"href":"https:\/\/livingmultimediosde.net.ar\/INDEX\/wp-json\/wp\/v2\/types\/post"}],"author":[{"embeddable":true,"href":"https:\/\/livingmultimediosde.net.ar\/INDEX\/wp-json\/wp\/v2\/users\/1"}],"replies":[{"embeddable":true,"href":"https:\/\/livingmultimediosde.net.ar\/INDEX\/wp-json\/wp\/v2\/comments?post=16283"}],"version-history":[{"count":1,"href":"https:\/\/livingmultimediosde.net.ar\/INDEX\/wp-json\/wp\/v2\/posts\/16283\/revisions"}],"predecessor-version":[{"id":16285,"href":"https:\/\/livingmultimediosde.net.ar\/INDEX\/wp-json\/wp\/v2\/posts\/16283\/revisions\/16285"}],"wp:featuredmedia":[{"embeddable":true,"href":"https:\/\/livingmultimediosde.net.ar\/INDEX\/wp-json\/wp\/v2\/media\/16284"}],"wp:attachment":[{"href":"https:\/\/livingmultimediosde.net.ar\/INDEX\/wp-json\/wp\/v2\/media?parent=16283"}],"wp:term":[{"taxonomy":"category","embeddable":true,"href":"https:\/\/livingmultimediosde.net.ar\/INDEX\/wp-json\/wp\/v2\/categories?post=16283"},{"taxonomy":"post_tag","embeddable":true,"href":"https:\/\/livingmultimediosde.net.ar\/INDEX\/wp-json\/wp\/v2\/tags?post=16283"}],"curies":[{"name":"wp","href":"https:\/\/api.w.org\/{rel}","templated":true}]}}