{"id":16270,"date":"2025-11-06T12:46:15","date_gmt":"2025-11-06T12:46:15","guid":{"rendered":"https:\/\/livingmultimediosde.net.ar\/INDEX\/?p=16270"},"modified":"2025-11-06T12:46:21","modified_gmt":"2025-11-06T12:46:21","slug":"la-municipalidad-con-su-programa-inicio-la-plantacion-de-mas-de-1-500-arboles-en-el-barrio-parque-del-rio-iii","status":"publish","type":"post","link":"https:\/\/livingmultimediosde.net.ar\/INDEX\/2025\/11\/la-municipalidad-con-su-programa-inicio-la-plantacion-de-mas-de-1-500-arboles-en-el-barrio-parque-del-rio-iii\/","title":{"rendered":"LA MUNICIPALIDAD CON SU PROGRAMA INICI\u00d3 LA PLANTACI\u00d3N DE M\u00c1S DE 1.500 \u00c1RBOLES EN EL BARRIO PARQUE DEL R\u00cdO III"},"content":{"rendered":"\n<p class=\"wp-block-paragraph\">Continuando con el plan de arbolado urbano, la Municipalidad de la Capital inici\u00f3 la plantaci\u00f3n de m\u00e1s de 1500 nuevos ejemplares en las veredas y espacios de uso com\u00fan del barrio Parque del R\u00edo III.<br>All\u00ed, la Direcci\u00f3n de Parques y Paseos coloca thevetias, moras h\u00edbridas, para\u00edsos, brachos y aguaribayes, entre otras especies caracterizadas por su amplia proyecci\u00f3n de sombra.<br>Cabe recordar que la comuna ya concret\u00f3 tareas de reforestaci\u00f3n en los barrios Alberdi, Bel\u00e9n, Ej\u00e9rcito Argentino, Vinalar, Juan D\u00edaz de Sol\u00eds y Huaico Hondo, adem\u00e1s de cubrir numerosas plazas, paseos y otros espacios verdes de la ciudad.<br>De esta manera, la Municipalidad contin\u00faa con su Programa de Arbolado Urbano que tiene por objetivo plantar m\u00e1s de 60.000 \u00e1rboles por a\u00f1o, impulsado por la intendente, Ing. Norma Fuentes, dentro de la pol\u00edtica de cuidado del medio ambiente, que adem\u00e1s incluye acciones como eco canjes para retirar del circuito de los residuos urbanos los envases de pl\u00e1sticos, campa\u00f1as de concientizaci\u00f3n barriales, educaci\u00f3n ambiental en los jardines de infantes, entre otras.<\/p>\n","protected":false},"excerpt":{"rendered":"<p>Continuando con el plan de arbolado urbano, la Municipalidad de la Capital inici\u00f3 la plantaci\u00f3n de m\u00e1s de 1500 nuevos ejemplares en las veredas y espacios de uso com\u00fan del barrio Parque del R\u00edo III.All\u00ed, la Direcci\u00f3n de Parques y Paseos coloca thevetias, moras h\u00edbridas, para\u00edsos, brachos y aguaribayes, entre otras especies caracterizadas por su amplia proyecci\u00f3n de sombra.Cabe recordar que la comuna ya concret\u00f3 tareas de reforestaci\u00f3n en los barrios Alberdi, Bel\u00e9n, Ej\u00e9rcito Argentino, Vinalar, Juan D\u00edaz de Sol\u00eds y Huaico Hondo, adem\u00e1s de cubrir numerosas plazas, paseos y&hellip;<\/p>\n","protected":false},"author":1,"featured_media":16271,"comment_status":"closed","ping_status":"closed","sticky":false,"template":"","format":"standard","meta":{"footnotes":""},"categories":[9],"tags":[],"class_list":["post-16270","post","type-post","status-publish","format-standard","has-post-thumbnail","hentry","category-noticias"],"rttpg_featured_image_url":{"full":["https:\/\/livingmultimediosde.net.ar\/INDEX\/wp-content\/uploads\/2025\/11\/olpio.jpg",1600,1066,false],"landscape":["https:\/\/livingmultimediosde.net.ar\/INDEX\/wp-content\/uploads\/2025\/11\/olpio.jpg",1600,1066,false],"portraits":["https:\/\/livingmultimediosde.net.ar\/INDEX\/wp-content\/uploads\/2025\/11\/olpio.jpg",1600,1066,false],"thumbnail":["https:\/\/livingmultimediosde.net.ar\/INDEX\/wp-content\/uploads\/2025\/11\/olpio-150x150.jpg",150,150,true],"medium":["https:\/\/livingmultimediosde.net.ar\/INDEX\/wp-content\/uploads\/2025\/11\/olpio-300x200.jpg",300,200,true],"large":["https:\/\/livingmultimediosde.net.ar\/INDEX\/wp-content\/uploads\/2025\/11\/olpio-1024x682.jpg",640,426,true],"1536x1536":["https:\/\/livingmultimediosde.net.ar\/INDEX\/wp-content\/uploads\/2025\/11\/olpio-1536x1023.jpg",1536,1023,true],"2048x2048":["https:\/\/livingmultimediosde.net.ar\/INDEX\/wp-content\/uploads\/2025\/11\/olpio.jpg",1600,1066,false],"post-thumbnail":["https:\/\/livingmultimediosde.net.ar\/INDEX\/wp-content\/uploads\/2025\/11\/olpio-240x172.jpg",240,172,true]},"rttpg_author":{"display_name":"rober","author_link":"https:\/\/livingmultimediosde.net.ar\/INDEX\/author\/rober\/"},"rttpg_comment":0,"rttpg_category":"<a href=\"https:\/\/livingmultimediosde.net.ar\/INDEX\/category\/noticias\/\" rel=\"category tag\">NOTICIAS<\/a>","rttpg_excerpt":"Continuando con el plan de arbolado urbano, la Municipalidad de la Capital inici\u00f3 la plantaci\u00f3n de m\u00e1s de 1500 nuevos ejemplares en las veredas y espacios de uso com\u00fan del barrio Parque del R\u00edo III.All\u00ed, la Direcci\u00f3n de Parques y Paseos coloca thevetias, moras h\u00edbridas, para\u00edsos, brachos y aguaribayes, entre otras especies caracterizadas por su&hellip;","_links":{"self":[{"href":"https:\/\/livingmultimediosde.net.ar\/INDEX\/wp-json\/wp\/v2\/posts\/16270","targetHints":{"allow":["GET"]}}],"collection":[{"href":"https:\/\/livingmultimediosde.net.ar\/INDEX\/wp-json\/wp\/v2\/posts"}],"about":[{"href":"https:\/\/livingmultimediosde.net.ar\/INDEX\/wp-json\/wp\/v2\/types\/post"}],"author":[{"embeddable":true,"href":"https:\/\/livingmultimediosde.net.ar\/INDEX\/wp-json\/wp\/v2\/users\/1"}],"replies":[{"embeddable":true,"href":"https:\/\/livingmultimediosde.net.ar\/INDEX\/wp-json\/wp\/v2\/comments?post=16270"}],"version-history":[{"count":1,"href":"https:\/\/livingmultimediosde.net.ar\/INDEX\/wp-json\/wp\/v2\/posts\/16270\/revisions"}],"predecessor-version":[{"id":16272,"href":"https:\/\/livingmultimediosde.net.ar\/INDEX\/wp-json\/wp\/v2\/posts\/16270\/revisions\/16272"}],"wp:featuredmedia":[{"embeddable":true,"href":"https:\/\/livingmultimediosde.net.ar\/INDEX\/wp-json\/wp\/v2\/media\/16271"}],"wp:attachment":[{"href":"https:\/\/livingmultimediosde.net.ar\/INDEX\/wp-json\/wp\/v2\/media?parent=16270"}],"wp:term":[{"taxonomy":"category","embeddable":true,"href":"https:\/\/livingmultimediosde.net.ar\/INDEX\/wp-json\/wp\/v2\/categories?post=16270"},{"taxonomy":"post_tag","embeddable":true,"href":"https:\/\/livingmultimediosde.net.ar\/INDEX\/wp-json\/wp\/v2\/tags?post=16270"}],"curies":[{"name":"wp","href":"https:\/\/api.w.org\/{rel}","templated":true}]}}