{"id":16267,"date":"2025-11-06T12:44:25","date_gmt":"2025-11-06T12:44:25","guid":{"rendered":"https:\/\/livingmultimediosde.net.ar\/INDEX\/?p=16267"},"modified":"2025-11-06T12:44:28","modified_gmt":"2025-11-06T12:44:28","slug":"marcelino-ledesma-este-triunfo-es-el-resultado-del-compromiso-de-toda-la-comunidad-universitaria","status":"publish","type":"post","link":"https:\/\/livingmultimediosde.net.ar\/INDEX\/2025\/11\/marcelino-ledesma-este-triunfo-es-el-resultado-del-compromiso-de-toda-la-comunidad-universitaria\/","title":{"rendered":"Marcelino Ledesma: \u201cEste triunfo es el resultado del compromiso de toda la comunidad universitaria\u201d"},"content":{"rendered":"\n<p class=\"wp-block-paragraph\">El actual decano de la Facultad de Humanidades, Ciencias Sociales y de la Salud de la UNSE, Marcelino Ledesma, fue elegido como nuevo rector de la Universidad Nacional de Santiago del Estero, oportunidad en la que expres\u00f3 su agradecimiento a toda la comunidad universitaria y destac\u00f3 la madurez democr\u00e1tica demostrada en el proceso electoral.<\/p>\n\n\n\n<p class=\"wp-block-paragraph\">El nuevo rector de la UNSE celebr\u00f3 el amplio acompa\u00f1amiento recibido por la f\u00f3rmula Gesti\u00f3n y Compromiso, que comparte con Fernanda Mellano, electa vicerrectora. \u201cEstamos muy agradecidos a toda la comunidad que se ha acercado a nuestra querida universidad para mostrarle a Santiago del Estero que la universidad p\u00fablica tiene un sistema democr\u00e1tico s\u00f3lido, que se respeta y del que se hace honor\u201d, indic\u00f3 al respecto.<\/p>\n\n\n\n<p class=\"wp-block-paragraph\">Asimismo, subray\u00f3 la importante participaci\u00f3n registrada en las elecciones en todas las facultades y en el rectorado: \u201cHa habido una presencia muy importante de votantes en todos los \u00e1mbitos\u201d y a\u00f1adi\u00f3 que \u201cdetr\u00e1s de este logro hay un colectivo de gente muy comprometida, que quiere mucho a la universidad y que est\u00e1 dispuesta a trabajar por el bien com\u00fan\u201d.<\/p>\n\n\n\n<p class=\"wp-block-paragraph\">Ledesma destac\u00f3 adem\u00e1s el gran n\u00famero de estudiantes y egresados que participaron de la votaci\u00f3n: \u201cHa sido muy lindo vivenciar una universidad con tanto movimiento. Fue una respuesta a la participaci\u00f3n y a la responsabilidad de elegir no solo a las autoridades, sino tambi\u00e9n a los representantes en los \u00f3rganos de cogobierno; hay un proceso de madurez c\u00edvica muy importante que debemos felicitar\u201d.<\/p>\n\n\n\n<p class=\"wp-block-paragraph\">De cara a la transici\u00f3n, el rector electo anticip\u00f3 que su equipo ya se encuentra trabajando en temas prioritarios para la instituci\u00f3n: \u201cVamos a comenzar a trabajar desde ma\u00f1ana mismo. Hemos estado tomando informaci\u00f3n p\u00fablica como miembros del Consejo Interuniversitario Nacional y vamos a avanzar en cuestiones m\u00e1s puntuales con el acompa\u00f1amiento del rector actual, el ingeniero H\u00e9ctor Paz, en este proceso de finalizaci\u00f3n de gesti\u00f3n\u201d.<\/p>\n\n\n\n<p class=\"wp-block-paragraph\">Finalmente, Ledesma expres\u00f3 su gratitud hacia la comunidad universitaria por el acompa\u00f1amiento recibido: \u201cAgradezco profundamente el apoyo, la confianza y el afecto que hemos sentido en todo este tiempo. Este triunfo es el resultado del esfuerzo colectivo de todos los que creen en una universidad p\u00fablica inclusiva, moderna y comprometida con el desarrollo de Santiago del Estero\u201d.<\/p>\n","protected":false},"excerpt":{"rendered":"<p>El actual decano de la Facultad de Humanidades, Ciencias Sociales y de la Salud de la UNSE, Marcelino Ledesma, fue elegido como nuevo rector de la Universidad Nacional de Santiago del Estero, oportunidad en la que expres\u00f3 su agradecimiento a toda la comunidad universitaria y destac\u00f3 la madurez democr\u00e1tica demostrada en el proceso electoral. El nuevo rector de la UNSE celebr\u00f3 el amplio acompa\u00f1amiento recibido por la f\u00f3rmula Gesti\u00f3n y Compromiso, que comparte con Fernanda Mellano, electa vicerrectora. \u201cEstamos muy agradecidos a toda la comunidad que se ha acercado a&hellip;<\/p>\n","protected":false},"author":1,"featured_media":16268,"comment_status":"closed","ping_status":"closed","sticky":false,"template":"","format":"standard","meta":{"footnotes":""},"categories":[9],"tags":[],"class_list":["post-16267","post","type-post","status-publish","format-standard","has-post-thumbnail","hentry","category-noticias"],"rttpg_featured_image_url":{"full":["https:\/\/livingmultimediosde.net.ar\/INDEX\/wp-content\/uploads\/2025\/11\/MarcelinoFernandaElecciones.jpg",1280,824,false],"landscape":["https:\/\/livingmultimediosde.net.ar\/INDEX\/wp-content\/uploads\/2025\/11\/MarcelinoFernandaElecciones.jpg",1280,824,false],"portraits":["https:\/\/livingmultimediosde.net.ar\/INDEX\/wp-content\/uploads\/2025\/11\/MarcelinoFernandaElecciones.jpg",1280,824,false],"thumbnail":["https:\/\/livingmultimediosde.net.ar\/INDEX\/wp-content\/uploads\/2025\/11\/MarcelinoFernandaElecciones-150x150.jpg",150,150,true],"medium":["https:\/\/livingmultimediosde.net.ar\/INDEX\/wp-content\/uploads\/2025\/11\/MarcelinoFernandaElecciones-300x193.jpg",300,193,true],"large":["https:\/\/livingmultimediosde.net.ar\/INDEX\/wp-content\/uploads\/2025\/11\/MarcelinoFernandaElecciones-1024x659.jpg",640,412,true],"1536x1536":["https:\/\/livingmultimediosde.net.ar\/INDEX\/wp-content\/uploads\/2025\/11\/MarcelinoFernandaElecciones.jpg",1280,824,false],"2048x2048":["https:\/\/livingmultimediosde.net.ar\/INDEX\/wp-content\/uploads\/2025\/11\/MarcelinoFernandaElecciones.jpg",1280,824,false],"post-thumbnail":["https:\/\/livingmultimediosde.net.ar\/INDEX\/wp-content\/uploads\/2025\/11\/MarcelinoFernandaElecciones-240x172.jpg",240,172,true]},"rttpg_author":{"display_name":"rober","author_link":"https:\/\/livingmultimediosde.net.ar\/INDEX\/author\/rober\/"},"rttpg_comment":0,"rttpg_category":"<a href=\"https:\/\/livingmultimediosde.net.ar\/INDEX\/category\/noticias\/\" rel=\"category tag\">NOTICIAS<\/a>","rttpg_excerpt":"El actual decano de la Facultad de Humanidades, Ciencias Sociales y de la Salud de la UNSE, Marcelino Ledesma, fue elegido como nuevo rector de la Universidad Nacional de Santiago del Estero, oportunidad en la que expres\u00f3 su agradecimiento a toda la comunidad universitaria y destac\u00f3 la madurez democr\u00e1tica demostrada en el proceso electoral. El&hellip;","_links":{"self":[{"href":"https:\/\/livingmultimediosde.net.ar\/INDEX\/wp-json\/wp\/v2\/posts\/16267","targetHints":{"allow":["GET"]}}],"collection":[{"href":"https:\/\/livingmultimediosde.net.ar\/INDEX\/wp-json\/wp\/v2\/posts"}],"about":[{"href":"https:\/\/livingmultimediosde.net.ar\/INDEX\/wp-json\/wp\/v2\/types\/post"}],"author":[{"embeddable":true,"href":"https:\/\/livingmultimediosde.net.ar\/INDEX\/wp-json\/wp\/v2\/users\/1"}],"replies":[{"embeddable":true,"href":"https:\/\/livingmultimediosde.net.ar\/INDEX\/wp-json\/wp\/v2\/comments?post=16267"}],"version-history":[{"count":1,"href":"https:\/\/livingmultimediosde.net.ar\/INDEX\/wp-json\/wp\/v2\/posts\/16267\/revisions"}],"predecessor-version":[{"id":16269,"href":"https:\/\/livingmultimediosde.net.ar\/INDEX\/wp-json\/wp\/v2\/posts\/16267\/revisions\/16269"}],"wp:featuredmedia":[{"embeddable":true,"href":"https:\/\/livingmultimediosde.net.ar\/INDEX\/wp-json\/wp\/v2\/media\/16268"}],"wp:attachment":[{"href":"https:\/\/livingmultimediosde.net.ar\/INDEX\/wp-json\/wp\/v2\/media?parent=16267"}],"wp:term":[{"taxonomy":"category","embeddable":true,"href":"https:\/\/livingmultimediosde.net.ar\/INDEX\/wp-json\/wp\/v2\/categories?post=16267"},{"taxonomy":"post_tag","embeddable":true,"href":"https:\/\/livingmultimediosde.net.ar\/INDEX\/wp-json\/wp\/v2\/tags?post=16267"}],"curies":[{"name":"wp","href":"https:\/\/api.w.org\/{rel}","templated":true}]}}