{"id":16265,"date":"2025-11-06T12:40:54","date_gmt":"2025-11-06T12:40:54","guid":{"rendered":"https:\/\/livingmultimediosde.net.ar\/INDEX\/?p=16265"},"modified":"2025-11-06T12:41:02","modified_gmt":"2025-11-06T12:41:02","slug":"hcd-diversas-iniciativas-consideraron-los-ediles","status":"publish","type":"post","link":"https:\/\/livingmultimediosde.net.ar\/INDEX\/2025\/11\/hcd-diversas-iniciativas-consideraron-los-ediles\/","title":{"rendered":"HCD: Diversas iniciativas consideraron los ediles"},"content":{"rendered":"\n<p class=\"wp-block-paragraph\">04.11.25 Se llev\u00f3 a cabo la 34ta sesi\u00f3n ordinaria correspondiente al actual per\u00edodo parlamentario municipal, en un clima de tranquilidad y trabajo. La misma fue presidida por el vicepresidente, Walter Medina Salom\u00f3n, y la presencia de 8 ediles.<\/p>\n\n\n\n<p class=\"wp-block-paragraph\">En la apertura se realizaron sendos actos protocolares de entrega de reconocimientos y\/o distinciones, en nombre y representaci\u00f3n de los vecinos de la Capital, a instituciones civiles del nuestro que se destacan en su accionar social, colectivo e inclusivo.<\/p>\n\n\n\n<p class=\"wp-block-paragraph\">HCD: Declar\u00f3 de Inter\u00e9s Municipal Torneo Nacional de Futbol Infantil \u201cLas Pulgas 2.025 \u2013 Copa Madre de Ciudades \u2013 V Edici\u00f3n<\/p>\n\n\n\n<p class=\"wp-block-paragraph\">HCD: Declar\u00f3 de Inter\u00e9s Municipal el evento denominado \u201cLadys Padel Tour\u201d<\/p>\n\n\n\n<p class=\"wp-block-paragraph\">HCD: Declar\u00f3 de Inter\u00e9s Municipal la destacada participaci\u00f3n y las recientes premiaciones internacionales obtenidas por el Ballet Folkl\u00f3rico \u00abPerfume de Carnaval\u201d<\/p>\n\n\n\n<p class=\"wp-block-paragraph\">La sesi\u00f3n<\/p>\n\n\n\n<p class=\"wp-block-paragraph\">En la oportunidad, se autoriz\u00f3 a la Intendente de la Capital, Ing. Norma Fuentes, a tomar licencia desde el 3 al 6 del actual, en horario de la tarde.<\/p>\n\n\n\n<p class=\"wp-block-paragraph\">Sobre tablas<\/p>\n\n\n\n<p class=\"wp-block-paragraph\">A instancias de la concejala, Dra. Gabriela Ortiz, de la bancada del Frente C\u00edvico, se reserv\u00f3, se trat\u00f3 sobre tablas y se sancion\u00f3 por 7 votos positivos y 1 negativo (Dr. Federico P\u00e9rez Carletti-Juntos por el Cambio) la Ordenanza por la que el H. Concejo Deliberante de la Capital \u201cdeclara de Inter\u00e9s Municipal, Cultural y Social la \u201c18\u00ba Marcha del Orgullo y 16\u00ba Festival del Orgullo\u201d, que se llevar\u00e1 a cabo el d\u00eda s\u00e1bado 8 de noviembre a partir de las 20hs, iniciando su recorrido desde Av. Roca y Patagonia de la Ciudad Capital\u201d.<\/p>\n\n\n\n<p class=\"wp-block-paragraph\">En los fundamentos se indica que \u201cla primera Marcha del Orgullo LGBT, en Argentina, se realiz\u00f3 el 2 de julio de 1922 en la ciudad de Buenos Aires, desde Plaza de Mayo hasta el Congreso de la Naci\u00f3n, bajo la consigna \u201cLibertad, Igualdad, Diversidad\u201d. Desde ese entonces, este evento se ha convertido en una manifestaci\u00f3n emblem\u00e1tica designada a destacar las conquistas y reivindicaci\u00f3n del movimiento LGBTQ+, as\u00ed como a celebrar el orgullo en torno a la orientaci\u00f3n sexual, identidad y expresi\u00f3n de g\u00e9nero\u201d.<\/p>\n\n\n\n<p class=\"wp-block-paragraph\">Agrega que \u201cen Santiago del Estero comenzaron las organizaciones Vivas-ATTTA_AMMAR a gestar la marcha del Orgullo en el a\u00f1o 2007. A partir del a\u00f1o 2009 se agreg\u00f3 a la marcha del orgullo, el festival del orgullo donde hay distintas representaciones art\u00edsticas desde la comunidad para la sociedad. Este a\u00f1o la 18\u00ba Marcha del Orgullo se realiza en la Ciudad Capital de Santiago del Estero el d\u00eda 8 de noviembre del corriente a\u00f1o, bajo la consigna \u201cFrente al odio y a la violencia, m\u00e1s orgullo y unidad\u201d, \u201cSin estado no hay derechos y sin derechos no hay democracia\u201d.<\/p>\n\n\n\n<p class=\"wp-block-paragraph\">A\u00f1ade que \u201clas circunstancias que enmarcan esta nueva edici\u00f3n de la Marcha del Orgullo evidencian la necesidad de seguir visibilizando la adversidad que sufre la comunidad LGBTQ+ y de sostener la lucha por el reconocimiento de derechos y por el fortalecimiento de la convocatoria p\u00fablica en contra de la discriminaci\u00f3n. La constante replica de los discursos de odio desde el Estado; los mensajes que avalan y amplifican la violencia social contra la diversidad sexual; los recortes a la educaci\u00f3n en \u00e1reas de g\u00e9nero y diversidad (con la desaparici\u00f3n del programa de Educaci\u00f3n Sexual Integral en el Presupuesto Nacional para el Ejercicio 2025); el recorte de fondos en el \u00e1rea de salud para responder al VIH y las enfermedades de trasmisi\u00f3n sexual, los tratamientos hormonales para las personas trans y el vaciamiento de los programas para la prevenci\u00f3n de embarazo en adolescente, entre otras, es preciso levantar la voz y dar mensajes contundente en las calles\u201d.<\/p>\n\n\n\n<p class=\"wp-block-paragraph\">Orden del D\u00eda<\/p>\n\n\n\n<p class=\"wp-block-paragraph\">Se sancion\u00f3 la Ordenanza, promovida por la bancada del Frente C\u00edvico, por la que \u201cse declara de Inter\u00e9s Municipal, Deportivo y Social el \u201cCurso Provincial de T\u00e9cnicos para Newcom-Santiago del Estero\u201d, organizado por la Federaci\u00f3n de Voleibol Argentino y la Asociaci\u00f3n Santiague\u00f1a de Voleibol, que se llev\u00f3 a cabo el pasado 31 de octubre; 1 y 2 de noviembre del corriente a\u00f1o en las instalaciones del Polideportivo Provincial, de conformidad a los considerandos de la presente y a las disposiciones de la Ordenanza N\u00b0 4.803\/2.013\u201d.<\/p>\n\n\n\n<p class=\"wp-block-paragraph\">El aludido evento se llev\u00f3 a cabo los d\u00edas 31 de octubre, 1 y 2 de noviembre del corriente a\u00f1o, en las instalaciones del predio del Polideportivo Provincial, ubicado en el Parque Aguirre de esta ciudad.<\/p>\n\n\n\n<p class=\"wp-block-paragraph\">La finalidad del curso fue capacitar t\u00e9cnicos de Newcom para la preparaci\u00f3n psicot\u00e9cnica de los adultos mayores de las diferentes competencias que se llevan a cabo a lo largo del territorio provincial, brind\u00e1ndoles las herramientas necesarias a personas que participar\u00e1n en distintos eventos de la especialidad, teniendo en cuenta que este deporte lo practican los adultos mayores y crece a pasos agigantados, necesitando personal id\u00f3neo para tal fin.<\/p>\n\n\n\n<p class=\"wp-block-paragraph\">Mismo tr\u00e1mite tuvo la Ordenanza, propiciada por Presidencia, por la que el H. Concejo Deliberante de la Capital \u201cdeclara de Inter\u00e9s Municipal, Cultural y Social la publicaci\u00f3n del libro titulado \u201cHistoria Fotogr\u00e1fica de Santiago del Estero\u201d, de autor\u00eda del Dr. Antonio Virgilio Castiglione, de conformidad a los fundamentos expuestos y a las disposiciones de la Ordenanza N\u00b0 4.803\/2.013\u201d. Se har\u00e1 entrega de copia fiel de la Ordenanza al autor del libro mencionado, Dr. Antonio Virgilio Castiglione.<\/p>\n\n\n\n<p class=\"wp-block-paragraph\">En los fundamentos, se indica que \u201cel escritor, historiador y autor santiague\u00f1o, Dr. Antonio Virgilio Castiglione en el pasado mes de agosto del corriente a\u00f1o, ha publicado su nuevo libro titulado \u201cHistoria Fotogr\u00e1fica de Santiago del Estero\u201d, y solicita que el mismo sea declarado de inter\u00e9s municipal\u201d.<\/p>\n\n\n\n<p class=\"wp-block-paragraph\">A\u00f1ade que \u201cen la obra mencionada, el autor ha reunido un aproximado de un millar de fotograf\u00edas de la historia santiague\u00f1a, las que han sido sistematizadas por per\u00edodo que van desde los pueblos originarios, la conquista espa\u00f1ola, la llegada del conquistador y sus evangelizadores, la fundaci\u00f3n de todas las ciudades \u201chijas\u201d de Santiago del Estero, la evangelizaci\u00f3n, la lucha por la Independencia, pasando por la formaci\u00f3n de las provincias y posteriores gobiernos constitucionales. Haciendo un racconto por las obras p\u00fablicas hasta llegar a la actualidad\u201d.<\/p>\n\n\n\n<p class=\"wp-block-paragraph\">Concluye que \u201ccada fotograf\u00eda posee un n\u00famero que la identifica, con una explicaci\u00f3n resumida de cuando, donde y por quien fue tomada, m\u00e1s una fuente donde ese tema ha sido ya tratado por si el lector desea profundizar\u201d.<\/p>\n\n\n\n<p class=\"wp-block-paragraph\">Se sancion\u00f3 la Resoluci\u00f3n, del bloque Juntos por el Cambio, por la que \u201cse solicita al Departamento Ejecutivo Municipal que, a trav\u00e9s del \u00e1rea correspondiente, proceda al estudio de factibilidad t\u00e9cnica y presupuestaria para la reparaci\u00f3n y\/o colocaci\u00f3n de luminarias en la calle Mario Ram\u00f3n Luna (ex calle 17), entre calle Alonso de Contreras (ex calle 65) y Domingo Bravo (ex calle 67) en el barrio Ej\u00e9rcito Argentino\u201d.<\/p>\n\n\n\n<p class=\"wp-block-paragraph\">Por \u00faltimo, a instancias del Consejo Consultivo de la Tercera Edad, se sancion\u00f3 la Comunicaci\u00f3n por la que \u201cver\u00eda con agrado que el Departamento Ejecutivo Municipal, a trav\u00e9s del \u00e1rea correspondiente, proceda a realizar la reparaci\u00f3n y\/o reposici\u00f3n de las luminarias del alumbrado p\u00fablico en la calle Caseros desde Avda. Aguirre hasta Avda. Lugones, del barrio San Martin\u201d.<\/p>\n","protected":false},"excerpt":{"rendered":"<p>04.11.25 Se llev\u00f3 a cabo la 34ta sesi\u00f3n ordinaria correspondiente al actual per\u00edodo parlamentario municipal, en un clima de tranquilidad y trabajo. La misma fue presidida por el vicepresidente, Walter Medina Salom\u00f3n, y la presencia de 8 ediles. En la apertura se realizaron sendos actos protocolares de entrega de reconocimientos y\/o distinciones, en nombre y representaci\u00f3n de los vecinos de la Capital, a instituciones civiles del nuestro que se destacan en su accionar social, colectivo e inclusivo. HCD: Declar\u00f3 de Inter\u00e9s Municipal Torneo Nacional de Futbol Infantil \u201cLas Pulgas 2.025&hellip;<\/p>\n","protected":false},"author":1,"featured_media":16263,"comment_status":"closed","ping_status":"closed","sticky":false,"template":"","format":"standard","meta":{"footnotes":""},"categories":[3],"tags":[],"class_list":["post-16265","post","type-post","status-publish","format-standard","has-post-thumbnail","hentry","category-hcd-capital"],"rttpg_featured_image_url":{"full":["https:\/\/livingmultimediosde.net.ar\/INDEX\/wp-content\/uploads\/2025\/11\/perfume-de-carnaval.jpeg",800,531,false],"landscape":["https:\/\/livingmultimediosde.net.ar\/INDEX\/wp-content\/uploads\/2025\/11\/perfume-de-carnaval.jpeg",800,531,false],"portraits":["https:\/\/livingmultimediosde.net.ar\/INDEX\/wp-content\/uploads\/2025\/11\/perfume-de-carnaval.jpeg",800,531,false],"thumbnail":["https:\/\/livingmultimediosde.net.ar\/INDEX\/wp-content\/uploads\/2025\/11\/perfume-de-carnaval-150x150.jpeg",150,150,true],"medium":["https:\/\/livingmultimediosde.net.ar\/INDEX\/wp-content\/uploads\/2025\/11\/perfume-de-carnaval-300x199.jpeg",300,199,true],"large":["https:\/\/livingmultimediosde.net.ar\/INDEX\/wp-content\/uploads\/2025\/11\/perfume-de-carnaval.jpeg",640,425,false],"1536x1536":["https:\/\/livingmultimediosde.net.ar\/INDEX\/wp-content\/uploads\/2025\/11\/perfume-de-carnaval.jpeg",800,531,false],"2048x2048":["https:\/\/livingmultimediosde.net.ar\/INDEX\/wp-content\/uploads\/2025\/11\/perfume-de-carnaval.jpeg",800,531,false],"post-thumbnail":["https:\/\/livingmultimediosde.net.ar\/INDEX\/wp-content\/uploads\/2025\/11\/perfume-de-carnaval-240x172.jpeg",240,172,true]},"rttpg_author":{"display_name":"rober","author_link":"https:\/\/livingmultimediosde.net.ar\/INDEX\/author\/rober\/"},"rttpg_comment":0,"rttpg_category":"<a href=\"https:\/\/livingmultimediosde.net.ar\/INDEX\/category\/hcd-capital\/\" rel=\"category tag\">HCD CAPITAL<\/a>","rttpg_excerpt":"04.11.25 Se llev\u00f3 a cabo la 34ta sesi\u00f3n ordinaria correspondiente al actual per\u00edodo parlamentario municipal, en un clima de tranquilidad y trabajo. La misma fue presidida por el vicepresidente, Walter Medina Salom\u00f3n, y la presencia de 8 ediles. En la apertura se realizaron sendos actos protocolares de entrega de reconocimientos y\/o distinciones, en nombre y&hellip;","_links":{"self":[{"href":"https:\/\/livingmultimediosde.net.ar\/INDEX\/wp-json\/wp\/v2\/posts\/16265","targetHints":{"allow":["GET"]}}],"collection":[{"href":"https:\/\/livingmultimediosde.net.ar\/INDEX\/wp-json\/wp\/v2\/posts"}],"about":[{"href":"https:\/\/livingmultimediosde.net.ar\/INDEX\/wp-json\/wp\/v2\/types\/post"}],"author":[{"embeddable":true,"href":"https:\/\/livingmultimediosde.net.ar\/INDEX\/wp-json\/wp\/v2\/users\/1"}],"replies":[{"embeddable":true,"href":"https:\/\/livingmultimediosde.net.ar\/INDEX\/wp-json\/wp\/v2\/comments?post=16265"}],"version-history":[{"count":1,"href":"https:\/\/livingmultimediosde.net.ar\/INDEX\/wp-json\/wp\/v2\/posts\/16265\/revisions"}],"predecessor-version":[{"id":16266,"href":"https:\/\/livingmultimediosde.net.ar\/INDEX\/wp-json\/wp\/v2\/posts\/16265\/revisions\/16266"}],"wp:featuredmedia":[{"embeddable":true,"href":"https:\/\/livingmultimediosde.net.ar\/INDEX\/wp-json\/wp\/v2\/media\/16263"}],"wp:attachment":[{"href":"https:\/\/livingmultimediosde.net.ar\/INDEX\/wp-json\/wp\/v2\/media?parent=16265"}],"wp:term":[{"taxonomy":"category","embeddable":true,"href":"https:\/\/livingmultimediosde.net.ar\/INDEX\/wp-json\/wp\/v2\/categories?post=16265"},{"taxonomy":"post_tag","embeddable":true,"href":"https:\/\/livingmultimediosde.net.ar\/INDEX\/wp-json\/wp\/v2\/tags?post=16265"}],"curies":[{"name":"wp","href":"https:\/\/api.w.org\/{rel}","templated":true}]}}