{"id":16262,"date":"2025-11-06T12:37:09","date_gmt":"2025-11-06T12:37:09","guid":{"rendered":"https:\/\/livingmultimediosde.net.ar\/INDEX\/?p=16262"},"modified":"2025-11-06T12:37:32","modified_gmt":"2025-11-06T12:37:32","slug":"hcd-declaro-de-interes-municipal-la-destacada-participacion-y-las-recientes-premiaciones-internacionales-obtenidas-por-el-ballet-folklorico-perfume-de-carnaval","status":"publish","type":"post","link":"https:\/\/livingmultimediosde.net.ar\/INDEX\/2025\/11\/hcd-declaro-de-interes-municipal-la-destacada-participacion-y-las-recientes-premiaciones-internacionales-obtenidas-por-el-ballet-folklorico-perfume-de-carnaval\/","title":{"rendered":"HCD: Declar\u00f3 de Inter\u00e9s Municipal la destacada participaci\u00f3n y las recientes premiaciones internacionales obtenidas por el Ballet Folkl\u00f3rico \u00abPerfume de Carnaval\u201d"},"content":{"rendered":"\n<p class=\"wp-block-paragraph\">04.11.25 Se llev\u00f3 a cabo la sesi\u00f3n ordinaria correspondiente al actual per\u00edodo parlamentario municipal, en un clima de tranquilidad y trabajo. La misma fue presidida por el vicepresidente, Walter Medina Salom\u00f3n, y la presencia de 8 ediles.<\/p>\n\n\n\n<p class=\"wp-block-paragraph\">Los ediles, Walter Medina Salom\u00f3n y Dra. Gabriela Ortiz, entregaron copia fiel de la Ordenanza y plaqueta, a la profesora Yanina Baumann, directora del Estudio Superior de Arte Latinoamericano \u201cPerfume de Carnaval\u201d; al Dr. Amhed Assefh, Director del Ballet Perfume de Carnaval y bailarines del ballet \u201cPerfume de Carnaval\u201d y del ballet \u201cDorado\u201d.<\/p>\n\n\n\n<p class=\"wp-block-paragraph\">El HCD declar\u00f3 \u201cde Inter\u00e9s Municipal y Cultural la destacada participaci\u00f3n y las recientes premiaciones internacionales obtenidas por el Ballet Folkl\u00f3rico \u00abPerfume de Carnaval\u00bb, representando a nuestra provincia y al pa\u00eds con excelencia art\u00edstica y de conformidad a las disposiciones de la Ordenanza N\u00b0 4.803\/2013\u201d.<\/p>\n\n\n\n<p class=\"wp-block-paragraph\">En los fundamentos se indica:<\/p>\n\n\n\n<p class=\"wp-block-paragraph\">Que, el reconocido Ballet Folkl\u00f3rico \u00abPerfume de Carnaval\u00bb, bajo la direcci\u00f3n general del Dr. Amhed Assefh y la direcci\u00f3n art\u00edstica del profesor Sebasti\u00e1n Ram\u00edrez, celebra este a\u00f1o 18 a\u00f1os de ininterrumpida labor en la formaci\u00f3n y difusi\u00f3n de la danza folkl\u00f3rica argentina y latinoamericana.<\/p>\n\n\n\n<p class=\"wp-block-paragraph\">Que, en un hito hist\u00f3rico, la delegaci\u00f3n ha culminado recientemente una exitosa gira internacional por Europa del Este, coronando su participaci\u00f3n con la victoria en el prestigioso 71\u00b0 Festival Internacional de Folclore de Cerven\u00fd Kostelec en la Rep\u00fablica Checa, constituy\u00e9ndose en el primer grupo argentino en ganar este festival en sus 71 a\u00f1os de historia y la cuarta delegaci\u00f3n americana en obtener el primer puesto.<\/p>\n\n\n\n<p class=\"wp-block-paragraph\">Que, a lo largo de sus 18 a\u00f1os, \u00abPerfume de Carnaval\u00bb ha forjado una identidad \u00fanica, construyendo su propia escuela: el Estudio Superior de Arte Latinoamericano \u00abPerfume de Carnaval\u00bb. Esta instituci\u00f3n acad\u00e9mica, dirigida por la profesora Yanina Baumann, ofrece dos<\/p>\n\n\n\n<p class=\"wp-block-paragraph\">instructorados de danza folkl\u00f3rica argentina y latinoamericana, adem\u00e1s de un instructorado en m\u00fasica a cargo del profesor Roberto Ledesma, con m\u00e1s de 300 alumnos distribuidos en 5 filiales.<\/p>\n\n\n\n<p class=\"wp-block-paragraph\">Que, el ballet es miembro activo de la Asociaci\u00f3n Internacional del Folklore Latinoamericano (AIFL), entidad de la cual el Dr. Amhed Assefh es delegado nacional desde hace una d\u00e9cada, habiendo sido invitado en septiembre de 2015 por el presidente internacional, Don Mois\u00e9s Hern\u00e1ndez \u00c1brego, para representar a la Rep\u00fablica Argentina.<\/p>\n\n\n\n<p class=\"wp-block-paragraph\">Que, la reciente gira europea, que incluy\u00f3 visitas a Estambul (Turqu\u00eda) y Roma (Italia), tuvo su punto culminante en Polonia. All\u00ed, el ballet particip\u00f3 en el gran festival de Nowa Ruda, compartiendo escenario con ocho delegaciones de diversas partes del mundo, y posteriormente en el Festival Internacional de Rybnik y el Festival de Cultura Viva, donde se present\u00f3 junto a delegaciones de Europa y M\u00e9xico.<\/p>\n","protected":false},"excerpt":{"rendered":"<p>04.11.25 Se llev\u00f3 a cabo la sesi\u00f3n ordinaria correspondiente al actual per\u00edodo parlamentario municipal, en un clima de tranquilidad y trabajo. La misma fue presidida por el vicepresidente, Walter Medina Salom\u00f3n, y la presencia de 8 ediles. Los ediles, Walter Medina Salom\u00f3n y Dra. Gabriela Ortiz, entregaron copia fiel de la Ordenanza y plaqueta, a la profesora Yanina Baumann, directora del Estudio Superior de Arte Latinoamericano \u201cPerfume de Carnaval\u201d; al Dr. Amhed Assefh, Director del Ballet Perfume de Carnaval y bailarines del ballet \u201cPerfume de Carnaval\u201d y del ballet \u201cDorado\u201d.&hellip;<\/p>\n","protected":false},"author":1,"featured_media":16263,"comment_status":"closed","ping_status":"closed","sticky":false,"template":"","format":"standard","meta":{"footnotes":""},"categories":[3],"tags":[],"class_list":["post-16262","post","type-post","status-publish","format-standard","has-post-thumbnail","hentry","category-hcd-capital"],"rttpg_featured_image_url":{"full":["https:\/\/livingmultimediosde.net.ar\/INDEX\/wp-content\/uploads\/2025\/11\/perfume-de-carnaval.jpeg",800,531,false],"landscape":["https:\/\/livingmultimediosde.net.ar\/INDEX\/wp-content\/uploads\/2025\/11\/perfume-de-carnaval.jpeg",800,531,false],"portraits":["https:\/\/livingmultimediosde.net.ar\/INDEX\/wp-content\/uploads\/2025\/11\/perfume-de-carnaval.jpeg",800,531,false],"thumbnail":["https:\/\/livingmultimediosde.net.ar\/INDEX\/wp-content\/uploads\/2025\/11\/perfume-de-carnaval-150x150.jpeg",150,150,true],"medium":["https:\/\/livingmultimediosde.net.ar\/INDEX\/wp-content\/uploads\/2025\/11\/perfume-de-carnaval-300x199.jpeg",300,199,true],"large":["https:\/\/livingmultimediosde.net.ar\/INDEX\/wp-content\/uploads\/2025\/11\/perfume-de-carnaval.jpeg",640,425,false],"1536x1536":["https:\/\/livingmultimediosde.net.ar\/INDEX\/wp-content\/uploads\/2025\/11\/perfume-de-carnaval.jpeg",800,531,false],"2048x2048":["https:\/\/livingmultimediosde.net.ar\/INDEX\/wp-content\/uploads\/2025\/11\/perfume-de-carnaval.jpeg",800,531,false],"post-thumbnail":["https:\/\/livingmultimediosde.net.ar\/INDEX\/wp-content\/uploads\/2025\/11\/perfume-de-carnaval-240x172.jpeg",240,172,true]},"rttpg_author":{"display_name":"rober","author_link":"https:\/\/livingmultimediosde.net.ar\/INDEX\/author\/rober\/"},"rttpg_comment":0,"rttpg_category":"<a href=\"https:\/\/livingmultimediosde.net.ar\/INDEX\/category\/hcd-capital\/\" rel=\"category tag\">HCD CAPITAL<\/a>","rttpg_excerpt":"04.11.25 Se llev\u00f3 a cabo la sesi\u00f3n ordinaria correspondiente al actual per\u00edodo parlamentario municipal, en un clima de tranquilidad y trabajo. La misma fue presidida por el vicepresidente, Walter Medina Salom\u00f3n, y la presencia de 8 ediles. Los ediles, Walter Medina Salom\u00f3n y Dra. Gabriela Ortiz, entregaron copia fiel de la Ordenanza y plaqueta, a&hellip;","_links":{"self":[{"href":"https:\/\/livingmultimediosde.net.ar\/INDEX\/wp-json\/wp\/v2\/posts\/16262","targetHints":{"allow":["GET"]}}],"collection":[{"href":"https:\/\/livingmultimediosde.net.ar\/INDEX\/wp-json\/wp\/v2\/posts"}],"about":[{"href":"https:\/\/livingmultimediosde.net.ar\/INDEX\/wp-json\/wp\/v2\/types\/post"}],"author":[{"embeddable":true,"href":"https:\/\/livingmultimediosde.net.ar\/INDEX\/wp-json\/wp\/v2\/users\/1"}],"replies":[{"embeddable":true,"href":"https:\/\/livingmultimediosde.net.ar\/INDEX\/wp-json\/wp\/v2\/comments?post=16262"}],"version-history":[{"count":1,"href":"https:\/\/livingmultimediosde.net.ar\/INDEX\/wp-json\/wp\/v2\/posts\/16262\/revisions"}],"predecessor-version":[{"id":16264,"href":"https:\/\/livingmultimediosde.net.ar\/INDEX\/wp-json\/wp\/v2\/posts\/16262\/revisions\/16264"}],"wp:featuredmedia":[{"embeddable":true,"href":"https:\/\/livingmultimediosde.net.ar\/INDEX\/wp-json\/wp\/v2\/media\/16263"}],"wp:attachment":[{"href":"https:\/\/livingmultimediosde.net.ar\/INDEX\/wp-json\/wp\/v2\/media?parent=16262"}],"wp:term":[{"taxonomy":"category","embeddable":true,"href":"https:\/\/livingmultimediosde.net.ar\/INDEX\/wp-json\/wp\/v2\/categories?post=16262"},{"taxonomy":"post_tag","embeddable":true,"href":"https:\/\/livingmultimediosde.net.ar\/INDEX\/wp-json\/wp\/v2\/tags?post=16262"}],"curies":[{"name":"wp","href":"https:\/\/api.w.org\/{rel}","templated":true}]}}