{"id":16259,"date":"2025-11-06T12:34:57","date_gmt":"2025-11-06T12:34:57","guid":{"rendered":"https:\/\/livingmultimediosde.net.ar\/INDEX\/?p=16259"},"modified":"2025-11-06T12:35:28","modified_gmt":"2025-11-06T12:35:28","slug":"hcd-declaro-de-interes-municipal-el-evento-denominado-ladys-padel-tour","status":"publish","type":"post","link":"https:\/\/livingmultimediosde.net.ar\/INDEX\/2025\/11\/hcd-declaro-de-interes-municipal-el-evento-denominado-ladys-padel-tour\/","title":{"rendered":"HCD: Declar\u00f3 de Inter\u00e9s Municipal el evento denominado \u201cLadys Padel Tour\u201d"},"content":{"rendered":"\n<p class=\"wp-block-paragraph\">04.11.25 Se llev\u00f3 a cabo la sesi\u00f3n ordinaria correspondiente al actual per\u00edodo parlamentario municipal, en un clima de tranquilidad y trabajo. La misma fue presidida por el vicepresidente, Walter Medina Salom\u00f3n, y la presencia de 8 ediles.<\/p>\n\n\n\n<p class=\"wp-block-paragraph\">Los ediles, Walter Medina Salom\u00f3n, Aida Luz Soria y Carlos Basualdo, entregaron copia fiel de la Ordenanza y plaqueta recordatoria a la Lic. Ail\u00e9n Larred.<\/p>\n\n\n\n<p class=\"wp-block-paragraph\">El HCD declar\u00f3 \u201cde Inter\u00e9s Municipal, Social y Deportivo, el evento denominado \u201cLadys Padel Tour\u201d, organizado por la Licenciada Ail\u00e9n Larred, el cual se llevar\u00e1 a cabo en las instalaciones del Oma Sport Padel Center, los d\u00edas 11 y 18 de octubre del corriente a\u00f1o en curso conforme a las disposiciones de la Ordenanza 4.803\/13\u201d.<\/p>\n\n\n\n<p class=\"wp-block-paragraph\">En los fundamentos se indica:<\/p>\n\n\n\n<p class=\"wp-block-paragraph\">Que, sobre nota presentada por la Licenciada Ail\u00e9n Larred, da cuenta de la organizaci\u00f3n del \u201cLady Padel Tour\u201d a llevarse a cabo los d\u00edas 11 y 18 de octubre del corriente a\u00f1o en las instalaciones del Oma Sport Padel Center, con el prop\u00f3sito de fomentar la pr\u00e1ctica del deporte femenino, fortalecer lazos comunitarios y promover h\u00e1bitos saludables.<\/p>\n\n\n\n<p class=\"wp-block-paragraph\">Que, asimismo, no solo busca promover el deporte sino tambi\u00e9n abrir un espacio de integraci\u00f3n y bienestar. La iniciativa incluye actividades relacionadas a la vida saludable y apunta a consolidarse como un evento referente en la agenda deportiva comunitaria de la provincia, contando con la participaci\u00f3n de destacadas figuras del p\u00e1del, quienes brindar\u00e1n una exhibici\u00f3n del mencionado deporte.<\/p>\n\n\n\n<p class=\"wp-block-paragraph\">Que, el objetivo principal del evento, es que cada mujer que participe pueda sentirse parte de una comunidad activa disfrute de la actividad f\u00edsica y al mismo tiempo cuide su salud.<\/p>\n\n\n\n<p class=\"wp-block-paragraph\">Que, la Ordenanza N\u00ba4.803\/2.013 prev\u00e9 la declaraci\u00f3n de Inter\u00e9s Municipal para eventos de esta \u00edndole.<\/p>\n","protected":false},"excerpt":{"rendered":"<p>04.11.25 Se llev\u00f3 a cabo la sesi\u00f3n ordinaria correspondiente al actual per\u00edodo parlamentario municipal, en un clima de tranquilidad y trabajo. La misma fue presidida por el vicepresidente, Walter Medina Salom\u00f3n, y la presencia de 8 ediles. Los ediles, Walter Medina Salom\u00f3n, Aida Luz Soria y Carlos Basualdo, entregaron copia fiel de la Ordenanza y plaqueta recordatoria a la Lic. Ail\u00e9n Larred. El HCD declar\u00f3 \u201cde Inter\u00e9s Municipal, Social y Deportivo, el evento denominado \u201cLadys Padel Tour\u201d, organizado por la Licenciada Ail\u00e9n Larred, el cual se llevar\u00e1 a cabo en&hellip;<\/p>\n","protected":false},"author":1,"featured_media":16260,"comment_status":"closed","ping_status":"closed","sticky":false,"template":"","format":"standard","meta":{"footnotes":""},"categories":[3],"tags":[],"class_list":["post-16259","post","type-post","status-publish","format-standard","has-post-thumbnail","hentry","category-hcd-capital"],"rttpg_featured_image_url":{"full":["https:\/\/livingmultimediosde.net.ar\/INDEX\/wp-content\/uploads\/2025\/11\/lienciada1.jpeg",800,531,false],"landscape":["https:\/\/livingmultimediosde.net.ar\/INDEX\/wp-content\/uploads\/2025\/11\/lienciada1.jpeg",800,531,false],"portraits":["https:\/\/livingmultimediosde.net.ar\/INDEX\/wp-content\/uploads\/2025\/11\/lienciada1.jpeg",800,531,false],"thumbnail":["https:\/\/livingmultimediosde.net.ar\/INDEX\/wp-content\/uploads\/2025\/11\/lienciada1-150x150.jpeg",150,150,true],"medium":["https:\/\/livingmultimediosde.net.ar\/INDEX\/wp-content\/uploads\/2025\/11\/lienciada1-300x199.jpeg",300,199,true],"large":["https:\/\/livingmultimediosde.net.ar\/INDEX\/wp-content\/uploads\/2025\/11\/lienciada1.jpeg",640,425,false],"1536x1536":["https:\/\/livingmultimediosde.net.ar\/INDEX\/wp-content\/uploads\/2025\/11\/lienciada1.jpeg",800,531,false],"2048x2048":["https:\/\/livingmultimediosde.net.ar\/INDEX\/wp-content\/uploads\/2025\/11\/lienciada1.jpeg",800,531,false],"post-thumbnail":["https:\/\/livingmultimediosde.net.ar\/INDEX\/wp-content\/uploads\/2025\/11\/lienciada1-240x172.jpeg",240,172,true]},"rttpg_author":{"display_name":"rober","author_link":"https:\/\/livingmultimediosde.net.ar\/INDEX\/author\/rober\/"},"rttpg_comment":0,"rttpg_category":"<a href=\"https:\/\/livingmultimediosde.net.ar\/INDEX\/category\/hcd-capital\/\" rel=\"category tag\">HCD CAPITAL<\/a>","rttpg_excerpt":"04.11.25 Se llev\u00f3 a cabo la sesi\u00f3n ordinaria correspondiente al actual per\u00edodo parlamentario municipal, en un clima de tranquilidad y trabajo. La misma fue presidida por el vicepresidente, Walter Medina Salom\u00f3n, y la presencia de 8 ediles. Los ediles, Walter Medina Salom\u00f3n, Aida Luz Soria y Carlos Basualdo, entregaron copia fiel de la Ordenanza y&hellip;","_links":{"self":[{"href":"https:\/\/livingmultimediosde.net.ar\/INDEX\/wp-json\/wp\/v2\/posts\/16259","targetHints":{"allow":["GET"]}}],"collection":[{"href":"https:\/\/livingmultimediosde.net.ar\/INDEX\/wp-json\/wp\/v2\/posts"}],"about":[{"href":"https:\/\/livingmultimediosde.net.ar\/INDEX\/wp-json\/wp\/v2\/types\/post"}],"author":[{"embeddable":true,"href":"https:\/\/livingmultimediosde.net.ar\/INDEX\/wp-json\/wp\/v2\/users\/1"}],"replies":[{"embeddable":true,"href":"https:\/\/livingmultimediosde.net.ar\/INDEX\/wp-json\/wp\/v2\/comments?post=16259"}],"version-history":[{"count":1,"href":"https:\/\/livingmultimediosde.net.ar\/INDEX\/wp-json\/wp\/v2\/posts\/16259\/revisions"}],"predecessor-version":[{"id":16261,"href":"https:\/\/livingmultimediosde.net.ar\/INDEX\/wp-json\/wp\/v2\/posts\/16259\/revisions\/16261"}],"wp:featuredmedia":[{"embeddable":true,"href":"https:\/\/livingmultimediosde.net.ar\/INDEX\/wp-json\/wp\/v2\/media\/16260"}],"wp:attachment":[{"href":"https:\/\/livingmultimediosde.net.ar\/INDEX\/wp-json\/wp\/v2\/media?parent=16259"}],"wp:term":[{"taxonomy":"category","embeddable":true,"href":"https:\/\/livingmultimediosde.net.ar\/INDEX\/wp-json\/wp\/v2\/categories?post=16259"},{"taxonomy":"post_tag","embeddable":true,"href":"https:\/\/livingmultimediosde.net.ar\/INDEX\/wp-json\/wp\/v2\/tags?post=16259"}],"curies":[{"name":"wp","href":"https:\/\/api.w.org\/{rel}","templated":true}]}}