{"id":16256,"date":"2025-11-06T12:32:39","date_gmt":"2025-11-06T12:32:39","guid":{"rendered":"https:\/\/livingmultimediosde.net.ar\/INDEX\/?p=16256"},"modified":"2025-11-06T12:33:10","modified_gmt":"2025-11-06T12:33:10","slug":"hcd-declaro-de-interes-municipal-torneo-nacional-de-futbol-infantil-las-pulgas-2-025-copa-madre-de-ciudades-v-edicion","status":"publish","type":"post","link":"https:\/\/livingmultimediosde.net.ar\/INDEX\/2025\/11\/hcd-declaro-de-interes-municipal-torneo-nacional-de-futbol-infantil-las-pulgas-2-025-copa-madre-de-ciudades-v-edicion\/","title":{"rendered":"HCD: Declar\u00f3 de Inter\u00e9s Municipal Torneo Nacional de Futbol Infantil \u201cLas Pulgas 2.025 \u2013 Copa Madre de Ciudades \u2013 V Edici\u00f3n"},"content":{"rendered":"\n<p class=\"wp-block-paragraph\">04.11.25 Se llev\u00f3 a cabo la sesi\u00f3n ordinaria correspondiente al actual per\u00edodo parlamentario municipal, en un clima de tranquilidad y trabajo. La misma fue presidida por el vicepresidente, Walter Medina Salom\u00f3n, y la presencia de 8 ediles.<\/p>\n\n\n\n<p class=\"wp-block-paragraph\">En la apertura, se realiz\u00f3 el acto protocolar de entrega de la Ordenanza por la que \u201cse declara de Inter\u00e9s Municipal, Social y Deportivo la realizaci\u00f3n del Torneo Nacional de Futbol Infantil \u201cLas Pulgas 2.025 \u2013 Copa Madre de Ciudades \u2013 V Edici\u00f3n\u201d, a llevarse a cabo los d\u00edas 21, 22 y 23 de noviembre del 2.025, en el predio del Club Comunicaciones, de esta ciudad, de conformidad a los considerandos de la presente y a las disposiciones de la Ordenanza N\u00ba 4.803\/2.013. \u2013<\/p>\n\n\n\n<p class=\"wp-block-paragraph\">Los ediles, Walter Medina Salom\u00f3n, Carlos Nazer y Carlos Basualdo, entregaron copia fiel de la Ordenanza al Profesor Coordinador, Walter Putzolo, organizador del evento enunciado en el art\u00edculo precedente.<\/p>\n\n\n\n<p class=\"wp-block-paragraph\">En los fundamentos, se indica:<\/p>\n\n\n\n<p class=\"wp-block-paragraph\">Que, el profesor y coordinador de la Escuela de Futbol \u201cLas Pulgas\u201d, Walter Putzolo, pone en conocimiento que los d\u00edas 21, 22 y 23 de noviembre de 2.025 en el predio del Club Comunicaciones de esta ciudad, se llevar\u00e1 a cabo el \u201cTorneo Nacional de F\u00fatbol Infantil- Copa de Madre de Ciudades \u2013 V Edici\u00f3n\u201d, y solicita a este Honorable Cuerpo acompa\u00f1ar este evento declar\u00e1ndolo de inter\u00e9s municipal.<\/p>\n\n\n\n<p class=\"wp-block-paragraph\">Que, se contar\u00e1 con la participaci\u00f3n de m\u00e1s de setenta equipos de todo el pa\u00eds provenientes de provincias como Chaco, Salta, Tucum\u00e1n, Catamarca, Entre R\u00edos, C\u00f3rdoba, entre otras y tambi\u00e9n vendr\u00e1n delegaciones del interior de nuestra provincia.<\/p>\n\n\n\n<p class=\"wp-block-paragraph\">Que, el objetivo principal de este torneo es el de promover el desarrollo f\u00edsico, social y emocional de los ni\u00f1os, a la vez de fomentar el trabajo en equipo, y estimular el amor por el deporte y la participaci\u00f3n activa en un ambiente inclusivo y divertido.<\/p>\n\n\n\n<p class=\"wp-block-paragraph\">Que, la Comisi\u00f3n de Salud, Deporte y Medio ambiente despu\u00e9s de analizar ha emitido dictamen favorable.<\/p>\n","protected":false},"excerpt":{"rendered":"<p>04.11.25 Se llev\u00f3 a cabo la sesi\u00f3n ordinaria correspondiente al actual per\u00edodo parlamentario municipal, en un clima de tranquilidad y trabajo. La misma fue presidida por el vicepresidente, Walter Medina Salom\u00f3n, y la presencia de 8 ediles. En la apertura, se realiz\u00f3 el acto protocolar de entrega de la Ordenanza por la que \u201cse declara de Inter\u00e9s Municipal, Social y Deportivo la realizaci\u00f3n del Torneo Nacional de Futbol Infantil \u201cLas Pulgas 2.025 \u2013 Copa Madre de Ciudades \u2013 V Edici\u00f3n\u201d, a llevarse a cabo los d\u00edas 21, 22 y 23&hellip;<\/p>\n","protected":false},"author":1,"featured_media":16257,"comment_status":"closed","ping_status":"closed","sticky":false,"template":"","format":"standard","meta":{"footnotes":""},"categories":[3],"tags":[],"class_list":["post-16256","post","type-post","status-publish","format-standard","has-post-thumbnail","hentry","category-hcd-capital"],"rttpg_featured_image_url":{"full":["https:\/\/livingmultimediosde.net.ar\/INDEX\/wp-content\/uploads\/2025\/11\/futbol1.jpeg",800,531,false],"landscape":["https:\/\/livingmultimediosde.net.ar\/INDEX\/wp-content\/uploads\/2025\/11\/futbol1.jpeg",800,531,false],"portraits":["https:\/\/livingmultimediosde.net.ar\/INDEX\/wp-content\/uploads\/2025\/11\/futbol1.jpeg",800,531,false],"thumbnail":["https:\/\/livingmultimediosde.net.ar\/INDEX\/wp-content\/uploads\/2025\/11\/futbol1-150x150.jpeg",150,150,true],"medium":["https:\/\/livingmultimediosde.net.ar\/INDEX\/wp-content\/uploads\/2025\/11\/futbol1-300x199.jpeg",300,199,true],"large":["https:\/\/livingmultimediosde.net.ar\/INDEX\/wp-content\/uploads\/2025\/11\/futbol1.jpeg",640,425,false],"1536x1536":["https:\/\/livingmultimediosde.net.ar\/INDEX\/wp-content\/uploads\/2025\/11\/futbol1.jpeg",800,531,false],"2048x2048":["https:\/\/livingmultimediosde.net.ar\/INDEX\/wp-content\/uploads\/2025\/11\/futbol1.jpeg",800,531,false],"post-thumbnail":["https:\/\/livingmultimediosde.net.ar\/INDEX\/wp-content\/uploads\/2025\/11\/futbol1-240x172.jpeg",240,172,true]},"rttpg_author":{"display_name":"rober","author_link":"https:\/\/livingmultimediosde.net.ar\/INDEX\/author\/rober\/"},"rttpg_comment":0,"rttpg_category":"<a href=\"https:\/\/livingmultimediosde.net.ar\/INDEX\/category\/hcd-capital\/\" rel=\"category tag\">HCD CAPITAL<\/a>","rttpg_excerpt":"04.11.25 Se llev\u00f3 a cabo la sesi\u00f3n ordinaria correspondiente al actual per\u00edodo parlamentario municipal, en un clima de tranquilidad y trabajo. La misma fue presidida por el vicepresidente, Walter Medina Salom\u00f3n, y la presencia de 8 ediles. En la apertura, se realiz\u00f3 el acto protocolar de entrega de la Ordenanza por la que \u201cse declara&hellip;","_links":{"self":[{"href":"https:\/\/livingmultimediosde.net.ar\/INDEX\/wp-json\/wp\/v2\/posts\/16256","targetHints":{"allow":["GET"]}}],"collection":[{"href":"https:\/\/livingmultimediosde.net.ar\/INDEX\/wp-json\/wp\/v2\/posts"}],"about":[{"href":"https:\/\/livingmultimediosde.net.ar\/INDEX\/wp-json\/wp\/v2\/types\/post"}],"author":[{"embeddable":true,"href":"https:\/\/livingmultimediosde.net.ar\/INDEX\/wp-json\/wp\/v2\/users\/1"}],"replies":[{"embeddable":true,"href":"https:\/\/livingmultimediosde.net.ar\/INDEX\/wp-json\/wp\/v2\/comments?post=16256"}],"version-history":[{"count":1,"href":"https:\/\/livingmultimediosde.net.ar\/INDEX\/wp-json\/wp\/v2\/posts\/16256\/revisions"}],"predecessor-version":[{"id":16258,"href":"https:\/\/livingmultimediosde.net.ar\/INDEX\/wp-json\/wp\/v2\/posts\/16256\/revisions\/16258"}],"wp:featuredmedia":[{"embeddable":true,"href":"https:\/\/livingmultimediosde.net.ar\/INDEX\/wp-json\/wp\/v2\/media\/16257"}],"wp:attachment":[{"href":"https:\/\/livingmultimediosde.net.ar\/INDEX\/wp-json\/wp\/v2\/media?parent=16256"}],"wp:term":[{"taxonomy":"category","embeddable":true,"href":"https:\/\/livingmultimediosde.net.ar\/INDEX\/wp-json\/wp\/v2\/categories?post=16256"},{"taxonomy":"post_tag","embeddable":true,"href":"https:\/\/livingmultimediosde.net.ar\/INDEX\/wp-json\/wp\/v2\/tags?post=16256"}],"curies":[{"name":"wp","href":"https:\/\/api.w.org\/{rel}","templated":true}]}}