{"id":16247,"date":"2025-11-05T17:14:52","date_gmt":"2025-11-05T17:14:52","guid":{"rendered":"https:\/\/livingmultimediosde.net.ar\/INDEX\/?p=16247"},"modified":"2025-11-08T14:16:50","modified_gmt":"2025-11-08T14:16:50","slug":"uca-el-15-de-los-asalariados-sufre-inseguridad-alimentaria-afecta-al-98-de-los-formales","status":"publish","type":"post","link":"https:\/\/livingmultimediosde.net.ar\/INDEX\/2025\/11\/uca-el-15-de-los-asalariados-sufre-inseguridad-alimentaria-afecta-al-98-de-los-formales\/","title":{"rendered":"UCA: El 15% de los asalariados sufre inseguridad alimentaria; afecta al 9,8% de los formales"},"content":{"rendered":"\n<p class=\"wp-block-paragraph\">El 15% de los trabajadores asalariados del pa\u00eds no logra alimentarse adecuadamente, incluyendo a aquellos que cuentan con un empleo formal (7%), seg\u00fan expuso un informe del Observatorio de la Deuda Social Argentina (ODSA) de la UCA.<\/p>\n\n\n\n<p class=\"wp-block-paragraph\">El reporte reflej\u00f3 que la denominada inseguridad alimentaria golpea con m\u00e1s fuerza a los trabajadores del sector informal, donde la incidencia llega al 24%.<\/p>\n\n\n\n<p class=\"wp-block-paragraph\">El informe subraya que la afectaci\u00f3n en empleados formales (9,8%) y p\u00fablicos (14,1%) \u00abrefleja un problema que trasciende la mera inserci\u00f3n laboral\u00bb.<\/p>\n\n\n\n<p class=\"wp-block-paragraph\">El perfil de los m\u00e1s afectados<br>El estudio de la UCA detalla qu\u00e9 factores aumentan la vulnerabilidad de los trabajadores:<\/p>\n\n\n\n<ol class=\"wp-block-list\">\n<li>Nivel educativo (La mayor brecha)<br>La inseguridad alimentaria es notablemente m\u00e1s alta en los estratos con menor educaci\u00f3n:<\/li>\n<\/ol>\n\n\n\n<p class=\"wp-block-paragraph\">Secundario incompleto: 34%<br>Universitario o m\u00e1s: 4,6%<\/p>\n\n\n\n<ol start=\"2\" class=\"wp-block-list\">\n<li>Situaci\u00f3n de pobreza<br>El impacto es dr\u00e1stico seg\u00fan la l\u00ednea de pobreza:<\/li>\n<\/ol>\n\n\n\n<p class=\"wp-block-paragraph\">Trabajadores pobres: 38,6% sufre inseguridad alimentaria.<br>Trabajadores no pobres: 6,9%<\/p>\n\n\n\n<ol start=\"3\" class=\"wp-block-list\">\n<li>Regi\u00f3n geogr\u00e1fica<br>El Conurbano bonaerense es el \u00e1rea m\u00e1s cr\u00edtica del pa\u00eds:<\/li>\n<\/ol>\n\n\n\n<p class=\"wp-block-paragraph\">Conurbano: 18,9%<br>Interior: 14,8%<br>CABA: 7,1%<\/p>\n\n\n\n<ol start=\"4\" class=\"wp-block-list\">\n<li>Horas trabajadas<br>Contrario a lo esperado, los subocupados son los m\u00e1s afectados, por encima de los sobreocupados:<\/li>\n<\/ol>\n\n\n\n<p class=\"wp-block-paragraph\">Subocupados: 21,1%<br>Sobreocupados: 13,3%<br>Jornada completa: 12%<br>Otros factores de incidencia<br>El informe del ODSA tambi\u00e9n identific\u00f3 otras variables:<\/p>\n\n\n\n<p class=\"wp-block-paragraph\">G\u00e9nero: La diferencia es m\u00ednima, afectando a un 15,5% de las mujeres y un 15% de los hombres.<br>Edad: Los trabajadores de entre 35 y 54 a\u00f1os (17,1%) son los que m\u00e1s la padecen.<br>Sindicatos: El estudio afirma que \u00ablos trabajadores afiliados a sindicatos tienden a tener mayor seguridad alimentaria\u00bb.<\/p>\n","protected":false},"excerpt":{"rendered":"<p>El 15% de los trabajadores asalariados del pa\u00eds no logra alimentarse adecuadamente, incluyendo a aquellos que cuentan con un empleo formal (7%), seg\u00fan expuso un informe del Observatorio de la Deuda Social Argentina (ODSA) de la UCA. El reporte reflej\u00f3 que la denominada inseguridad alimentaria golpea con m\u00e1s fuerza a los trabajadores del sector informal, donde la incidencia llega al 24%. El informe subraya que la afectaci\u00f3n en empleados formales (9,8%) y p\u00fablicos (14,1%) \u00abrefleja un problema que trasciende la mera inserci\u00f3n laboral\u00bb. El perfil de los m\u00e1s afectadosEl estudio&hellip;<\/p>\n","protected":false},"author":1,"featured_media":16248,"comment_status":"closed","ping_status":"closed","sticky":false,"template":"","format":"standard","meta":{"footnotes":""},"categories":[4],"tags":[],"class_list":["post-16247","post","type-post","status-publish","format-standard","has-post-thumbnail","hentry","category-interes-general"],"rttpg_featured_image_url":{"full":["https:\/\/livingmultimediosde.net.ar\/INDEX\/wp-content\/uploads\/2025\/11\/asalariados-e1762611375968.webp",823,465,false],"landscape":["https:\/\/livingmultimediosde.net.ar\/INDEX\/wp-content\/uploads\/2025\/11\/asalariados-e1762611375968.webp",823,465,false],"portraits":["https:\/\/livingmultimediosde.net.ar\/INDEX\/wp-content\/uploads\/2025\/11\/asalariados-e1762611375968.webp",823,465,false],"thumbnail":["https:\/\/livingmultimediosde.net.ar\/INDEX\/wp-content\/uploads\/2025\/11\/asalariados-e1762611375968-150x150.webp",150,150,true],"medium":["https:\/\/livingmultimediosde.net.ar\/INDEX\/wp-content\/uploads\/2025\/11\/asalariados-e1762611375968-300x170.webp",300,170,true],"large":["https:\/\/livingmultimediosde.net.ar\/INDEX\/wp-content\/uploads\/2025\/11\/asalariados-e1762611375968.webp",640,362,false],"1536x1536":["https:\/\/livingmultimediosde.net.ar\/INDEX\/wp-content\/uploads\/2025\/11\/asalariados-e1762611375968.webp",823,465,false],"2048x2048":["https:\/\/livingmultimediosde.net.ar\/INDEX\/wp-content\/uploads\/2025\/11\/asalariados-e1762611375968.webp",823,465,false],"post-thumbnail":["https:\/\/livingmultimediosde.net.ar\/INDEX\/wp-content\/uploads\/2025\/11\/asalariados-e1762611375968-240x172.webp",240,172,true]},"rttpg_author":{"display_name":"rober","author_link":"https:\/\/livingmultimediosde.net.ar\/INDEX\/author\/rober\/"},"rttpg_comment":0,"rttpg_category":"<a href=\"https:\/\/livingmultimediosde.net.ar\/INDEX\/category\/interes-general\/\" rel=\"category tag\">INTERES GENERAL<\/a>","rttpg_excerpt":"El 15% de los trabajadores asalariados del pa\u00eds no logra alimentarse adecuadamente, incluyendo a aquellos que cuentan con un empleo formal (7%), seg\u00fan expuso un informe del Observatorio de la Deuda Social Argentina (ODSA) de la UCA. El reporte reflej\u00f3 que la denominada inseguridad alimentaria golpea con m\u00e1s fuerza a los trabajadores del sector informal,&hellip;","_links":{"self":[{"href":"https:\/\/livingmultimediosde.net.ar\/INDEX\/wp-json\/wp\/v2\/posts\/16247","targetHints":{"allow":["GET"]}}],"collection":[{"href":"https:\/\/livingmultimediosde.net.ar\/INDEX\/wp-json\/wp\/v2\/posts"}],"about":[{"href":"https:\/\/livingmultimediosde.net.ar\/INDEX\/wp-json\/wp\/v2\/types\/post"}],"author":[{"embeddable":true,"href":"https:\/\/livingmultimediosde.net.ar\/INDEX\/wp-json\/wp\/v2\/users\/1"}],"replies":[{"embeddable":true,"href":"https:\/\/livingmultimediosde.net.ar\/INDEX\/wp-json\/wp\/v2\/comments?post=16247"}],"version-history":[{"count":1,"href":"https:\/\/livingmultimediosde.net.ar\/INDEX\/wp-json\/wp\/v2\/posts\/16247\/revisions"}],"predecessor-version":[{"id":16249,"href":"https:\/\/livingmultimediosde.net.ar\/INDEX\/wp-json\/wp\/v2\/posts\/16247\/revisions\/16249"}],"wp:featuredmedia":[{"embeddable":true,"href":"https:\/\/livingmultimediosde.net.ar\/INDEX\/wp-json\/wp\/v2\/media\/16248"}],"wp:attachment":[{"href":"https:\/\/livingmultimediosde.net.ar\/INDEX\/wp-json\/wp\/v2\/media?parent=16247"}],"wp:term":[{"taxonomy":"category","embeddable":true,"href":"https:\/\/livingmultimediosde.net.ar\/INDEX\/wp-json\/wp\/v2\/categories?post=16247"},{"taxonomy":"post_tag","embeddable":true,"href":"https:\/\/livingmultimediosde.net.ar\/INDEX\/wp-json\/wp\/v2\/tags?post=16247"}],"curies":[{"name":"wp","href":"https:\/\/api.w.org\/{rel}","templated":true}]}}