{"id":16244,"date":"2025-11-05T17:08:58","date_gmt":"2025-11-05T17:08:58","guid":{"rendered":"https:\/\/livingmultimediosde.net.ar\/INDEX\/?p=16244"},"modified":"2025-11-05T17:09:28","modified_gmt":"2025-11-05T17:09:28","slug":"la-corte-declaro-su-competencia-en-la-disputa-entre-nacion-y-chaco-por-subidios-a-un-hospital","status":"publish","type":"post","link":"https:\/\/livingmultimediosde.net.ar\/INDEX\/2025\/11\/la-corte-declaro-su-competencia-en-la-disputa-entre-nacion-y-chaco-por-subidios-a-un-hospital\/","title":{"rendered":"La Corte declar\u00f3 su competencia en la disputa entre Naci\u00f3n y Chaco por subidios a un hospital"},"content":{"rendered":"\n<p class=\"wp-block-paragraph\">La Corte Suprema de Justicia declar\u00f3 su competencia originaria en una causa iniciada por el Estado Nacional contra la provincia del Chaco por el reintegro de subsidios otorgados al hospital 4 de Junio de la localidad de Presidente Roque S\u00e1enz Pe\u00f1a, y orden\u00f3 notificar nuevamente a la provincia de forma correcta.<\/p>\n\n\n\n<p class=\"wp-block-paragraph\">El conflicto se origin\u00f3 en 2021 cuando el Ministerio de Salud de la Naci\u00f3n promovi\u00f3 una demanda contra su par provincial y el hospital chaque\u00f1o para obtener la devoluci\u00f3n de fondos entregados en concepto de subsidio, cuya falta de rendici\u00f3n deriv\u00f3 en la caducidad del beneficio.<\/p>\n\n\n\n<p class=\"wp-block-paragraph\">En un primer momento, el Juzgado Nacional en lo Contencioso Administrativo Federal N\u00b012 se declar\u00f3 competente y dio curso a la demanda. Sin embargo, la Fiscal\u00eda de Estado del Chaco cuestion\u00f3 esa decisi\u00f3n al sostener que, por tratarse de un conflicto entre el Estado Nacional y una provincia, la causa deb\u00eda tramitarse directamente ante la Corte Suprema, seg\u00fan lo establece la Constituci\u00f3n Nacional.<\/p>\n\n\n\n<p class=\"wp-block-paragraph\">La Corte confirm\u00f3 la extradici\u00f3n del argentino que abus\u00f3 de una nena que conoci\u00f3 por Facebook<br>Luego de un nuevo dictamen del Ministerio P\u00fablico, el juzgado federal finalmente se declar\u00f3 incompetente y remiti\u00f3 el expediente al m\u00e1ximo tribunal. Contra esa resoluci\u00f3n, el Estado Nacional interpuso un recurso de reposici\u00f3n con apelaci\u00f3n en subsidio.<\/p>\n\n\n\n<p class=\"wp-block-paragraph\">Tras recibir el caso, seg\u00fan pudo conocer la Agencia Noticias Argentinas, la Corte dio vista a la Procuraci\u00f3n General.<\/p>\n\n\n\n<p class=\"wp-block-paragraph\">El procurador interino, Eduardo Casal, consider\u00f3 que correspond\u00eda la intervenci\u00f3n originaria de la Corte. En su dictamen, sostuvo que al presentarse como demandada y alegar su prerrogativa constitucional, la provincia de Chaco dej\u00f3 en claro su negativa a renunciar a dicha competencia, lo que implicaba una oposici\u00f3n v\u00e1lida a la pr\u00f3rroga de jurisdicci\u00f3n a favor de otro fuero.<\/p>\n\n\n\n<p class=\"wp-block-paragraph\">\u201cResulta indiferente la materia sobre la que versa el pleito\u201d, argument\u00f3 Casal, y subray\u00f3 que, cuando el Estado Nacional demanda a una provincia, el \u00fanico modo de armonizar las prerrogativas de ambas partes es sustanciar el proceso ante la Corte Suprema, tal como lo establece la doctrina del tribunal.<\/p>\n\n\n\n<p class=\"wp-block-paragraph\">Los ministros Horacio Rosatti, Carlos Rosenkrantz y Ricardo Lorenzetti coincidieron con esa interpretaci\u00f3n y resolvieron tomar el caso, al tiempo que ordenaron notificar debidamente a la provincia del Chaco.<\/p>\n","protected":false},"excerpt":{"rendered":"<p>La Corte Suprema de Justicia declar\u00f3 su competencia originaria en una causa iniciada por el Estado Nacional contra la provincia del Chaco por el reintegro de subsidios otorgados al hospital 4 de Junio de la localidad de Presidente Roque S\u00e1enz Pe\u00f1a, y orden\u00f3 notificar nuevamente a la provincia de forma correcta. El conflicto se origin\u00f3 en 2021 cuando el Ministerio de Salud de la Naci\u00f3n promovi\u00f3 una demanda contra su par provincial y el hospital chaque\u00f1o para obtener la devoluci\u00f3n de fondos entregados en concepto de subsidio, cuya falta de&hellip;<\/p>\n","protected":false},"author":1,"featured_media":16245,"comment_status":"closed","ping_status":"closed","sticky":false,"template":"","format":"standard","meta":{"footnotes":""},"categories":[4],"tags":[],"class_list":["post-16244","post","type-post","status-publish","format-standard","has-post-thumbnail","hentry","category-interes-general"],"rttpg_featured_image_url":{"full":["https:\/\/livingmultimediosde.net.ar\/INDEX\/wp-content\/uploads\/2025\/11\/La-Corte.webp",576,360,false],"landscape":["https:\/\/livingmultimediosde.net.ar\/INDEX\/wp-content\/uploads\/2025\/11\/La-Corte.webp",576,360,false],"portraits":["https:\/\/livingmultimediosde.net.ar\/INDEX\/wp-content\/uploads\/2025\/11\/La-Corte.webp",576,360,false],"thumbnail":["https:\/\/livingmultimediosde.net.ar\/INDEX\/wp-content\/uploads\/2025\/11\/La-Corte-150x150.webp",150,150,true],"medium":["https:\/\/livingmultimediosde.net.ar\/INDEX\/wp-content\/uploads\/2025\/11\/La-Corte-300x188.webp",300,188,true],"large":["https:\/\/livingmultimediosde.net.ar\/INDEX\/wp-content\/uploads\/2025\/11\/La-Corte.webp",576,360,false],"1536x1536":["https:\/\/livingmultimediosde.net.ar\/INDEX\/wp-content\/uploads\/2025\/11\/La-Corte.webp",576,360,false],"2048x2048":["https:\/\/livingmultimediosde.net.ar\/INDEX\/wp-content\/uploads\/2025\/11\/La-Corte.webp",576,360,false],"post-thumbnail":["https:\/\/livingmultimediosde.net.ar\/INDEX\/wp-content\/uploads\/2025\/11\/La-Corte-240x172.webp",240,172,true]},"rttpg_author":{"display_name":"rober","author_link":"https:\/\/livingmultimediosde.net.ar\/INDEX\/author\/rober\/"},"rttpg_comment":0,"rttpg_category":"<a href=\"https:\/\/livingmultimediosde.net.ar\/INDEX\/category\/interes-general\/\" rel=\"category tag\">INTERES GENERAL<\/a>","rttpg_excerpt":"La Corte Suprema de Justicia declar\u00f3 su competencia originaria en una causa iniciada por el Estado Nacional contra la provincia del Chaco por el reintegro de subsidios otorgados al hospital 4 de Junio de la localidad de Presidente Roque S\u00e1enz Pe\u00f1a, y orden\u00f3 notificar nuevamente a la provincia de forma correcta. El conflicto se origin\u00f3&hellip;","_links":{"self":[{"href":"https:\/\/livingmultimediosde.net.ar\/INDEX\/wp-json\/wp\/v2\/posts\/16244","targetHints":{"allow":["GET"]}}],"collection":[{"href":"https:\/\/livingmultimediosde.net.ar\/INDEX\/wp-json\/wp\/v2\/posts"}],"about":[{"href":"https:\/\/livingmultimediosde.net.ar\/INDEX\/wp-json\/wp\/v2\/types\/post"}],"author":[{"embeddable":true,"href":"https:\/\/livingmultimediosde.net.ar\/INDEX\/wp-json\/wp\/v2\/users\/1"}],"replies":[{"embeddable":true,"href":"https:\/\/livingmultimediosde.net.ar\/INDEX\/wp-json\/wp\/v2\/comments?post=16244"}],"version-history":[{"count":1,"href":"https:\/\/livingmultimediosde.net.ar\/INDEX\/wp-json\/wp\/v2\/posts\/16244\/revisions"}],"predecessor-version":[{"id":16246,"href":"https:\/\/livingmultimediosde.net.ar\/INDEX\/wp-json\/wp\/v2\/posts\/16244\/revisions\/16246"}],"wp:featuredmedia":[{"embeddable":true,"href":"https:\/\/livingmultimediosde.net.ar\/INDEX\/wp-json\/wp\/v2\/media\/16245"}],"wp:attachment":[{"href":"https:\/\/livingmultimediosde.net.ar\/INDEX\/wp-json\/wp\/v2\/media?parent=16244"}],"wp:term":[{"taxonomy":"category","embeddable":true,"href":"https:\/\/livingmultimediosde.net.ar\/INDEX\/wp-json\/wp\/v2\/categories?post=16244"},{"taxonomy":"post_tag","embeddable":true,"href":"https:\/\/livingmultimediosde.net.ar\/INDEX\/wp-json\/wp\/v2\/tags?post=16244"}],"curies":[{"name":"wp","href":"https:\/\/api.w.org\/{rel}","templated":true}]}}