{"id":16241,"date":"2025-11-05T12:50:17","date_gmt":"2025-11-05T12:50:17","guid":{"rendered":"https:\/\/livingmultimediosde.net.ar\/INDEX\/?p=16241"},"modified":"2025-11-05T12:50:30","modified_gmt":"2025-11-05T12:50:30","slug":"la-municipalidad-inicio-trabajos-de-senalizacion-y-demarcacion-de-sendas-peatonales-y-carriles-en-av-y-calles-del-centro","status":"publish","type":"post","link":"https:\/\/livingmultimediosde.net.ar\/INDEX\/2025\/11\/la-municipalidad-inicio-trabajos-de-senalizacion-y-demarcacion-de-sendas-peatonales-y-carriles-en-av-y-calles-del-centro\/","title":{"rendered":"LA MUNICIPALIDAD INICI\u00d3 TRABAJOS DE SE\u00d1ALIZACI\u00d3N Y DEMARCACI\u00d3N DE SENDAS PEATONALES Y CARRILES EN AV. Y CALLES DEL CENTRO"},"content":{"rendered":"\n<p class=\"wp-block-paragraph\">La Municipalidad de la Capital dio comienzo a los trabajos de se\u00f1alizaci\u00f3n y demarcaci\u00f3n de las sendas peatonales y carriles del centro y de las principales avenidas en el marco del programa de ordenamiento del tr\u00e1nsito y de la seguridad vial de la ciudad.<br>Las tareas que se llevan adelante en horario nocturno para evitar inconvenientes en el tr\u00e1fico, se ejecutan con pintura termopl\u00e1stica aplicada por extrusi\u00f3n con sembrado de microesferas de vidrio.<br>Tambi\u00e9n, se aplica una capa de pintura reflectiva por m\u00e9todos mec\u00e1nicos sobre la superficie de los pavimentos con la finalidad de demarcar las sendas peatonales, las l\u00edneas de frenado en los mismos y para el movimiento y\/o ordenamiento de veh\u00edculos y cruce de peatones.<br>En las avenidas en particular, se delimitan las l\u00edneas de los carriles, siendo estas punteadas y siguiendo la direcci\u00f3n del tr\u00e1nsito a partir de la senda peatonal.<\/p>\n","protected":false},"excerpt":{"rendered":"<p>La Municipalidad de la Capital dio comienzo a los trabajos de se\u00f1alizaci\u00f3n y demarcaci\u00f3n de las sendas peatonales y carriles del centro y de las principales avenidas en el marco del programa de ordenamiento del tr\u00e1nsito y de la seguridad vial de la ciudad.Las tareas que se llevan adelante en horario nocturno para evitar inconvenientes en el tr\u00e1fico, se ejecutan con pintura termopl\u00e1stica aplicada por extrusi\u00f3n con sembrado de microesferas de vidrio.Tambi\u00e9n, se aplica una capa de pintura reflectiva por m\u00e9todos mec\u00e1nicos sobre la superficie de los pavimentos con la&hellip;<\/p>\n","protected":false},"author":1,"featured_media":16242,"comment_status":"closed","ping_status":"closed","sticky":false,"template":"","format":"standard","meta":{"footnotes":""},"categories":[9],"tags":[],"class_list":["post-16241","post","type-post","status-publish","format-standard","has-post-thumbnail","hentry","category-noticias"],"rttpg_featured_image_url":{"full":["https:\/\/livingmultimediosde.net.ar\/INDEX\/wp-content\/uploads\/2025\/11\/gftre.jpg",1600,907,false],"landscape":["https:\/\/livingmultimediosde.net.ar\/INDEX\/wp-content\/uploads\/2025\/11\/gftre.jpg",1600,907,false],"portraits":["https:\/\/livingmultimediosde.net.ar\/INDEX\/wp-content\/uploads\/2025\/11\/gftre.jpg",1600,907,false],"thumbnail":["https:\/\/livingmultimediosde.net.ar\/INDEX\/wp-content\/uploads\/2025\/11\/gftre-150x150.jpg",150,150,true],"medium":["https:\/\/livingmultimediosde.net.ar\/INDEX\/wp-content\/uploads\/2025\/11\/gftre-300x170.jpg",300,170,true],"large":["https:\/\/livingmultimediosde.net.ar\/INDEX\/wp-content\/uploads\/2025\/11\/gftre-1024x580.jpg",640,363,true],"1536x1536":["https:\/\/livingmultimediosde.net.ar\/INDEX\/wp-content\/uploads\/2025\/11\/gftre-1536x871.jpg",1536,871,true],"2048x2048":["https:\/\/livingmultimediosde.net.ar\/INDEX\/wp-content\/uploads\/2025\/11\/gftre.jpg",1600,907,false],"post-thumbnail":["https:\/\/livingmultimediosde.net.ar\/INDEX\/wp-content\/uploads\/2025\/11\/gftre-240x172.jpg",240,172,true]},"rttpg_author":{"display_name":"rober","author_link":"https:\/\/livingmultimediosde.net.ar\/INDEX\/author\/rober\/"},"rttpg_comment":0,"rttpg_category":"<a href=\"https:\/\/livingmultimediosde.net.ar\/INDEX\/category\/noticias\/\" rel=\"category tag\">NOTICIAS<\/a>","rttpg_excerpt":"La Municipalidad de la Capital dio comienzo a los trabajos de se\u00f1alizaci\u00f3n y demarcaci\u00f3n de las sendas peatonales y carriles del centro y de las principales avenidas en el marco del programa de ordenamiento del tr\u00e1nsito y de la seguridad vial de la ciudad.Las tareas que se llevan adelante en horario nocturno para evitar inconvenientes&hellip;","_links":{"self":[{"href":"https:\/\/livingmultimediosde.net.ar\/INDEX\/wp-json\/wp\/v2\/posts\/16241","targetHints":{"allow":["GET"]}}],"collection":[{"href":"https:\/\/livingmultimediosde.net.ar\/INDEX\/wp-json\/wp\/v2\/posts"}],"about":[{"href":"https:\/\/livingmultimediosde.net.ar\/INDEX\/wp-json\/wp\/v2\/types\/post"}],"author":[{"embeddable":true,"href":"https:\/\/livingmultimediosde.net.ar\/INDEX\/wp-json\/wp\/v2\/users\/1"}],"replies":[{"embeddable":true,"href":"https:\/\/livingmultimediosde.net.ar\/INDEX\/wp-json\/wp\/v2\/comments?post=16241"}],"version-history":[{"count":1,"href":"https:\/\/livingmultimediosde.net.ar\/INDEX\/wp-json\/wp\/v2\/posts\/16241\/revisions"}],"predecessor-version":[{"id":16243,"href":"https:\/\/livingmultimediosde.net.ar\/INDEX\/wp-json\/wp\/v2\/posts\/16241\/revisions\/16243"}],"wp:featuredmedia":[{"embeddable":true,"href":"https:\/\/livingmultimediosde.net.ar\/INDEX\/wp-json\/wp\/v2\/media\/16242"}],"wp:attachment":[{"href":"https:\/\/livingmultimediosde.net.ar\/INDEX\/wp-json\/wp\/v2\/media?parent=16241"}],"wp:term":[{"taxonomy":"category","embeddable":true,"href":"https:\/\/livingmultimediosde.net.ar\/INDEX\/wp-json\/wp\/v2\/categories?post=16241"},{"taxonomy":"post_tag","embeddable":true,"href":"https:\/\/livingmultimediosde.net.ar\/INDEX\/wp-json\/wp\/v2\/tags?post=16241"}],"curies":[{"name":"wp","href":"https:\/\/api.w.org\/{rel}","templated":true}]}}